{"id":26483,"date":"2023-06-21T13:00:12","date_gmt":"2023-06-21T10:00:12","guid":{"rendered":"http:\/\/akdenizolaygazetesi.com\/?p=26483"},"modified":"2023-06-21T13:00:12","modified_gmt":"2023-06-21T10:00:12","slug":"degerlendirme-toplansi-silifkede-gerceklestirildi","status":"publish","type":"post","link":"https:\/\/akdenizolaygazetesi.com\/?p=26483","title":{"rendered":"De\u011ferlendirme Toplans\u0131 Silifke\u2019de Ger\u00e7ekle\u015ftirildi"},"content":{"rendered":"<p> Silifke Orman \u0130\u015fletme M\u00fcd\u00fcrl\u00fc\u011f\u00fc Bo\u011fsak Yang\u0131n Y\u00f6netim Merkez binas\u0131nda 2023 y\u0131l\u0131 i\u015f programlar\u0131 do\u011frultusunda y\u00fcr\u00fct\u00fclen ormanc\u0131l\u0131k faaliyetlerinin ilk alt\u0131 ayl\u0131k ger\u00e7ekle\u015fmelerinin de\u011ferlendirme toplant\u0131s\u0131 ger\u00e7ekle\u015ftirildi.<\/p>\n<p>\tB\u00f6lge M\u00fcd\u00fcr\u00fcm\u00fcz Mustafa Yal\u00e7\u0131n ba\u015fkanl\u0131\u011f\u0131nda B\u00f6lge M\u00fcd\u00fcr Yard\u0131mc\u0131lar\u0131 Mehmet Fulin, Ya\u015far Yaman Sa\u011flam ve Ali Ki\u015fi, orman i\u015fletme m\u00fcd\u00fcrleri, \u015fube m\u00fcd\u00fcrleri, fidanl\u0131k m\u00fcd\u00fcr\u00fc ve et\u00fct proje ba\u015fm\u00fchendisi kat\u0131l\u0131m\u0131 ile ger\u00e7ekle\u015ftirilen toplant\u0131da;<\/p>\n<p>B\u00f6lge M\u00fcd\u00fcr\u00fc Yal\u00e7\u0131n \u201c2023 y\u0131l\u0131 i\u015f programlar\u0131 do\u011frultusunda y\u00fcr\u00fct\u00fclen ormanc\u0131l\u0131k faaliyetlerini hi\u00e7bir aksakl\u0131\u011fa sebebiyet vermeden ger\u00e7ekle\u015ftirece\u011finizi ve belirtilen eksiklikleri en k\u0131sa s\u00fcrede giderece\u011finizi biliyorum. \u00dclkemizde yaz aylar\u0131n\u0131n gelmesi ile orman yang\u0131nlar\u0131na birinci derecede hassas olan b\u00f6lgemizde orman yang\u0131nlar\u0131 riski artmaktad\u0131r. Orman B\u00f6lge M\u00fcd\u00fcrl\u00fc\u011f\u00fc olarak olas\u0131 bir orman yang\u0131na kar\u015f\u0131 s\u00fcrekli teyakkuz halinde bulunal\u0131m.  Kazas\u0131z ve yang\u0131ns\u0131z bir sezon ge\u00e7irmemizi temenni ediyorum, \u00e7al\u0131\u015fmalar\u0131n\u0131zda ba\u015far\u0131lar diliyorum\u201d dedi.<\/p>\n<p>Orman \u0130\u015fletme M\u00fcd\u00fcrlerinin yapt\u0131klar\u0131 sunumlar ve \u015fube m\u00fcd\u00fcrlerinin sorun ve \u00e7\u00f6z\u00fcm \u00f6nerilerinin ard\u0131nda toplant\u0131 sona erdi.<\/p>\n","protected":false},"excerpt":{"rendered":"<p>Silifke Orman \u0130\u015fletme M\u00fcd\u00fcrl\u00fc\u011f\u00fc Bo\u011fsak Yang\u0131n Y\u00f6netim Merkez binas\u0131nda 2023 y\u0131l\u0131 i\u015f programlar\u0131 do\u011frultusunda y\u00fcr\u00fct\u00fclen ormanc\u0131l\u0131k faaliyetlerinin ilk alt\u0131 ayl\u0131k ger\u00e7ekle\u015fmelerinin de\u011ferlendirme toplant\u0131s\u0131 ger\u00e7ekle\u015ftirildi. B\u00f6lge M\u00fcd\u00fcr\u00fcm\u00fcz Mustafa Yal\u00e7\u0131n ba\u015fkanl\u0131\u011f\u0131nda B\u00f6lge &hellip; <a href=\"https:\/\/akdenizolaygazetesi.com\/?p=26483\" class=\"more-link\">Devam\u0131n\u0131 Oku&#8230;<\/a><\/p>\n","protected":false},"author":2,"featured_media":26484,"comment_status":"open","ping_status":"open","sticky":false,"template":"","format":"standard","meta":[],"categories":[2,3],"tags":[],"_links":{"self":[{"href":"https:\/\/akdenizolaygazetesi.com\/index.php?rest_route=\/wp\/v2\/posts\/26483"}],"collection":[{"href":"https:\/\/akdenizolaygazetesi.com\/index.php?rest_route=\/wp\/v2\/posts"}],"about":[{"href":"https:\/\/akdenizolaygazetesi.com\/index.php?rest_route=\/wp\/v2\/types\/post"}],"author":[{"embeddable":true,"href":"https:\/\/akdenizolaygazetesi.com\/index.php?rest_route=\/wp\/v2\/users\/2"}],"replies":[{"embeddable":true,"href":"https:\/\/akdenizolaygazetesi.com\/index.php?rest_route=%2Fwp%2Fv2%2Fcomments&post=26483"}],"version-history":[{"count":1,"href":"https:\/\/akdenizolaygazetesi.com\/index.php?rest_route=\/wp\/v2\/posts\/26483\/revisions"}],"predecessor-version":[{"id":26485,"href":"https:\/\/akdenizolaygazetesi.com\/index.php?rest_route=\/wp\/v2\/posts\/26483\/revisions\/26485"}],"wp:featuredmedia":[{"embeddable":true,"href":"https:\/\/akdenizolaygazetesi.com\/index.php?rest_route=\/wp\/v2\/media\/26484"}],"wp:attachment":[{"href":"https:\/\/akdenizolaygazetesi.com\/index.php?rest_route=%2Fwp%2Fv2%2Fmedia&parent=26483"}],"wp:term":[{"taxonomy":"category","embeddable":true,"href":"https:\/\/akdenizolaygazetesi.com\/index.php?rest_route=%2Fwp%2Fv2%2Fcategories&post=26483"},{"taxonomy":"post_tag","embeddable":true,"href":"https:\/\/akdenizolaygazetesi.com\/index.php?rest_route=%2Fwp%2Fv2%2Ftags&post=26483"}],"curies":[{"name":"wp","href":"https:\/\/api.w.org\/{rel}","templated":true}]}}