{"id":26486,"date":"2023-06-21T13:01:22","date_gmt":"2023-06-21T10:01:22","guid":{"rendered":"http:\/\/akdenizolaygazetesi.com\/?p=26486"},"modified":"2023-06-21T13:01:22","modified_gmt":"2023-06-21T10:01:22","slug":"mersin-ili-2023-yili-orman-yanginlari-ile-mucadele-masa-basi-tatbikati-gerceklestirildi","status":"publish","type":"post","link":"https:\/\/akdenizolaygazetesi.com\/?p=26486","title":{"rendered":"Mersin \u0130li 2023 Y\u0131l\u0131 Orman Yang\u0131nlar\u0131 \u0130le M\u00fccadele Masa Ba\u015f\u0131 Tatbikat\u0131 Ger\u00e7ekle\u015ftirildi"},"content":{"rendered":"<p>Orman yang\u0131nlar\u0131n\u0131n \u00f6nlenmesine ili\u015fkin faaliyetlerde, AFAD ve Orman B\u00f6lge M\u00fcd\u00fcrl\u00fc\u011f\u00fc ile beraber Orman Yang\u0131lar\u0131 \u0130le M\u00fccadele Masa Ba\u015f\u0131 Tatbikat\u0131, Vali Ali Hamza Pehlivan Ba\u015fkanl\u0131\u011f\u0131nda ger\u00e7ekle\u015ftirildi.<br \/>\nMersin Valili\u011fi Toplant\u0131 salonunda ger\u00e7ekle\u015ftirilen tatbikata Vali Ali Hamza Pehlivan\u2019\u0131n yan\u0131 s\u0131ra, Vali Yard\u0131mc\u0131s\u0131 Alp Eren Y\u0131lmaz ve ilgili 26 kamu kurum ve kurulu\u015flar\u0131n\u0131n yetkilileri ile Mersin Orman B\u00f6lge M\u00fcd\u00fcr\u00fc Mustafa Yal\u00e7\u0131n, B\u00f6lge M\u00fcd\u00fcr Yard\u0131mc\u0131s\u0131 Ali Ki\u015fi, OYM \u015eube M\u00fcd\u00fcr\u00fc Mehmet Alper, Mersin Orman \u0130\u015fletme M\u00fcd\u00fcr\u00fc Kenan \u00c7etin, \u0130\u015fletme M\u00fcd\u00fcr Yard\u0131mc\u0131s\u0131 \u00d6zkan Erba\u015f, \u0130\u015fletme \u015eefleri ve Orman Muhafaza Memurlar\u0131 kat\u0131ld\u0131.<br \/>\nVali Pehlivan toplant\u0131da, \u201c\u0130limizin yakla\u015f\u0131k y\u00fcz \u00f6l\u00e7\u00fcm\u00fcn\u00fcn %53\u2019\u00fcn\u00fc ormanlar olu\u015fturuyor. Orman varl\u0131\u011f\u0131m\u0131z\u0131n bu derece fazla olmas\u0131 sevindirici bir durum. Bununla birlikte yang\u0131nlar a\u00e7\u0131s\u0131ndan da hassasiyet ve risk de art\u0131r\u0131yor. \u00d6zellikle de sahip oldu\u011fumuz orman varl\u0131\u011f\u0131, orman a\u011fa\u00e7 t\u00fcr\u00fc itibari ile de a\u011f\u0131rl\u0131kl\u0131 olarak k\u0131z\u0131l\u00e7am t\u00fcrlerinin olu\u015fu b\u00f6lgede ve ilimizdeki orman yang\u0131n hassasiyetini art\u0131r\u0131yor. Tabi istatiksel olarak bakt\u0131\u011f\u0131m\u0131zda son 10 y\u0131lda 922 orman yang\u0131n\u0131 ger\u00e7ekle\u015fmi\u015f ve bu orman yang\u0131nlar\u0131nda 14.712 ha ormanlar\u0131m\u0131z\u0131 maalesef kaybettik. Akabinde ormanlar\u0131m\u0131zda ekim ve dikim \u00e7al\u0131\u015fmalar\u0131 yap\u0131larak yanan alanlar tekrar a\u011fa\u00e7land\u0131r\u0131l\u0131p ormanlar\u0131n s\u00fcrd\u00fcr\u00fclebilirli\u011fi sa\u011flanmaktad\u0131r. Orman yang\u0131nlar\u0131nda b\u00fcy\u00fck avantaj sa\u011flayan 254 yang\u0131n havuzuna bu y\u0131l 10 adet yang\u0131n havuzu eklemek suretiyle 264\u2019e \u00e7\u0131kacakt\u0131r. Son ya\u011f\u0131\u015flarla birlikte havuzlar\u0131m\u0131zda yeteri kadar sular\u0131m\u0131z mevcut. Yapm\u0131\u015f oldu\u011fumuz tatbikatlar, talimatlar ve kurumlar aras\u0131 i\u015f birlikleri neticesinde orman yang\u0131nlar\u0131na m\u00fcdahale \u015f\u00fcremizi 13 dakikaya kadar indirdik, tabi ki personel ve ara\u00e7 imkanlar\u0131m\u0131z geni\u015fledik\u00e7e ormanlara m\u00fcdahale s\u00fcremizin daha da k\u0131salaca\u011f\u0131na inan\u0131yoruz.  Ormanlar\u0131m\u0131zdaki g\u00f6zetleme kulelerimizde kameralar\u0131m\u0131zla 24 saat izleniyor olmas\u0131n\u0131n yan\u0131 s\u0131ra helikopterlerimizin de deste\u011fiyle yang\u0131nlara m\u00fcdahale h\u0131z\u0131m\u0131z\u0131 artt\u0131r\u0131yor. Yang\u0131nlar\u0131n olmayaca\u011f\u0131 bir sezon temenni ederek ba\u015fta Mersin Orman B\u00f6lge M\u00fcd\u00fcrl\u00fc\u011f\u00fc olmak \u00fczere t\u00fcm i\u015f birli\u011fi yapan kurumlar\u0131m\u0131za te\u015fekk\u00fcr ediyorum.\u201d ifadelerine yer verdi.<br \/>\nTatbikatta haz\u0131rlanan senaryo gere\u011fi Orman B\u00f6lge M\u00fcd\u00fcrl\u00fc\u011f\u00fc taraf\u0131ndan orman yang\u0131nlar\u0131 an\u0131nda yap\u0131lacak m\u00fcdahaleler ve uygulamalar ile ilgili Masa Ba\u015f\u0131 Tatbikat\u0131 ger\u00e7ekle\u015ftirildi.<\/p>\n","protected":false},"excerpt":{"rendered":"<p>Orman yang\u0131nlar\u0131n\u0131n \u00f6nlenmesine ili\u015fkin faaliyetlerde, AFAD ve Orman B\u00f6lge M\u00fcd\u00fcrl\u00fc\u011f\u00fc ile beraber Orman Yang\u0131lar\u0131 \u0130le M\u00fccadele Masa Ba\u015f\u0131 Tatbikat\u0131, Vali Ali Hamza Pehlivan Ba\u015fkanl\u0131\u011f\u0131nda ger\u00e7ekle\u015ftirildi. Mersin Valili\u011fi Toplant\u0131 salonunda ger\u00e7ekle\u015ftirilen &hellip; <a href=\"https:\/\/akdenizolaygazetesi.com\/?p=26486\" class=\"more-link\">Devam\u0131n\u0131 Oku&#8230;<\/a><\/p>\n","protected":false},"author":2,"featured_media":26487,"comment_status":"open","ping_status":"open","sticky":false,"template":"","format":"standard","meta":[],"categories":[2,3],"tags":[],"_links":{"self":[{"href":"https:\/\/akdenizolaygazetesi.com\/index.php?rest_route=\/wp\/v2\/posts\/26486"}],"collection":[{"href":"https:\/\/akdenizolaygazetesi.com\/index.php?rest_route=\/wp\/v2\/posts"}],"about":[{"href":"https:\/\/akdenizolaygazetesi.com\/index.php?rest_route=\/wp\/v2\/types\/post"}],"author":[{"embeddable":true,"href":"https:\/\/akdenizolaygazetesi.com\/index.php?rest_route=\/wp\/v2\/users\/2"}],"replies":[{"embeddable":true,"href":"https:\/\/akdenizolaygazetesi.com\/index.php?rest_route=%2Fwp%2Fv2%2Fcomments&post=26486"}],"version-history":[{"count":1,"href":"https:\/\/akdenizolaygazetesi.com\/index.php?rest_route=\/wp\/v2\/posts\/26486\/revisions"}],"predecessor-version":[{"id":26488,"href":"https:\/\/akdenizolaygazetesi.com\/index.php?rest_route=\/wp\/v2\/posts\/26486\/revisions\/26488"}],"wp:featuredmedia":[{"embeddable":true,"href":"https:\/\/akdenizolaygazetesi.com\/index.php?rest_route=\/wp\/v2\/media\/26487"}],"wp:attachment":[{"href":"https:\/\/akdenizolaygazetesi.com\/index.php?rest_route=%2Fwp%2Fv2%2Fmedia&parent=26486"}],"wp:term":[{"taxonomy":"category","embeddable":true,"href":"https:\/\/akdenizolaygazetesi.com\/index.php?rest_route=%2Fwp%2Fv2%2Fcategories&post=26486"},{"taxonomy":"post_tag","embeddable":true,"href":"https:\/\/akdenizolaygazetesi.com\/index.php?rest_route=%2Fwp%2Fv2%2Ftags&post=26486"}],"curies":[{"name":"wp","href":"https:\/\/api.w.org\/{rel}","templated":true}]}}