{"id":26504,"date":"2023-06-22T12:50:07","date_gmt":"2023-06-22T09:50:07","guid":{"rendered":"http:\/\/akdenizolaygazetesi.com\/?p=26504"},"modified":"2023-06-22T12:52:52","modified_gmt":"2023-06-22T09:52:52","slug":"baskan-secer-hayatimizdan-sevgisizligi-kotulugu-hep-uzaklastiralim","status":"publish","type":"post","link":"https:\/\/akdenizolaygazetesi.com\/?p=26504","title":{"rendered":"BA\u015eKAN SE\u00c7ER: &#8220;HAYATIMIZDAN SEVG\u0130S\u0130ZL\u0130\u011e\u0130, K\u00d6T\u00dcL\u00dc\u011e\u00dc HEP UZAKLA\u015eTIRALIM&#8221;"},"content":{"rendered":"<p>Mersin B\u00fcy\u00fck\u015fehir Belediye Ba\u015fkan\u0131 Vahap Se\u00e7er ve e\u015fi Meral Se\u00e7er, Mersin B\u00fcy\u00fck\u015fehir Belediyesi Kad\u0131n ve Aile Hizmetleri Dairesi Ba\u015fkanl\u0131\u011f\u0131&#8217;n\u0131n &#8217;80&#8217;ler Bulu\u015fmas\u0131&#8217; ile Sa\u011fl\u0131k \u0130\u015fleri Dairesi Ba\u015fkanl\u0131\u011f\u0131&#8217;n\u0131n &#8216;Yaza Merhaba Partisi&#8217; kapsam\u0131nda, ya\u015f alm\u0131\u015f vatanda\u015flarla bir araya geldi. Yakla\u015f\u0131k 300 ya\u015f alm\u0131\u015f kad\u0131n\u0131n kat\u0131ld\u0131\u011f\u0131 etkinlikte; Mersin B\u00fcy\u00fck\u015fehir Belediyesi Sa\u011fl\u0131k \u0130\u015fleri Dairesi Ba\u015fkanl\u0131\u011f\u0131&#8217;n\u0131n Ya\u015fl\u0131 Destek Birimi ile Evde Sa\u011fl\u0131k ve Bak\u0131m Hizmetlerinden faydalanan ya\u015f alm\u0131\u015f vatanda\u015flar da yer ald\u0131 ve g\u00fcn boyunca g\u00f6n\u00fcllerince e\u011flendi.<\/p>\n<p>Etkinlik kapsam\u0131nda, Mersin B\u00fcy\u00fck\u015fehir Belediyesi \u00c7evre Koruma ve Kontrol Dairesi Ba\u015fkanl\u0131\u011f\u0131&#8217;n\u0131n ha\u015fere ile m\u00fccadele kapsam\u0131nda \u00fcretilen aromatik bitkilerin tan\u0131t\u0131m\u0131 ve da\u011f\u0131t\u0131m\u0131 da yap\u0131ld\u0131. Ba\u015fkan Se\u00e7er ve e\u015fi Meral Se\u00e7er de aromatik bitkileri vatanda\u015flara da\u011f\u0131tt\u0131.<\/p>\n<p>Etkinlikte, Sa\u011fl\u0131k \u0130\u015fleri Dairesi Ba\u015fkanl\u0131\u011f\u0131&#8217;n\u0131n kurdu\u011fu stantta da ya\u015f alm\u0131\u015f yurtta\u015flara \u015feker ve tansiyon \u00f6l\u00e7\u00fcmleri yap\u0131ld\u0131. M\u00fczik e\u015fli\u011finde doyas\u0131ya e\u011flenme f\u0131rsat\u0131 bulan ya\u015f alm\u0131\u015flar, B\u00fcy\u00fck\u015fehir sayesinde dolu dolu bir g\u00fcn ge\u00e7irdi, \u015fark\u0131lar s\u00f6yleyip, danslar etti.<\/p>\n<p>Ba\u015fkan Se\u00e7er: &#8220;Hayat\u0131m\u0131zdan sevgisizli\u011fi, k\u00f6t\u00fcl\u00fc\u011f\u00fc hep uzakla\u015ft\u0131ral\u0131m&#8221;<br \/>\nKonu\u015fmas\u0131na &#8220;Sizleri seviyoruz, de\u011ferli buluyoruz&#8221; diyerek ba\u015flayan Ba\u015fkan Vahap Se\u00e7er, etkinli\u011fe kat\u0131lmaktan dolay\u0131 e\u015fi Meral Se\u00e7er ile kendisinin mutluluk duyduklar\u0131n\u0131 s\u00f6yledi. Se\u00e7er, &#8220;Hep g\u00fczellik, mutluluk i\u00e7erisinde olal\u0131m. Hayat\u0131m\u0131zdan sevgisizli\u011fi, k\u00f6t\u00fcl\u00fc\u011f\u00fc hep uzakla\u015ft\u0131ral\u0131m. \u0130nsanlar\u0131 sevelim sayal\u0131m. Nefret, ayr\u0131mc\u0131l\u0131k, k\u00f6t\u00fcl\u00fck, d\u00fc\u015fmanl\u0131k olmas\u0131n. 85 milyon karde\u015f gibi ya\u015fayal\u0131m. Bu \u00fclkede ve Mersin&#8217;imizde neyimiz eksik? Denizimiz, da\u011f\u0131m\u0131z, havam\u0131z, ovam\u0131z, insanlar\u0131m\u0131z g\u00fczel. Mersin&#8217;in insanlar\u0131 \u00e7ok g\u00fczel. Mersin T\u00fcrkiye&#8217;nin bir \u00f6zeti. Mersin dedi\u011fin zaman Hatay da var, Trabzon, Ankara&#8217;da var, \u0130zmir, Diyarbak\u0131r, Van, Erzurum da var. T\u00fcrkiye&#8217;nin her yeri burada. Bu g\u00fczel \u00fclkemizin her noktas\u0131ndan vatanda\u015f\u0131m\u0131z buraya gelmi\u015f, gayet g\u00fczel ve mutluluk i\u00e7erisinde ya\u015f\u0131yor&#8221; dedi.<\/p>\n<p>&#8220;Sizlerin Belediye Ba\u015fkan\u0131 olmaktan gurur duyuyorum&#8221;<\/p>\n<p>Mersin&#8217;in n\u00fcfusunun, T\u00fcrkiye&#8217;nin her yerinden gelen insanlar sayesinde h\u0131zla artt\u0131\u011f\u0131n\u0131 hat\u0131rlatan Ba\u015fkan Se\u00e7er, &#8220;\u0130nsanlar buraya daha iyi e\u011fitim, daha fazla ekmek, daha fazla kazan\u00e7 elde etmek i\u00e7in gelmi\u015f. Mersin de bereketli bir yer. Ben de bu kentin, sizlerin Belediye Ba\u015fkan\u0131 olmaktan gurur duyuyorum&#8221; diye konu\u015ftu.<\/p>\n<p>Mersin halk\u0131n\u0131n \u00e7ok farkl\u0131 doldu\u011funu ve bu fark\u0131 6 \u015eubat&#8217;ta ya\u015fanan deprem sonras\u0131nda uzatt\u0131\u011f\u0131 yard\u0131m eli ile bir kez daha g\u00f6sterdi\u011fini s\u00f6zlerine ekleyen Se\u00e7er, &#8220;Depremde 11 ilde ac\u0131lar ya\u015fad\u0131k ama 11 ilin ya\u015fad\u0131\u011f\u0131 ac\u0131lar\u0131n b\u00fct\u00fcn\u00fcn\u00fc biz Mersin&#8217;de ya\u015fad\u0131k. \u00c7\u00fcnk\u00fc herkes buraya geldi. O karde\u015flerimizi ald\u0131k ba\u011fr\u0131m\u0131za bast\u0131k. Mersin halk\u0131 evine ald\u0131 bu insanlar\u0131, onlara sofra a\u00e7t\u0131. Onlara \u015fefkat elini, sevgi elini uzatt\u0131. Mersin halk\u0131 b\u00f6yle. Onun i\u00e7in \u00e7ok seviyorum Mersin&#8217;i&#8221; ifadelerini kulland\u0131.<\/p>\n<p>&#8220;Ben sizin ba\u015fkan\u0131n\u0131z oldu\u011fum s\u00fcrece sizi hi\u00e7 kimseye muhta\u00e7 etmeyiz&#8221;<\/p>\n<p>Mersin&#8217;de ya\u015fayan her yurtta\u015fa e\u015fit hizmet verebilmek ad\u0131na \u00e7al\u0131\u015ft\u0131klar\u0131n\u0131 s\u00f6yleyen Ba\u015fkan Se\u00e7er, &#8220;Belediye herkese bakacak. Devlet ve kurumlar\u0131, Belediyesi g\u00f6revini yapacak. Bu l\u00fctuf de\u011fil, benim param de\u011fil, hi\u00e7bir bakan\u0131n paras\u0131 de\u011fil; sizlerin paras\u0131. Biz sizi kimseye muhta\u00e7 etmemek i\u00e7in \u00e7al\u0131\u015fmak zorunday\u0131z. Bu bizim g\u00f6revimiz ve g\u00f6revimizi de lay\u0131k\u0131yla yapar\u0131z, hi\u00e7 endi\u015feniz olmas\u0131n. Ben sizin ba\u015fkan\u0131n\u0131z oldu\u011fum s\u00fcrece sizi hi\u00e7 kimseye muhta\u00e7 etmeyiz. Biz b\u00fcy\u00fcklerimizi, vatanda\u015f\u0131m\u0131z\u0131 kendi \u00f6z annemiz, \u00f6z babam\u0131z, \u00f6z akrabam\u0131z gibi koruruz, benimseriz&#8221; dedi.<\/p>\n<p>Kad\u0131n ve Aile Hizmetleri, Sa\u011fl\u0131k \u0130\u015fleri, Sosyal Hizmetler gibi bir\u00e7ok dairenin sosyal hizmet \u00f6ncelikli \u00e7al\u0131\u015ft\u0131\u011f\u0131n\u0131 ifade eden Ba\u015fkan Se\u00e7er, &#8220;\u00dc\u00e7 dairemiz tamamen kad\u0131na, \u00e7ocu\u011fa, hastaya, ya\u015fl\u0131ya, gence, e\u011fitime, sa\u011fl\u0131\u011fa hizmet ediyor. Sizlere hizmet ediyor. Kimsesi kalmam\u0131\u015f amcam\u0131z\u0131, b\u00fcy\u00fckbabam\u0131z\u0131, b\u00fcy\u00fckannemizi ar\u0131yorlar. 700 vatanda\u015f\u0131 her g\u00fcn arayarak, bir \u015feye ihtiyac\u0131 var m\u0131, sa\u011fl\u0131\u011f\u0131 yerinde mi diye soruyorlar&#8221; diye konu\u015ftu.<\/p>\n<p>&#8220;Biz var\u0131z rahat olun. Her zaman yan\u0131n\u0131zday\u0131z&#8221;<\/p>\n<p>\u0130lgilenecek kimsesi olmayan ya\u015f alm\u0131\u015f vatanda\u015flara B\u00fcy\u00fck\u015fehir Belediyesi&#8217;nin verdi\u011fi evde sa\u011fl\u0131k, bak\u0131m, temizlik ve yemek hizmetlerini anlatan Ba\u015fkan Se\u00e7er, &#8220;Bu hizmetler \u00e7ok \u00f6nemli. Hastas\u0131 olan vatanda\u015f daha iyi bilir. Biz var\u0131z rahat olun. Her zaman yan\u0131n\u0131zday\u0131z. Bizim vatanda\u015f\u0131m\u0131z a\u00e7, a\u00e7\u0131k kalamaz&#8221; dedi. Se\u00e7er, merkezde bulunan ve hasta yak\u0131nlar\u0131n\u0131 a\u011f\u0131rlayan Refakat\u00e7i Evi hizmetini de anlatarak, ihtiyac\u0131 olan vatanda\u015flar\u0131n Alo 185&#8217;i arayarak hizmetten faydalanabilece\u011fini kaydetti. Ba\u015fkan Se\u00e7er, &#8220;Bu, yapt\u0131\u011f\u0131m yoldan daha \u00f6nemli. Bir insan ac\u0131 \u00e7ekiyorsa, bir yeri a\u011fr\u0131yorsa, a\u00e7 ise yapt\u0131\u011f\u0131m yolun hi\u00e7bir k\u0131ymeti yok. Bunlara \u00f6nem veriyoruz&#8221; ifadelerine yer verdi.<\/p>\n<p>Belirli aral\u0131klarla kurulan \u00dcretici Kad\u0131n Pazarlar\u0131na vatanda\u015flar\u0131n gitmesini \u00f6neren Ba\u015fkan Se\u00e7er, &#8220;\u00c7ok keyifli, ben bazen gidiyorum. \u00dcreticilerimiz \u00fcr\u00fcnlerini getiriyorlar orada sat\u0131\u015fa sunuyorlar. Bu \u00e7ok \u00f6nemli. \u00c7\u00fcnk\u00fc kad\u0131n\u0131n ekonomik \u00f6zg\u00fcrl\u00fc\u011f\u00fc olursa, eli para tutarsa kendini daha iyi ve daha g\u00fcvende hisseder&#8221; dedi.<\/p>\n<p>&#8220;Kad\u0131nlara her alanda imk\u00e2n a\u00e7al\u0131m&#8221;<br \/>\nUlu \u00d6nder Mustafa Kemal Atat\u00fcrk&#8217;\u00fcn kad\u0131nlara verdi\u011fi de\u011feri ve \u00f6nemi ifade eden Ba\u015fkan Se\u00e7er, &#8221; &#8216;Kad\u0131n okuyacak, kad\u0131n doktor, \u00f6\u011fretmen, m\u00fchendis, sanat\u00e7\u0131 olacak, yurtd\u0131\u015f\u0131na gidecek&#8217;, dedi Atat\u00fcrk. T\u00fcrkiye&#8217;nin ilk kad\u0131n belediye ba\u015fkan\u0131 Mersin&#8217;in. Mersin b\u00f6yle modern bir kent. \u0130lk kad\u0131n belediye ba\u015fkan\u0131 M\u00fcfide \u0130lhan. Ben de \u015fimdi rahmetli ba\u015fkan\u0131m\u0131z\u0131n b\u0131rakt\u0131\u011f\u0131 koltukta oturmaktan ve 3 \u00e7eyrek as\u0131r \u00f6nce bir kad\u0131n\u0131n bu memleketi y\u00f6netmesinden Mersin ad\u0131na gurur duyuyorum. Kad\u0131nlar her yerde olsun istiyoruz. Kad\u0131nlara her alanda imk\u00e2n a\u00e7al\u0131m&#8221; diye konu\u015ftu.<\/p>\n<p>Ba\u015fkan Se\u00e7er, kat\u0131l\u0131mc\u0131lara belediyenin otob\u00fcslerinden, yapt\u0131klar\u0131 yollardan ve \u00e7evre temizli\u011finden memnun olup olmad\u0131klar\u0131n\u0131 sordu. Kentin temizli\u011fini titiz olduklar\u0131 i\u00e7in kad\u0131n personelin yapmas\u0131n\u0131 tercih ettiklerini aktaran Ba\u015fkan Se\u00e7er, &#8220;Sabah\u0131n 6&#8217;s\u0131nda da gelseniz, gecenin 10&#8217;unda da gelseniz park\u0131m\u0131z tertemiz. Sokaklar\u0131m\u0131z tertemiz. Bazen evin penceresinden ya da arabada giderken sokakta g\u00f6r\u00fcyorum; kad\u0131n personelimiz, benim g\u00fczel karde\u015fim soka\u011f\u0131 \u00f6yle bir temizliyor ki, zannedersin evini temizliyor. O kadar hassasiyetle temizliyor&#8221; ifadelerini kulland\u0131.<\/p>\n<p>Mersin&#8217;in temiz olmas\u0131 i\u00e7in kentte ya\u015fayan herkese g\u00f6rev d\u00fc\u015ft\u00fc\u011f\u00fcn\u00fcn alt\u0131n\u0131 \u00e7izen Ba\u015fkan Se\u00e7er, &#8220;Sokaklar\u0131m\u0131z\u0131 temiz tutal\u0131m. Evimizdeki \u00e7\u00f6p\u00fc bir plastik torbaya koyup, \u00e7\u00f6pe g\u00fczelce b\u0131rak\u0131n. Bu kentin temiz olmas\u0131 i\u00e7in hepimize g\u00f6rev d\u00fc\u015f\u00fcyor. Ben zaman\u0131nda temizleyece\u011fim ama siz de m\u00fcmk\u00fcnse kirletmemeye itina g\u00f6stereceksiniz&#8221; dedi.<\/p>\n<p>Etkinlik dolu dolu ge\u00e7ti<\/p>\n<p>Etkinlik kapsam\u0131nda Mersin B\u00fcy\u00fck\u015fehir Belediyesi Kad\u0131n ve Aile Hizmetleri Dairesi Ba\u015fkanl\u0131\u011f\u0131&#8217;n\u0131n &#8216;Kad\u0131n At\u00f6lyeleri El Sanatlar\u0131 Sergisi&#8217; de yer al\u0131rken, Ba\u015fkan Se\u00e7er ve Meral Se\u00e7er, stantlar\u0131 gezdi. Sergide; Mersin B\u00fcy\u00fck\u015fehir Belediyesi b\u00fcnyesinde olu\u015fturulan at\u00f6lyelerden; G\u00f6zne Dokuma At\u00f6lyesi, Gazi \u00c7iftli\u011fi, Ah\u015fap At\u00f6lyesi, R\u00f6lyef At\u00f6lyesi, K\u0131rkyama At\u00f6lyesi, k\u00e2\u011f\u0131t ipten aksesuar yap\u0131m\u0131 at\u00f6lyesinde \u00fcretilen el i\u015flerinin yer ald\u0131\u011f\u0131 eserler sergilendi.<\/p>\n<p>Ba\u015fkan Se\u00e7er ve Meral Se\u00e7er konu\u015fmalar\u0131n ard\u0131ndan ya\u015f alm\u0131\u015f vatanda\u015flarla birlikte yemek yedi. Ba\u015fkan Se\u00e7er&#8217;e s\u00fcrpriz pasta kesimi de yap\u0131l\u0131rken, Ba\u015fkan Se\u00e7er ve Meral Se\u00e7er pastay\u0131 do\u011fum g\u00fcnleri olan 107 ya\u015f\u0131ndaki Zeliha K\u00f6rk\u00fcn ve 106 ya\u015f\u0131ndaki Elif Duman ile birlikte kesti. Ba\u015fkan Se\u00e7er ve Meral Se\u00e7er, 2 ya\u015f alm\u0131\u015f kad\u0131na madalya hediye etti.<\/p>\n<p>Etkinlik kapsam\u0131nda ya\u015f alm\u0131\u015flar ta\u015f ve ah\u015fap boyama, mandala resim boyama, jenga, bileklik at\u00f6lyesi ve sa\u011fl\u0131k i\u00e7in egzersiz yapt\u0131.<\/p>\n<p>Ba\u015fkan Se\u00e7er ve e\u015fi Meral Se\u00e7er &#8216;Kad\u0131n At\u00f6lyeleri El Sanatlar\u0131 Sergisi&#8217;ni de gezdi, eserler hakk\u0131nda bilgi alarak kad\u0131nlarla da sohbet etti. Etkinlik toplu foto\u011fraf \u00e7ekimi ile sona erdi.<\/p>\n<p>Meral Se\u00e7er: &#8220;Kad\u0131nlar\u0131n g\u00fc\u00e7lenmesi i\u00e7in \u00fcretmeleri gerekti\u011fine inan\u0131yorum&#8221;<\/p>\n<p>Mersinden Kad\u0131n Kooperatifi Ba\u015fkan\u0131 Meral Se\u00e7er, kad\u0131nlar\u0131n g\u00fc\u00e7lenmesinin \u00fcretmekten ge\u00e7ti\u011fini belirten Se\u00e7er, &#8220;Bu t\u00fcr kurslar usta \u00f6\u011freticiler taraf\u0131ndan kad\u0131nlar\u0131m\u0131za \u00f6\u011fretildi\u011finde kad\u0131nlar\u0131m\u0131z hem yeni bir i\u015f imkan\u0131 bulabiliyorlar hem sosyalle\u015fiyorlar hem de kendilerini daha iyi hissediyorlar. \u00c7\u00fcnk\u00fc \u00fcretim yap\u0131yorlar. Kad\u0131nlar\u0131n g\u00fc\u00e7lenmesi i\u00e7in \u00fcretmeleri gerekti\u011fine inan\u0131yorum ve bunun da \u00e7al\u0131\u015fmaktan ge\u00e7ece\u011fine sonsuz inanc\u0131m var&#8221; diye konu\u015ftu.<\/p>\n<p>K\u00f6rk\u00fcn: &#8220;\u00c7ok mutluyum, \u00e7ok g\u00fczel ge\u00e7ti&#8221;<\/p>\n<p>Etkinlikte, 107. ya\u015f g\u00fcn\u00fcn\u00fc kutlayan Zeliha K\u00f6rk\u00fcn, Ba\u015fkan Se\u00e7er ve e\u015fi Meral Se\u00e7er&#8217;le birlikte pasta kesmenin mutlulu\u011funu ya\u015fad\u0131\u011f\u0131n\u0131 belirterek, &#8220;Etkinlik \u00e7ok g\u00fczeldi. Bizi getirdiler, her yeri g\u00f6sterip gezdirdiler. Boyama yapt\u0131m, dans ettim. Bitki de ald\u0131m. \u00c7ok mutluyum, \u00e7ok g\u00fczel ge\u00e7ti. Ba\u015fkan\u0131mdan, yan\u0131ma gelen herkesten \u00e7ok memnunum. Onlar benim ba\u015f\u0131m\u0131n tac\u0131 g\u00f6nl\u00fcm\u00fcn ilac\u0131&#8221; dedi.<\/p>\n<p>Tapan: &#8220;D\u00fcnyalar benim oldu&#8221;<\/p>\n<p>Ya\u015f alm\u0131\u015flardan Fatma Tapan ise, &#8220;\u00c7ocuklar\u0131m yurtd\u0131\u015f\u0131nda, bakam\u0131yorlar bana. Ben de Almanya&#8217;dayd\u0131m 1982&#8217;de buraya geldim. \u00c7ocuklar\u0131m orada kald\u0131. Ben de yaln\u0131z kald\u0131m. Ba\u015fkan\u0131ma ba\u015fvurdum. Yeme\u011fi de verdiler, temizli\u011fime de geldiler. Hastal\u0131\u011f\u0131m \u00e7\u0131k\u0131nca evime hasta bak\u0131c\u0131lar geldi&#8221; dedi. Etkinli\u011fi \u00e7ok be\u011fendi\u011fini, belirten Tapan, &#8220;Bizleri b\u00f6yle toplad\u0131lar, unutulmaz bir \u015feydi. Benim i\u00e7in \u00e7ok de\u011fi\u015fiklik oldu. Evde 40 senedir d\u00f6rt duvar\u0131n aras\u0131nda yaln\u0131z\u0131m. Gelip gidenim de yok, fazla tan\u0131d\u0131\u011f\u0131m da yok&#8221; diye konu\u015ftu. Ba\u015fkan Se\u00e7er&#8217;in daha \u00f6nce kendisine \u00e7i\u00e7ek yollad\u0131\u011f\u0131n\u0131 da s\u00f6zlerine ekleyen Tapan, &#8220;Ba\u015fkan\u0131m \u00e7i\u00e7ek yollad\u0131. \u00c7ok g\u00fczeldi, bembeyazd\u0131. Sanki d\u00fcnyalar\u0131 bana verdi. Bana babamdan, evlad\u0131mdan daha \u00e7ok iyilik yapt\u0131. Hi\u00e7 unutamam. &#8216;Allah yard\u0131mc\u0131n olsun, H\u0131z\u0131r yolda\u015f\u0131n olsun, i\u015fin daima rast gitsin.&#8217; diye yazd\u0131m yollad\u0131m ba\u015fkan\u0131ma. Ba\u015fkan\u0131m bana \u00f6yle bir hayat verdi ki. Papatya \u00e7i\u00e7eklerini g\u00f6nderdi. Benim bu d\u00fcnyada hi\u00e7bir \u015feyim yok. O \u00e7i\u00e7e\u011fi g\u00f6nderince d\u00fcnyalar benim oldu&#8221; ifadelerine yer verdi.<\/p>\n<p>Saray: &#8220;Bu ya\u015ftaki insanlara b\u00f6yle bir hizmet vermesi ger\u00e7ekten m\u00fcthi\u015f bir \u015fey&#8221;<\/p>\n<p>Etkinli\u011fe annesi ile birlikte kat\u0131lan Asl\u0131han Saray ise, etkinli\u011fi duyunca kat\u0131lmak istedi\u011fini vurgulayarak, &#8220;Bu ya\u015ftaki insanlara b\u00f6yle bir hizmet vermesi ger\u00e7ekten m\u00fcthi\u015f bir \u015fey. \u0130lk kez b\u00f6yle bir etkinli\u011fe kat\u0131ld\u0131k. Annem 78 ya\u015f\u0131nda. 50 y\u0131ld\u0131r burada ama ilk kez b\u00f6yle bir etkinli\u011fe kat\u0131ld\u0131&#8221; diye konu\u015ftu. Ba\u015fkan Se\u00e7er&#8217;in \u00f6nc\u00fcl\u00fc\u011f\u00fcnde B\u00fcy\u00fck\u015fehir&#8217;in yapt\u0131\u011f\u0131 hizmetleri \u00e7ok g\u00fczel buldu\u011funu s\u00f6yleyen Saray, &#8220;Belediye ba\u015fkan\u0131n\u0131n burada yat\u0131\u011f\u0131 hizmetler \u00e7ok g\u00fczel. Mersin&#8217;de ilk kez bu kadar mutlu oldum. \u00c7evre, d\u00fczenleme, yol olsun. \u00d6nceden y\u00fcr\u00fcy\u00fc\u015f yolu yoktu. \u015eimdiye kadar gelen belediye ba\u015fkanlar\u0131n\u0131n hi\u00e7biri bu kadar \u00f6zenli ve d\u00fczenli \u00e7al\u0131\u015fmam\u0131\u015ft\u0131. Belediye ba\u015fkan\u0131m\u0131z\u0131n, insanlara yakla\u015f\u0131m\u0131 \u00e7ok g\u00fczel. Onla tan\u0131\u015fma f\u0131rsat\u0131 buldum, ger\u00e7ekten muhte\u015fem bir insan&#8221; ifadelerini kulland\u0131.<\/p>\n<p>Etkinli\u011fe kat\u0131lan Yasemin Y\u0131ld\u0131r\u0131m da, &#8220;Etkinlik \u00e7ok g\u00fczeldi, \u00e7ok be\u011fendim. Ba\u015fkan\u0131m\u0131z\u0131n etkinliklerinden de \u00e7ok memnunuz. Hepsi \u00e7ok g\u00fczeldi&#8221; dedi. G\u00f6n\u00fclden dua eden ya\u015f alm\u0131\u015flardan Ay\u015fe Y\u0131ld\u0131z, &#8220;Yeme\u011fimizi, \u00e7ay\u0131m\u0131z\u0131 verdiler. Aromatik bitki ald\u0131k. Beni buraya getirdiler. D\u00fcnya benim oldu, evde bunal\u0131yorum&#8221; dedi.<\/p>\n<p>66 ya\u015f\u0131ndaki Burhan \u0130\u015fbilir de etkinli\u011fi de\u011ferlendirerek, &#8220;Gayet memnunuz. Hi\u00e7 b\u00f6yle bir \u015fey beklemiyorduk ama baya\u011f\u0131 g\u00fczel \u015feyler yap\u0131ld\u0131. Etkinlikten, oynama k\u0131s\u0131mlar\u0131ndan, yemek k\u0131sm\u0131ndan herkes memnun oldu. Bundan sonra da olmas\u0131n\u0131 bekliyoruz. Ba\u015fkan\u0131m\u0131za da te\u015fekk\u00fcr ediyoruz&#8221; dedi.<\/p>\n","protected":false},"excerpt":{"rendered":"<p>Mersin B\u00fcy\u00fck\u015fehir Belediye Ba\u015fkan\u0131 Vahap Se\u00e7er ve e\u015fi Meral Se\u00e7er, Mersin B\u00fcy\u00fck\u015fehir Belediyesi Kad\u0131n ve Aile Hizmetleri Dairesi Ba\u015fkanl\u0131\u011f\u0131&#8217;n\u0131n &#8217;80&#8217;ler Bulu\u015fmas\u0131&#8217; ile Sa\u011fl\u0131k \u0130\u015fleri Dairesi Ba\u015fkanl\u0131\u011f\u0131&#8217;n\u0131n &#8216;Yaza Merhaba Partisi&#8217; kapsam\u0131nda, &hellip; <a href=\"https:\/\/akdenizolaygazetesi.com\/?p=26504\" class=\"more-link\">Devam\u0131n\u0131 Oku&#8230;<\/a><\/p>\n","protected":false},"author":2,"featured_media":26510,"comment_status":"open","ping_status":"open","sticky":false,"template":"","format":"standard","meta":[],"categories":[3],"tags":[],"_links":{"self":[{"href":"https:\/\/akdenizolaygazetesi.com\/index.php?rest_route=\/wp\/v2\/posts\/26504"}],"collection":[{"href":"https:\/\/akdenizolaygazetesi.com\/index.php?rest_route=\/wp\/v2\/posts"}],"about":[{"href":"https:\/\/akdenizolaygazetesi.com\/index.php?rest_route=\/wp\/v2\/types\/post"}],"author":[{"embeddable":true,"href":"https:\/\/akdenizolaygazetesi.com\/index.php?rest_route=\/wp\/v2\/users\/2"}],"replies":[{"embeddable":true,"href":"https:\/\/akdenizolaygazetesi.com\/index.php?rest_route=%2Fwp%2Fv2%2Fcomments&post=26504"}],"version-history":[{"count":2,"href":"https:\/\/akdenizolaygazetesi.com\/index.php?rest_route=\/wp\/v2\/posts\/26504\/revisions"}],"predecessor-version":[{"id":26511,"href":"https:\/\/akdenizolaygazetesi.com\/index.php?rest_route=\/wp\/v2\/posts\/26504\/revisions\/26511"}],"wp:featuredmedia":[{"embeddable":true,"href":"https:\/\/akdenizolaygazetesi.com\/index.php?rest_route=\/wp\/v2\/media\/26510"}],"wp:attachment":[{"href":"https:\/\/akdenizolaygazetesi.com\/index.php?rest_route=%2Fwp%2Fv2%2Fmedia&parent=26504"}],"wp:term":[{"taxonomy":"category","embeddable":true,"href":"https:\/\/akdenizolaygazetesi.com\/index.php?rest_route=%2Fwp%2Fv2%2Fcategories&post=26504"},{"taxonomy":"post_tag","embeddable":true,"href":"https:\/\/akdenizolaygazetesi.com\/index.php?rest_route=%2Fwp%2Fv2%2Ftags&post=26504"}],"curies":[{"name":"wp","href":"https:\/\/api.w.org\/{rel}","templated":true}]}}