{"id":26512,"date":"2023-06-22T12:54:26","date_gmt":"2023-06-22T09:54:26","guid":{"rendered":"http:\/\/akdenizolaygazetesi.com\/?p=26512"},"modified":"2023-06-22T12:54:26","modified_gmt":"2023-06-22T09:54:26","slug":"baskan-gultak-adanalioglunda-gerceklesen-tadilat-ve-peyzaj-calismalarini-yerinde-inceledi","status":"publish","type":"post","link":"https:\/\/akdenizolaygazetesi.com\/?p=26512","title":{"rendered":"Ba\u015fkan G\u00fcltak, Adanal\u0131o\u011flu\u2019nda ger\u00e7ekle\u015fen tadilat ve peyzaj \u00e7al\u0131\u015fmalar\u0131n\u0131 yerinde inceledi"},"content":{"rendered":"<p>Ba\u015fkan G\u00fcltak; kamelya ve oturma gruplar\u0131, spor aletleri, oyun ve ayd\u0131nlatma gruplar\u0131, peyzaj\u0131 ve zemini ile ba\u015ftan sona yenilenerek vatanda\u015flar\u0131n hizmetine sunulan Adanal\u0131o\u011flu Eyl\u00fcl Park\u0131\u2019nda ve yine bir\u00e7ok y\u00f6n\u00fcyle yenilenip tadilattan ge\u00e7en \u015eeyh \u0130brahim Hekim T\u00fcrbesi\u2019nde incelemelerde bulundu.<br \/>\nAkdeniz Belediye Ba\u015fkan\u0131 Mustafa G\u00fcltak, beraberinde Akdeniz Belediye Ba\u015fkan Yard\u0131mc\u0131s\u0131 Mustafa Arslan, Park ve Bah\u00e7eler M\u00fcd\u00fcr\u00fc Mehmet Bahar, Adanal\u0131o\u011flu Mahalle Muhtar\u0131 Kaz\u0131m Can, Akdeniz Mahalle Muhtar\u0131 Cengiz Demir ve Limonlu Mahalle Muhtar\u0131 \u0130sa Sakar ile birlikte, Eyl\u00fcl Park\u0131 ile \u015e\u0131h \u0130brahim Hekim T\u00fcrbesi\u2019ni gezerek buralarda ger\u00e7ekle\u015fen kapsaml\u0131 yenileme \u00e7al\u0131\u015fmalar\u0131n\u0131 yerinde inceledi.<br \/>\n\u201cVatanda\u015flar\u0131m\u0131z\u0131n rahat nefes alabilece\u011fi yemye\u015fil bir alana d\u00f6n\u00fc\u015ft\u00fc\u201d<br \/>\n\u0130ncelemelerinin ard\u0131ndan bir a\u00e7\u0131klama yapan Ba\u015fkan G\u00fcltak; \u201cGer\u00e7ekten daha \u00f6nce buraya park demek i\u00e7in bin \u015fahit gerekiyordu, \u00e7\u00fcnk\u00fc park\u0131m\u0131z \u00e7ok k\u00f6t\u00fc bir haldeydi. Arkada\u015flar\u0131m\u0131z \u00e7ok \u00e7al\u0131\u015ft\u0131. \u00d6nce park\u0131n zeminini ve ye\u015fil alanlar\u0131n\u0131 haz\u0131rlay\u0131p yapt\u0131lar. Sonras\u0131nda yeni oturma banklar\u0131, kamelyalar ve spor aletlerini kurdular, \u00e7\u00f6p kovalar\u0131 ile WC\u2019leri yenilediler. B\u00f6ylece Eyl\u00fcl Park\u0131m\u0131z tertemiz ve eksiksiz bir ye\u015fil alana d\u00f6n\u00fc\u015ft\u00fc. Adanal\u0131o\u011flu\u2019nun nefes alabilece\u011fi alanlardan bir tanesi oldu ki buras\u0131 bayramlar\u0131n kutlanabilece\u011fi, etkinliklerin yap\u0131labilece\u011fi meydan haline de geldi\u201d dedi.<br \/>\n\u201c25 y\u0131ld\u0131r \u00e7\u00f6z\u00fclemeyen \u00e7\u00f6p sorununu \u00e7\u00f6zm\u00fc\u015ft\u00fck\u201d<br \/>\nEyl\u00fcl Park\u0131\u2019n\u0131n hemen g\u00fcneyinde yer alan ormanl\u0131k alan i\u00e7inde ve Adanal\u0131o\u011flu sahili etraf\u0131nda 25 y\u0131ld\u0131r ortadan kald\u0131r\u0131lamayan \u00e7\u00f6p sorununu da \u00e7\u00f6zd\u00fcklerini hat\u0131rlatt\u0131\u011f\u0131 konu\u015fmas\u0131nda Ba\u015fkan G\u00fcltak; \u201cEkiplerimiz taraf\u0131ndan gerek ormanl\u0131k alandaki gerekse sahildeki tonlarca \u00e7\u00f6p ve at\u0131k temizlendi. Sahilimiz tertemiz bir g\u00f6r\u00fcn\u00fcme kavu\u015ftu\u201d diye konu\u015ftu.<br \/>\nBinlerce insan\u0131m\u0131z\u0131n ziyaret etti\u011fi \u015e\u0131h \u0130brahim Hekim T\u00fcrbesi de yenilendi<br \/>\nAkdeniz Belediye Ba\u015fkan\u0131 G\u00fcltak; \u201cPark\u0131n hemen sa\u011f taraf\u0131ndan bulunan ve vatanda\u015flar\u0131n ziyaret etti\u011fi, kurban ve adak gibi ibadetlerini yerine getirdi\u011fi \u015e\u0131h \u0130brahim Hekim T\u00fcrbesi\u2019nin de eksiklerinin ekipler taraf\u0131ndan giderildi\u011fini aktararak; \u201cT\u00fcrbenin, ya\u011fmurlu g\u00fcnlerde su ak\u0131tan \u00e7at\u0131s\u0131 ile birlikte etraf\u0131ndaki 2 katl\u0131 yap\u0131lar\u0131n da i\u00e7i tamamen yenilendi. Adanal\u0131o\u011flu Mahallesi sakinleri ve bu t\u00fcrbe ile ilgilenen hocalar\u0131m\u0131z\u0131n talebi \u00fczerine ba\u015ftan sona bir tadilat ve revizyon i\u015flemi ger\u00e7ekle\u015ftirildi\u201d \u015feklinde konu\u015ftu.<br \/>\n\u201cBir taraf\u0131m\u0131z orman, bir taraf\u0131m\u0131z deniz\u201d<br \/>\nT\u00fcm Mersinlileri, bir taraf\u0131 deniz, di\u011fer taraf\u0131 ormanl\u0131k b\u00f6lge olan bu g\u00fczel yerleri gezip g\u00f6rmeye, \u00f6zellikle de sahili g\u00f6rmeye davet eden Ba\u015fkan G\u00fcltak; \u201cT\u00fcrkiye\u2019nin en g\u00fczel sahillerinden bir tanesi bu b\u00f6lgemizde. Yaz ile birlikte deniz mevsimi geldi. Ailelerinizi al\u0131p bir yandan mesire alanlar\u0131nda piknik yapabilece\u011finiz, di\u011fer yandan da denize girip y\u00fczebilece\u011finiz \u00e7ok g\u00fczel alanlar var. Buray\u0131 ke\u015ffetmenizi ve burada yapt\u0131\u011f\u0131m\u0131z yenilemeyi t\u00fcm Mersinlilerin g\u00f6rmesini isterim\u201d ifadelerini kulland\u0131.<br \/>\n\u00d6te yandan; Adanal\u0131o\u011flu Mahalle Muhtar\u0131 Kaz\u0131m Can ile Akdeniz Mahalle Muhtar\u0131 Cengiz Demir de yapt\u0131klar\u0131 a\u00e7\u0131klamada, hem Eyl\u00fcl Park\u0131\u2019n\u0131n hem de \u015e\u0131h \u0130brahim Hekim T\u00fcrbesi\u2019nin ba\u015ftan sona yenilenmesinden duyduklar\u0131 memnuniyeti dile getirerek, Akdeniz Belediye Ba\u015fkan\u0131 Mustafa G\u00fcltak ile Park ve Bah\u00e7eler M\u00fcd\u00fcrl\u00fc\u011f\u00fc\u2019ne, mahalle sakinleri ad\u0131na te\u015fekk\u00fcrlerini sundu. <\/p>\n","protected":false},"excerpt":{"rendered":"<p>Ba\u015fkan G\u00fcltak; kamelya ve oturma gruplar\u0131, spor aletleri, oyun ve ayd\u0131nlatma gruplar\u0131, peyzaj\u0131 ve zemini ile ba\u015ftan sona yenilenerek vatanda\u015flar\u0131n hizmetine sunulan Adanal\u0131o\u011flu Eyl\u00fcl Park\u0131\u2019nda ve yine bir\u00e7ok y\u00f6n\u00fcyle yenilenip &hellip; <a href=\"https:\/\/akdenizolaygazetesi.com\/?p=26512\" class=\"more-link\">Devam\u0131n\u0131 Oku&#8230;<\/a><\/p>\n","protected":false},"author":2,"featured_media":26513,"comment_status":"open","ping_status":"open","sticky":false,"template":"","format":"standard","meta":[],"categories":[2,3],"tags":[],"_links":{"self":[{"href":"https:\/\/akdenizolaygazetesi.com\/index.php?rest_route=\/wp\/v2\/posts\/26512"}],"collection":[{"href":"https:\/\/akdenizolaygazetesi.com\/index.php?rest_route=\/wp\/v2\/posts"}],"about":[{"href":"https:\/\/akdenizolaygazetesi.com\/index.php?rest_route=\/wp\/v2\/types\/post"}],"author":[{"embeddable":true,"href":"https:\/\/akdenizolaygazetesi.com\/index.php?rest_route=\/wp\/v2\/users\/2"}],"replies":[{"embeddable":true,"href":"https:\/\/akdenizolaygazetesi.com\/index.php?rest_route=%2Fwp%2Fv2%2Fcomments&post=26512"}],"version-history":[{"count":1,"href":"https:\/\/akdenizolaygazetesi.com\/index.php?rest_route=\/wp\/v2\/posts\/26512\/revisions"}],"predecessor-version":[{"id":26514,"href":"https:\/\/akdenizolaygazetesi.com\/index.php?rest_route=\/wp\/v2\/posts\/26512\/revisions\/26514"}],"wp:featuredmedia":[{"embeddable":true,"href":"https:\/\/akdenizolaygazetesi.com\/index.php?rest_route=\/wp\/v2\/media\/26513"}],"wp:attachment":[{"href":"https:\/\/akdenizolaygazetesi.com\/index.php?rest_route=%2Fwp%2Fv2%2Fmedia&parent=26512"}],"wp:term":[{"taxonomy":"category","embeddable":true,"href":"https:\/\/akdenizolaygazetesi.com\/index.php?rest_route=%2Fwp%2Fv2%2Fcategories&post=26512"},{"taxonomy":"post_tag","embeddable":true,"href":"https:\/\/akdenizolaygazetesi.com\/index.php?rest_route=%2Fwp%2Fv2%2Ftags&post=26512"}],"curies":[{"name":"wp","href":"https:\/\/api.w.org\/{rel}","templated":true}]}}