{"id":26524,"date":"2023-06-23T12:57:47","date_gmt":"2023-06-23T09:57:47","guid":{"rendered":"http:\/\/akdenizolaygazetesi.com\/?p=26524"},"modified":"2023-06-23T12:57:47","modified_gmt":"2023-06-23T09:57:47","slug":"akdeniz-belediye-baskani-mustafa-gultak-hasat-gunu-kadinlara-soz-vermisti","status":"publish","type":"post","link":"https:\/\/akdenizolaygazetesi.com\/?p=26524","title":{"rendered":"Akdeniz Belediye Ba\u015fkan\u0131 Mustafa G\u00fcltak, hasat g\u00fcn\u00fc kad\u0131nlara s\u00f6z vermi\u015fti"},"content":{"rendered":"<p>Akdeniz Belediyesi\u2019nin toprakla bulu\u015fturdu\u011fu, ge\u00e7mi\u015fi 10 bin y\u0131la dayanan ata yadig\u00e2r\u0131 Karak\u0131l\u00e7\u0131k Bu\u011fday\u0131n\u0131n hasad\u0131 ve bir b\u00f6l\u00fcm\u00fcn\u00fcn i\u015flenmesinden elde edilen kilolarca un, iki kad\u0131n kooperatifine hediye edildi. T\u00f6rene kat\u0131lan Ba\u015fkan G\u00fcltak, Karak\u0131l\u00e7\u0131k bu\u011fday\u0131 \u00fcretimini gelecek y\u0131l artt\u0131racaklar\u0131n\u0131n, Akdeniz\u2019in daha y\u00fcksek kesimlerindeki topraklar\u0131 da ata tohumuyla bulu\u015fturacaklar\u0131n\u0131n alt\u0131n\u0131 \u00e7izdi.<br \/>\nAkdeniz Belediyesi konferans salonunda ger\u00e7ekle\u015fen t\u00f6rende, Tar\u0131msal Hizmetler M\u00fcd\u00fcrl\u00fc\u011f\u00fc\u2019n\u00fcn, birka\u00e7 ay \u00f6nce Homurlu\u2019da (Yenita\u015fkent) deneme amac\u0131yla toprakla bulu\u015fturdu\u011fu karak\u0131l\u00e7\u0131k bu\u011fday\u0131 tohumundan elde edilen \u00e7uvallar dolusu un, Akdeniz Renkli Eller Kad\u0131n Giri\u015fimi \u00dcretim ve \u0130\u015fletme Kooperatifi ile Ye\u015feren Hayatlar Kooperatifi \u00fcyesi kad\u0131nlara \u00fccretsiz teslim edildi.<br \/>\nBulu\u015fmada bir konu\u015fma yapan Akdeniz Belediye Ba\u015fkan\u0131 M. Mustafa G\u00fcltak, Anadolu\u2019nun ger\u00e7ek bu\u011fday\u0131 olan Karak\u0131l\u00e7\u0131k tohumunun, tamamen katk\u0131s\u0131z, saf ve GDO\u2019suz oldu\u011funu vurgulad\u0131; \u201cKarak\u0131l\u00e7\u0131k bu\u011fday tohumumuz, i\u00e7inde hi\u00e7bir kimyasal\u0131n veya ajan\u0131n olmad\u0131\u011f\u0131 ata yadig\u00e2r\u0131 bir bu\u011fday \u00e7e\u015fidimiz. Ecdad\u0131m\u0131zdan bizlere kalan, ge\u00e7mi\u015fi 10 bin y\u0131la dayanan bu tohumu, i\u015fgal alt\u0131nda olan bir arazimizi \u00f6nce i\u015fgalden kurtar\u0131p sonra da toprakla bulu\u015fturmaktan, bu\u011fday ba\u015faklar\u0131n\u0131 una d\u00f6n\u00fc\u015ft\u00fcr\u00fcp, hasatta s\u00f6z verdi\u011fimiz gibi kad\u0131n kooperatiflerimize teslim etmekten dolay\u0131 mutluyuz, gururluyuz\u201d dedi.<br \/>\n\u201cBir kerelik i\u015f de\u011fil, art\u0131k her y\u0131l ekece\u011fiz\u201d<br \/>\nYapt\u0131klar\u0131 ilk deneme ekimiyle, Akdeniz il\u00e7esinin sahillerinde de karak\u0131l\u00e7\u0131k bu\u011fday\u0131n\u0131 \u00fcretmenin m\u00fcmk\u00fcn oldu\u011funu g\u00f6sterdiklerini kaydeden Ba\u015fkan G\u00fcltak, seneye ise il\u00e7enin rak\u0131m olarak daha y\u00fcksek b\u00f6lgelerde ata tohumunu toprakla bulu\u015fturup, daha y\u00fcksek oranda verim alacaklar\u0131n\u0131 ifade etti. Ba\u015fkan G\u00fcltak; \u201cBu i\u015f b\u00f6yle bir kerelik bir i\u015f de\u011fil. Art\u0131k her y\u0131l ekece\u011fiz ve daha y\u00fcksek verim elde edece\u011fiz. Farkl\u0131 k\u00f6ylerden \u00fcreticiler ve hatta e\u015fim dahi bu\u011fday\u0131m\u0131z\u0131n tohumundan talep etti.<br \/>\nAncak \u00f6ncelikle tohumun \u00fcretimini artt\u0131rmay\u0131 hedefliyoruz. \u00d6ncelikle kad\u0131nlara verdi\u011fimiz s\u00f6z\u00fc ger\u00e7ekle\u015ftirdik. Seneye, k\u00f6ylerde daha fazla verim alabilece\u011fimiz arazileri ekti\u011fimizde, hem kad\u0131nlara verece\u011fimiz un miktar\u0131 artacak, hem de isteyen \u00fcreticilere ata tohumumuzdan vermi\u015f olaca\u011f\u0131z. Gelecek y\u0131l yapaca\u011f\u0131m\u0131z \u00fcretimle, kad\u0131nlar\u0131n belki de 1 y\u0131ll\u0131k un ihtiyac\u0131n\u0131 giderece\u011fiz. Bu sayede kooperatiflerimiz b\u00fcy\u00fck bir maliyet kaleminden de kurtulmu\u015f olacak\u201d ifadelerini kulland\u0131.<br \/>\nAnadolu\u2019nun tamamen katk\u0131s\u0131z bu\u011fday\u0131\u2026<br \/>\nBa\u015fkan G\u00fcltak, ata yadig\u00e2r\u0131 karak\u0131l\u00e7\u0131k bu\u011fday\u0131 tohumunun tamamen saf, katk\u0131s\u0131z ve GDO\u2019suz olmas\u0131 nedeniyle \u00e7ok sa\u011fl\u0131kl\u0131 bir bu\u011fday oldu\u011funa dikkat \u00e7ekerek \u015f\u00f6yle konu\u015ftu; \u201cBu bir \u00f6n deneme idi, bitti. Seneye bunu daha da artt\u0131rarak, hem Akdenizli kad\u0131nlara, hem Akdeniz hem de \u00fclkemize bir fayda sa\u011flam\u0131\u015f olaca\u011f\u0131z. G\u00f6reve geldi\u011fimiz ilk g\u00fcnden beri kad\u0131nlar\u0131 \u00f6nemsiyoruz. \u00c7\u00fcnk\u00fc Akdeniz\u2019in kad\u0131nlar\u0131 unutulmu\u015ftu. Parklar\u0131, bah\u00e7eleri yoktu. Kurulmas\u0131na katk\u0131 sundu\u011fumuz kad\u0131n kooperatiflerimiz b\u00fcy\u00fcd\u00fc ve umdu\u011fumuzdan \u00e7ok daha g\u00fczel yerlere ilerledi.  Bu \u00e7ok \u00f6nemli bir ba\u015far\u0131d\u0131r.\u201d<br \/>\n\u201cKad\u0131nlar\u0131n talebi \u00fczerine k\u00fclt\u00fcr sanat evlerimizin say\u0131s\u0131n\u0131 artt\u0131raca\u011f\u0131z\u201d<br \/>\nAkdenizli kad\u0131nlar\u0131n, k\u00fclt\u00fcr ve sanat evlerinde hem meslek \u00f6\u011frenip spor yapt\u0131\u011f\u0131n\u0131, k\u00fc\u00e7\u00fck \u00e7ocuklar\u0131n\u0131n da buralardaki kre\u015flerde e\u011fitim ald\u0131klar\u0131n\u0131 anlatt\u0131. Ba\u015fkan G\u00fcltak; \u201cAkdenizli kad\u0131nlar, ayr\u0131ca kentimizin ve \u00fclkemizin tarihi ve k\u00fclt\u00fcrel yerlerine ve kamplara geziye gidiyorlar. Kad\u0131nlar ve gen\u00e7lerimiz, hem i\u015f hayat\u0131na girmi\u015f oldular hem de sosyal-k\u00fclt\u00fcrel hayatlar\u0131 de\u011fi\u015fti. \u00d6rne\u011fin 72 ya\u015f\u0131ndaki bir kad\u0131n, k\u00fclt\u00fcr sanat evimizde okuma yazma \u00f6\u011freniyor. Bir di\u011fer \u00e7iftimiz de birlikte kursa gelerek, ayn\u0131 s\u0131rada oturarak okuma-yazma \u00f6\u011freniyor. Hep s\u00f6yledi\u011fim \u00fczere, kad\u0131n mutlu ise aile mutlu olur. Aile mutlu ise toplum mutlu olur. Toplum da mutlu olursa devlet mutlu ve huzurlu olur. Bu anlamda k\u00fclt\u00fcr evlerimizin say\u0131s\u0131n\u0131 da artt\u0131r\u0131yoruz. Zira 3-4 ay i\u00e7inde Akdeniz\u2019de 5-6 tane daha k\u00fclt\u00fcr sanat evi a\u00e7\u0131lacak\u201d ifadelerini kulland\u0131.<br \/>\n\u0130ki kooperatife kilolarca karak\u0131l\u00e7\u0131k bu\u011fday unu hediye edildi<br \/>\nAkdeniz\u2019i de\u011fi\u015ftirip d\u00f6n\u00fc\u015ft\u00fcren yerinde kentsel d\u00f6n\u00fc\u015f\u00fcm projeleri, spor yat\u0131r\u0131mlar\u0131 ve tesisleri, k\u00fclt\u00fcr sanat evleri, yeni yap\u0131lan park ve ye\u015fil alanlar, gen\u00e7ler ile \u00e7ocuklara sunulan e\u011fitim deste\u011fi ve daha bir\u00e7ok hizmet ve projeden bahseden Ba\u015fkan G\u00fcltak, konu\u015fmas\u0131n\u0131n ard\u0131ndan Homurlu\u2019da toprakla bulu\u015fturan atal\u0131k Karak\u0131l\u00e7\u0131k Bu\u011fday\u0131n\u0131n i\u015flenmesinden elde edilen \u00e7uvallar dolusu unu kad\u0131n kooperatiflerine hediye etti. <\/p>\n","protected":false},"excerpt":{"rendered":"<p>Akdeniz Belediyesi\u2019nin toprakla bulu\u015fturdu\u011fu, ge\u00e7mi\u015fi 10 bin y\u0131la dayanan ata yadig\u00e2r\u0131 Karak\u0131l\u00e7\u0131k Bu\u011fday\u0131n\u0131n hasad\u0131 ve bir b\u00f6l\u00fcm\u00fcn\u00fcn i\u015flenmesinden elde edilen kilolarca un, iki kad\u0131n kooperatifine hediye edildi. T\u00f6rene kat\u0131lan Ba\u015fkan &hellip; <a href=\"https:\/\/akdenizolaygazetesi.com\/?p=26524\" class=\"more-link\">Devam\u0131n\u0131 Oku&#8230;<\/a><\/p>\n","protected":false},"author":2,"featured_media":26525,"comment_status":"open","ping_status":"open","sticky":false,"template":"","format":"standard","meta":[],"categories":[2,3],"tags":[],"_links":{"self":[{"href":"https:\/\/akdenizolaygazetesi.com\/index.php?rest_route=\/wp\/v2\/posts\/26524"}],"collection":[{"href":"https:\/\/akdenizolaygazetesi.com\/index.php?rest_route=\/wp\/v2\/posts"}],"about":[{"href":"https:\/\/akdenizolaygazetesi.com\/index.php?rest_route=\/wp\/v2\/types\/post"}],"author":[{"embeddable":true,"href":"https:\/\/akdenizolaygazetesi.com\/index.php?rest_route=\/wp\/v2\/users\/2"}],"replies":[{"embeddable":true,"href":"https:\/\/akdenizolaygazetesi.com\/index.php?rest_route=%2Fwp%2Fv2%2Fcomments&post=26524"}],"version-history":[{"count":1,"href":"https:\/\/akdenizolaygazetesi.com\/index.php?rest_route=\/wp\/v2\/posts\/26524\/revisions"}],"predecessor-version":[{"id":26526,"href":"https:\/\/akdenizolaygazetesi.com\/index.php?rest_route=\/wp\/v2\/posts\/26524\/revisions\/26526"}],"wp:featuredmedia":[{"embeddable":true,"href":"https:\/\/akdenizolaygazetesi.com\/index.php?rest_route=\/wp\/v2\/media\/26525"}],"wp:attachment":[{"href":"https:\/\/akdenizolaygazetesi.com\/index.php?rest_route=%2Fwp%2Fv2%2Fmedia&parent=26524"}],"wp:term":[{"taxonomy":"category","embeddable":true,"href":"https:\/\/akdenizolaygazetesi.com\/index.php?rest_route=%2Fwp%2Fv2%2Fcategories&post=26524"},{"taxonomy":"post_tag","embeddable":true,"href":"https:\/\/akdenizolaygazetesi.com\/index.php?rest_route=%2Fwp%2Fv2%2Ftags&post=26524"}],"curies":[{"name":"wp","href":"https:\/\/api.w.org\/{rel}","templated":true}]}}