{"id":26527,"date":"2023-06-23T13:00:16","date_gmt":"2023-06-23T10:00:16","guid":{"rendered":"http:\/\/akdenizolaygazetesi.com\/?p=26527"},"modified":"2023-06-23T13:00:16","modified_gmt":"2023-06-23T10:00:16","slug":"mersin-buyuksehirden-afet-yonetimi-calistayi","status":"publish","type":"post","link":"https:\/\/akdenizolaygazetesi.com\/?p=26527","title":{"rendered":"MERS\u0130N B\u00dcY\u00dcK\u015eEH\u0130R&#8217;DEN &#8216;AFET Y\u00d6NET\u0130M\u0130 \u00c7ALI\u015eTAYI&#8217;"},"content":{"rendered":"<p>Mersin B\u00fcy\u00fck\u015fehir Belediye Ba\u015fkan\u0131 Vahap Se\u00e7er, Mersin B\u00fcy\u00fck\u015fehir Belediyesi Afet \u0130\u015fleri Dairesi Ba\u015fkanl\u0131\u011f\u0131 taraf\u0131ndan &#8216;Afetlere Kar\u015f\u0131 Yol Haritam\u0131z\u0131 Birlikte Belirlemeye Devam Ediyoruz&#8217; slogan\u0131yla d\u00fczenlenen &#8216;Mersin Afet Y\u00f6netimi \u00c7al\u0131\u015ftay\u0131&#8217;na kat\u0131ld\u0131.<\/p>\n<p>Divan Otel&#8217;de ger\u00e7ekle\u015ftirilen Mersin Afet Y\u00f6netimi \u00c7al\u0131\u015ftay\u0131&#8217;na Mersin B\u00fcy\u00fck\u015fehir Belediye Ba\u015fkan\u0131 Vahap Se\u00e7er, Mezitli Belediye Ba\u015fkan\u0131 Ne\u015fet Tarhan, \u0130stanbul B\u00fcy\u00fck\u015fehir Belediyesi K\u0130PTA\u015e Genel M\u00fcd\u00fcr\u00fc Ali Kurt, Mersin B\u00fcy\u00fck\u015fehir Belediyesi b\u00fcrokratlar\u0131, kamu kurum ve kurulu\u015flar\u0131n\u0131n b\u00fcrokratlar\u0131, akademisyenler, TMMOB&#8217;a ba\u011fl\u0131 odalar, STK&#8217;lar, dernekler, oda ve borsalar\u0131n temsilcileri ile akademisyenler kat\u0131l\u0131m sa\u011flad\u0131. <\/p>\n<p>Se\u00e7er: &#8220;Bilimsel olarak \u00e7ok deprem b\u00f6lgesinde olmad\u0131\u011f\u0131m\u0131z i\u00e7in depremi tam kavrayamam\u0131\u015f\u0131z&#8221;<\/p>\n<p>\u00c7al\u0131\u015ftay\u0131n a\u00e7\u0131l\u0131\u015f\u0131nda konu\u015fan Mersin B\u00fcy\u00fck\u015fehir Belediye Ba\u015fkan\u0131 Vahap Se\u00e7er, \u0130stanbul&#8217;da afet konusunda \u00f6nemli \u00e7al\u0131\u015fmalar yap\u0131ld\u0131\u011f\u0131n\u0131 ve bu yap\u0131lan \u00e7al\u0131\u015fmalardan da yararlanacaklar\u0131n\u0131 ifade etti. Se\u00e7er, &#8220;Zaman yitirmemek i\u00e7in; birikimli yap\u0131lardan, kurumlardan, ki\u015filerden yararlanmak gerekir. Afet, afet sonras\u0131 ortaya \u00e7\u0131kacak felaketler ve afet \u00f6ncesi al\u0131nmas\u0131 gereken tedbirler Mersin i\u00e7in hi\u00e7 d\u00fc\u015f\u00fcn\u00fclmemi\u015f. \u00c7\u00fcnk\u00fc afeti \u00e7ok anlamam\u0131\u015f\u0131z. Bilimsel olarak \u00e7ok deprem b\u00f6lgesinde olmad\u0131\u011f\u0131m\u0131z i\u00e7in depremi tam kavrayamam\u0131\u015f\u0131z&#8221; dedi. <\/p>\n<p>6 \u015eubat depremini t\u00fcm T\u00fcrkiye gibi Mersin&#8217;in de derinden hissetti\u011fini ve en \u00e7ok etkilenen illerin ba\u015f\u0131nda geldi\u011fini s\u00f6yleyen Se\u00e7er, &#8220;Deprem b\u00f6lgesine s\u0131n\u0131r\u0131m\u0131z\u0131n olmas\u0131n\u0131n yan\u0131 s\u0131ra o b\u00f6lgede felakete u\u011fram\u0131\u015f vatanda\u015flar\u0131 b\u00f6lgesine kabul edip misafir eden, ba\u011fr\u0131na basan il olma h\u00fcviyetimiz var. Depremi 11 il derinden ya\u015fad\u0131 ama biz b\u00fct\u00fcn illerin ya\u015fad\u0131\u011f\u0131 ac\u0131y\u0131 burada Mersinliler olarak g\u00f6rd\u00fck. \u00c7\u00fcnk\u00fc o insanlar buradayd\u0131&#8221; diye konu\u015ftu. Afetlere kar\u015f\u0131 haz\u0131rl\u0131kl\u0131 olabilmek i\u00e7in, \u0130stanbul B\u00fcy\u00fck\u015fehir Belediyesi&#8217;nin bug\u00fcne kadar deprem ile ilgili deneyimlerden yararlanman\u0131n en iyi y\u00f6ntem oldu\u011funu d\u00fc\u015f\u00fcnd\u00fcklerini s\u00f6yleyen Se\u00e7er, afet y\u00f6netiminde kamu kurumlar\u0131n\u0131n t\u00fcm akt\u00f6rlerinin i\u015fbirli\u011finin \u00f6nemine dikkat \u00e7ekti.<\/p>\n<p>Ba\u015fkan Se\u00e7er, Afet \u0130\u015fleri Dairesi&#8217;ni yeni kurduklar\u0131n\u0131 fakat 2019&#8217;dan bu yana Mersin B\u00fcy\u00fck\u015fehir Belediyesi&#8217;ndeki t\u00fcm birimlerin bu t\u00fcr \u00e7al\u0131\u015ftaylar\u0131 yapt\u0131klar\u0131n\u0131 s\u00f6yleyerek, &#8220;Buradan \u00e7\u0131kacak sonu\u00e7lar son derece \u00f6nemli. \u00c7\u00fcnk\u00fc bunlar uygulamaya ge\u00e7ecek. Sadece kurdu\u011fumuz daire ba\u015fkanl\u0131\u011f\u0131yla yol alamayaca\u011f\u0131m\u0131z\u0131 biliyoruz. Uygulamaya ge\u00e7memiz laz\u0131m. Mersin; asl\u0131nda \u00e7ok say\u0131da afet olabilecek \u00f6zelliklere haiz bir kent. Co\u011frafya olarak Toroslar&#8217;a yaslanm\u0131\u015f\u0131z, y\u00fcz\u00fcm\u00fcz Akdeniz&#8217;e d\u00f6n\u00fck. \u00d6yle bir yere gelirsiniz ki da\u011fla deniz birle\u015fmi\u015ftir. Yo\u011fun ya\u011fmurlar sel olarak ovay\u0131 al\u0131r, g\u00f6t\u00fcrebilir. Sel riskiniz var, ki zaman zaman Mersin bunu ya\u015fam\u0131\u015ft\u0131r&#8221; ifadelerini kulland\u0131. <\/p>\n<p>&#8220;2020 y\u0131l\u0131ndan beri Mersin&#8217;de sel konusunda s\u0131k\u0131nt\u0131 ya\u015fanmad\u0131&#8221;<\/p>\n<p>Ba\u015fkan Se\u00e7er, 2020 y\u0131l\u0131n\u0131n ba\u015f\u0131nda Mersin&#8217;de \u00f6nemli bir sel felaketinin g\u00f6r\u00fcld\u00fc\u011f\u00fcn\u00fc ancak B\u00fcy\u00fck\u015fehir&#8217;in ve MESK\u0130&#8217;nin \u00e7al\u0131\u015fmalar\u0131yla 2020&#8217;den bu yana Mersin&#8217;de bu konuda s\u0131k\u0131nt\u0131 ya\u015fanmad\u0131\u011f\u0131n\u0131 anlatt\u0131. Se\u00e7er, &#8220;2020&#8217;nin ba\u015f\u0131nda g\u00f6rd\u00fc\u011f\u00fcm\u00fcz afet sonras\u0131 &#8216;\u00d6nce can g\u00fcvenli\u011fi&#8217; dedik ve bu yat\u0131r\u0131mlar\u0131 yapt\u0131k. \u00d6nceden sahili su basard\u0131. 2020&#8217;den bu yana \u00e7ok \u015fiddetli ya\u011f\u0131\u015flar oldu. G\u00f6rd\u00fc\u011f\u00fcn\u00fcz gibi tedbirler al\u0131rsan\u0131z bunlar\u0131 \u00f6nleyebiliyorsunuz. Sel riski ta\u015f\u0131yan b\u00f6lgelerde altyap\u0131lar\u0131 yap\u0131p b\u0131rakmakla i\u015f bitmiyor. E\u011fer gerekli denetimleri, bak\u0131mlar\u0131 yapmazsan\u0131z altyap\u0131n\u0131z da olsa \u015fehrinizi su bas\u0131yor. Biz \u015fehrin altyap\u0131lar\u0131n\u0131 inceledi\u011fimizde g\u00f6rd\u00fc\u011f\u00fcm\u00fcz manzara kar\u015f\u0131s\u0131nda deh\u015fete d\u00fc\u015ft\u00fck. \u00c7\u00fcnk\u00fc bug\u00fcne kadar yeterli bak\u0131m olmad\u0131\u011f\u0131 i\u00e7in b\u00fct\u00fcn sistem t\u0131kanm\u0131\u015f ve y\u00fczey suyunu b\u00fcnyesine al\u0131p denize aktaram\u0131yordu&#8221; \u015feklinde konu\u015ftu. Se\u00e7er, Mersin&#8217;in y\u00fczde 52&#8217;sinin orman alan\u0131 oldu\u011funu s\u00f6yleyerek, &#8220;Mersin orman yang\u0131nlar\u0131n\u0131n da yo\u011fun oldu\u011fu bir yer. Bu y\u00fczden her t\u00fcrl\u00fc afete haz\u0131r bir kent h\u00fcviyetinde olmam\u0131z gerekiyor&#8221; dedi. <\/p>\n<p>&#8220;Bizim gelip, g\u00f6rd\u00fc\u011f\u00fcm\u00fcz ve buldu\u011fumuz itfaiye te\u015fkilat\u0131, bug\u00fcnk\u00fc itfaiye te\u015fkilat\u0131 de\u011fil&#8221;<\/p>\n<p>Afet \u0130\u015fleri Dairesi Ba\u015fkanl\u0131\u011f\u0131&#8217;n\u0131 kurmakla her \u015feyin bitmedi\u011fine dikkat \u00e7eken Ba\u015fkan Se\u00e7er, &#8220;Bizim gelip, g\u00f6rd\u00fc\u011f\u00fcm\u00fcz ve buldu\u011fumuz itfaiye te\u015fkilat\u0131, bug\u00fcnk\u00fc itfaiye te\u015fkilat\u0131 de\u011fil. Hala \u00e7aba sarf ediyoruz. E\u011fitilmi\u015f insan kayna\u011f\u0131ndan, ara\u00e7, ekipman ve kurtarma te\u00e7hizat\u0131na kadar, b\u00fct\u00e7e k\u0131s\u0131tlamas\u0131 yapmadan bunlar\u0131n \u00e7abas\u0131 i\u00e7erisindeyiz&#8221; diye konu\u015ftu. Ba\u015fkan Se\u00e7er, Mersin&#8217;in deprem b\u00f6lgesi olmad\u0131\u011f\u0131n\u0131 ancak Adana&#8217;da ger\u00e7ekle\u015fecek y\u00fcksek \u00f6l\u00e7ekli bir depremde alaca\u011f\u0131 hasar\u0131n b\u00fcy\u00fck olaca\u011f\u0131n\u0131 kaydederek, tedbirleri buna g\u00f6re ald\u0131klar\u0131n\u0131 ifade etti. <\/p>\n<p>&#8220;Depremin etkileri devam ediyor&#8221;<\/p>\n<p>Mersin&#8217;i afetlere haz\u0131r hale getirebilmek i\u00e7in kararl\u0131 bir politika y\u00fcr\u00fct\u00fclmesi gerekti\u011fine dikkat \u00e7eken Se\u00e7er, &#8220;G\u00f6revde kald\u0131\u011f\u0131m s\u00fcrece Mersin&#8217;in bir afet b\u00f6lgesi olmas\u0131 ger\u00e7e\u011finden yola \u00e7\u0131karak bu konudaki \u00e7al\u0131\u015fmalarda kararl\u0131\u011f\u0131m\u0131n devam edece\u011fini Mersin halk\u0131n\u0131n bilmesini istiyorum&#8221; dedi.<br \/>\nDepremin Mersin&#8217;de yaratt\u0131\u011f\u0131 etkilerin aradan ge\u00e7en 4 aya ra\u011fmen hala devam etmekte oldu\u011funa dikkat \u00e7eken Se\u00e7er, Mersin&#8217;in depremle birlikte ald\u0131\u011f\u0131 yo\u011fun g\u00f6\u00e7 sonras\u0131 kentte ya\u015fanabilecek olumsuzluklara kar\u015f\u0131 haz\u0131rl\u0131kl\u0131 olabilmek i\u00e7in bir\u00e7ok toplant\u0131 ve g\u00f6r\u00fc\u015fme ger\u00e7ekle\u015ftirdi\u011fini belirtti. Mersin&#8217;in ald\u0131\u011f\u0131 yo\u011fun g\u00f6\u00e7\u00fcn yol a\u00e7aca\u011f\u0131 komplikasyonlara kar\u015f\u0131 \u00f6nlemler al\u0131nmas\u0131 gerekti\u011fine i\u015faret eden Se\u00e7er, &#8220;Mersin gere\u011finden fazla bir n\u00fcfus y\u00fck\u00fc ta\u015f\u0131yor. Bunun altyap\u0131s\u0131, yolu, di\u011fer kamu hizmetlerini verecek kurum binalar\u0131, okulundan, hastanesine kadar ya\u011fmursuyu hatlar\u0131ndan yoluna kadar yap\u0131lmas\u0131 laz\u0131m&#8221; ifadelerini kulland\u0131.<\/p>\n<p>Kurt: &#8220;Umar\u0131m bu \u00e7al\u0131\u015fmay\u0131 daha geni\u015fleterek Mersin&#8217;i daha dayan\u0131kl\u0131 hale getirebilirsiniz&#8221;<\/p>\n<p>\u00c7al\u0131\u015ftayda, Mersin B\u00fcy\u00fck\u015fehir Belediyesi Afet \u0130\u015fleri Dairesi Ba\u015fkan Vekili Dr. Kemal Zorlu da &#8216;Mersin Afet Eylem Plan\u0131 Yol Haritas\u0131&#8217; ba\u015fl\u0131\u011f\u0131 kapsam\u0131nda sunum ger\u00e7ekle\u015ftirdi. Sunumun ard\u0131ndan konu\u015fan \u0130stanbul B\u00fcy\u00fck\u015fehir Belediyesi K\u0130PTA\u015e Genel M\u00fcd\u00fcr\u00fc Ali Kurt, &#8216;Deprem Diren\u00e7li \u0130stanbul, Tespitler ve \u00c7\u00f6z\u00fcm \u00d6nerileri&#8217; ba\u015fl\u0131kl\u0131 bir sunum ger\u00e7ekle\u015ftirdi. Kurt, sunumda \u0130stanbul ve deprem ger\u00e7e\u011fi, mevcut uygulamalardan \u00e7\u0131kar\u0131lan tespitler, &#8216;\u0130stanbul Yenileniyor&#8217; sisteminin a\u015famalar\u0131, sistem s\u00fcre\u00e7 i\u015fleyi\u015fi, sistem ba\u015fvuru durumu hakk\u0131nda bilgiler verirken, g\u00f6rev s\u00fcresince \u0130stanbul&#8217;da yap\u0131lan kentsel d\u00f6n\u00fc\u015f\u00fcm projeleri, g\u00fc\u00e7lendirme sisteminin hayata ge\u00e7irilmesi, riskli yap\u0131lardan ar\u0131nmak i\u00e7in gerekli ilkeleri anlatt\u0131. Kurt, &#8220;\u0130stanbul Yenileniyor sisteminin Mersin&#8217;de de eski yap\u0131lar\u0131n yenilenmesi konusunda uygulanabilece\u011fini d\u00fc\u015f\u00fcn\u00fcyorum. Mersin&#8217;in de eski yap\u0131 stokunun oldu\u011funu biliyorum. Umar\u0131m bu \u00e7al\u0131\u015fmay\u0131 daha geni\u015fleterek, \u00fcst\u00fcne koyarak Mersin&#8217;i daha dayan\u0131kl\u0131 hale getirebilirsiniz&#8221; dedi. <\/p>\n","protected":false},"excerpt":{"rendered":"<p>Mersin B\u00fcy\u00fck\u015fehir Belediye Ba\u015fkan\u0131 Vahap Se\u00e7er, Mersin B\u00fcy\u00fck\u015fehir Belediyesi Afet \u0130\u015fleri Dairesi Ba\u015fkanl\u0131\u011f\u0131 taraf\u0131ndan &#8216;Afetlere Kar\u015f\u0131 Yol Haritam\u0131z\u0131 Birlikte Belirlemeye Devam Ediyoruz&#8217; slogan\u0131yla d\u00fczenlenen &#8216;Mersin Afet Y\u00f6netimi \u00c7al\u0131\u015ftay\u0131&#8217;na kat\u0131ld\u0131. Divan &hellip; <a href=\"https:\/\/akdenizolaygazetesi.com\/?p=26527\" class=\"more-link\">Devam\u0131n\u0131 Oku&#8230;<\/a><\/p>\n","protected":false},"author":2,"featured_media":26528,"comment_status":"open","ping_status":"open","sticky":false,"template":"","format":"standard","meta":[],"categories":[1,2,3],"tags":[],"_links":{"self":[{"href":"https:\/\/akdenizolaygazetesi.com\/index.php?rest_route=\/wp\/v2\/posts\/26527"}],"collection":[{"href":"https:\/\/akdenizolaygazetesi.com\/index.php?rest_route=\/wp\/v2\/posts"}],"about":[{"href":"https:\/\/akdenizolaygazetesi.com\/index.php?rest_route=\/wp\/v2\/types\/post"}],"author":[{"embeddable":true,"href":"https:\/\/akdenizolaygazetesi.com\/index.php?rest_route=\/wp\/v2\/users\/2"}],"replies":[{"embeddable":true,"href":"https:\/\/akdenizolaygazetesi.com\/index.php?rest_route=%2Fwp%2Fv2%2Fcomments&post=26527"}],"version-history":[{"count":1,"href":"https:\/\/akdenizolaygazetesi.com\/index.php?rest_route=\/wp\/v2\/posts\/26527\/revisions"}],"predecessor-version":[{"id":26529,"href":"https:\/\/akdenizolaygazetesi.com\/index.php?rest_route=\/wp\/v2\/posts\/26527\/revisions\/26529"}],"wp:featuredmedia":[{"embeddable":true,"href":"https:\/\/akdenizolaygazetesi.com\/index.php?rest_route=\/wp\/v2\/media\/26528"}],"wp:attachment":[{"href":"https:\/\/akdenizolaygazetesi.com\/index.php?rest_route=%2Fwp%2Fv2%2Fmedia&parent=26527"}],"wp:term":[{"taxonomy":"category","embeddable":true,"href":"https:\/\/akdenizolaygazetesi.com\/index.php?rest_route=%2Fwp%2Fv2%2Fcategories&post=26527"},{"taxonomy":"post_tag","embeddable":true,"href":"https:\/\/akdenizolaygazetesi.com\/index.php?rest_route=%2Fwp%2Fv2%2Ftags&post=26527"}],"curies":[{"name":"wp","href":"https:\/\/api.w.org\/{rel}","templated":true}]}}