{"id":26530,"date":"2023-06-23T13:01:42","date_gmt":"2023-06-23T10:01:42","guid":{"rendered":"http:\/\/akdenizolaygazetesi.com\/?p=26530"},"modified":"2023-06-23T13:01:59","modified_gmt":"2023-06-23T10:01:59","slug":"buyuksehir-kariyer-merkezinden-istihdamda-birlik-projesi","status":"publish","type":"post","link":"https:\/\/akdenizolaygazetesi.com\/?p=26530","title":{"rendered":"B\u00dcY\u00dcK\u015eEH\u0130R KAR\u0130YER MERKEZ\u0130&#8217;NDEN \u0130ST\u0130HDAMDA B\u0130RL\u0130K PROJES\u0130"},"content":{"rendered":"\n<p>Mersin B\u00fcy\u00fck\u015fehir Belediyesi Kariyer Merkezi, ba\u015far\u0131l\u0131 \u00e7al\u0131\u015fmalara imza atmaya devam ediyor. \u0130\u015f arayanlara, \u00f6\u011frencilere, gen\u00e7lere ve i\u015fverenlere sunmu\u015f oldu\u011fu rehberlik ve dan\u0131\u015fmanl\u0131k hizmetleri ile fark yaratan merkez, i\u015f d\u00fcnyas\u0131n\u0131n dinamikleri ile de i\u015fbirli\u011fi protokol\u00fcne haz\u0131rlan\u0131yor.<\/p>\n\n\n\n<p>Mersin B\u00fcy\u00fck\u015fehir Belediyesi Kariyer Merkezi koordinasyonunda; Mersin \u00dcniversitesi, Tarsus \u00dcniversitesi, Toros \u00dcniversitesi, \u00c7a\u011f \u00dcniversitesi, Mersin \u0130l Milli E\u011fitim M\u00fcd\u00fcrl\u00fc\u011f\u00fc, Mersin Ticaret ve Sanayi Odas\u0131, MTSO EKAV Vakf\u0131 ve Giri\u015fimci \u0130nsan Kaynaklar\u0131 Derne\u011fi (G\u0130DER\u0130K) i\u015f birli\u011finde hayata ge\u00e7irilen &#8216;<strong>Kariyer Mersin&#8217;&nbsp;<\/strong>projesi; i\u015fverenlere, \u00e7al\u0131\u015fanlara, i\u015f arayanlara, \u00f6\u011frencilere ve \u00e7al\u0131\u015fma hayat\u0131n\u0131n her kademesinde bulunan taraflara \u00e7\u00f6z\u00fcm \u00fcretiyor.<\/p>\n\n\n\n<p>B\u00fcy\u00fck\u015fehir Belediyesi Kariyer Merkezi M\u00fcd\u00fcr\u00fc Serkan \u00d6zada ve B\u00fcy\u00fck\u015fehir Belediyesi Genel Sekreter Yard\u0131mc\u0131s\u0131 Serdal G\u00f6kayaz beraberindeki heyet, kentteki 4 \u00fcniversitenin rekt\u00f6rl\u00fcklerini ziyaret ederek, Kariyer Mersin projesi hakk\u0131nda bilgilendirme yapt\u0131.<\/p>\n\n\n\n<p><strong>Kariyer Mersin Projesi, T\u00fcrkiye&#8217;de \u00f6rnek olacak<\/strong><\/p>\n\n\n\n<p>Mersin B\u00fcy\u00fck\u015fehir Belediyesi koordinasyonunda y\u00fcr\u00fct\u00fclen&nbsp;<strong>&#8216;Kariyer Mersin&#8217;<\/strong>&nbsp;projesi hakk\u0131nda bilgilendirme yapan Kariyer Merkezi M\u00fcd\u00fcr\u00fc Serkan \u00d6zada&nbsp;<strong>&#8216;Kariyer, Mesleki E\u011fitim, Giri\u015fimcilik, Kurumsalla\u015fma, Yeni Nesil \u0130nsan Kaynaklar\u0131 Uygulamalar\u0131&#8217;<\/strong>konular\u0131nda yap\u0131lacak i\u015fbirli\u011fi protokol\u00fcyle, i\u015f d\u00fcnyas\u0131n\u0131n t\u00fcm taraflar\u0131n\u0131 gelece\u011fe haz\u0131rlamak istediklerinin alt\u0131n\u0131 \u00e7izdi.<\/p>\n\n\n\n<p>Kariyer Mersin projesinin; i\u015f arayan ve \u00f6\u011frencilere y\u00f6nelik \u00e7al\u0131\u015fmalar\u0131n yan\u0131nda, i\u015fveren ve \u00e7al\u0131\u015fanlara y\u00f6nelik programlar\u0131 da kapsad\u0131\u011f\u0131n\u0131 dile getiren \u00d6zada; \u00fcniversite, sanayi, kent i\u015fbirli\u011fine, insan kaynaklar\u0131 a\u00e7\u0131s\u0131ndan katk\u0131 sa\u011flayacaklar\u0131n\u0131 ifade etti.<\/p>\n\n\n\n<p>Mersin B\u00fcy\u00fck\u015fehir Belediyesi Genel Sekreter Yard\u0131mc\u0131s\u0131 Serdal G\u00f6kayaz ise, \u00f6zellikle pandemi s\u00fcreci sonras\u0131nda sosyal alanda ve \u00e7al\u0131\u015fma hayat\u0131nda ya\u015fanan de\u011fi\u015fim s\u00fcrecini, Mersin B\u00fcy\u00fck\u015fehir Belediyesi olarak \u00e7ok yak\u0131ndan takip ettiklerini ifade etti.<\/p>\n\n\n\n<p>Geleneksel belediyecilik hizmetlerinin yan\u0131 s\u0131ra, yeni nesil projelerle kente katk\u0131 sa\u011flamay\u0131 hedeflediklerini s\u00f6yleyen G\u00f6kayaz, B\u00fcy\u00fck\u015fehir Kariyer Merkezi \u00f6nc\u00fcl\u00fc\u011f\u00fcnde ger\u00e7ekle\u015ftirilen projenin, i\u015fsizlikle m\u00fccadele konusunda da rol model olaca\u011f\u0131na inand\u0131klar\u0131n\u0131 belirtti.<\/p>\n\n\n\n<p><strong>4 \u00fcniversite rekt\u00f6r\u00fcnden i\u015fbirli\u011fi vurgusu<\/strong><\/p>\n\n\n\n<p>Toros \u00dcniversitesi Rekt\u00f6r\u00fc Prof. Dr. \u00d6mer Ar\u0131\u00f6z; \u00f6zellikle \u00f6\u011frencilere, yeni mezunlara kariyer noktas\u0131nda i\u015f ve staj imkanlar\u0131n\u0131n en \u00fcst seviyeye \u00e7\u0131kar\u0131lmas\u0131 i\u00e7in, Mersin&#8217;de kurumlar aras\u0131 i\u015f birli\u011fi ve koordinasyonun \u00f6nemine de\u011findi.<\/p>\n\n\n\n<p>Kariyer Mersin projesinin, i\u015f g\u00fcc\u00fc piyasas\u0131n\u0131n hem arz hem de talep taraf\u0131na y\u00f6nelik bir proje olmas\u0131 dolay\u0131s\u0131yla, hizmet \u00e7e\u015fitlili\u011fini ve kaliteyi artt\u0131raca\u011f\u0131n\u0131 belirten Prof. Ar\u0131\u00f6z, \u00f6n\u00fcm\u00fczdeki s\u00fcre\u00e7te imzalanmas\u0131 planlanan i\u015fbirli\u011fi protokol\u00fcn\u00fcn, kentimize ve \u00e7al\u0131\u015fma hayat\u0131na hay\u0131rl\u0131 olmas\u0131n\u0131 diledi.<\/p>\n\n\n\n<p>\u00c7a\u011f \u00dcniversitesi Rekt\u00f6r\u00fc Prof. Dr. \u00dcnal Ay, Mersin&#8217;de uzun zamandan beri i\u015fbirli\u011fi halinde \u00e7al\u0131\u015ft\u0131klar\u0131 Kariyer Merkezi&#8217;nin ger\u00e7ekle\u015ftirdi\u011fi \u00e7al\u0131\u015fmalara her t\u00fcrl\u00fc deste\u011fi vermeye haz\u0131r olduklar\u0131n\u0131 belirtti. Yap\u0131lan i\u015fbirli\u011finin gerek \u00f6\u011frenci ve mezunlara, gerekse de kurumlara sa\u011flad\u0131\u011f\u0131 fayda a\u00e7\u0131s\u0131ndan \u00e7ok k\u0131ymetli oldu\u011funu dile getiren Prof. Ay, bundan sonraki s\u00fcre\u00e7te imzalanacak olan i\u015fbirli\u011fi protokol\u00fcne de destek vereceklerini belirtti.<\/p>\n\n\n\n<p>Tarsus \u00dcniversitesi Rekt\u00f6r\u00fc Prof. Dr. Orhan Ayd\u0131n, Kariyer ve Mezun Ofisinin y\u00fcr\u00fctmekte oldu\u011fu faaliyetler hakk\u0131nda bilgiler verdi. \u00d6\u011frencilerin \u00fcniversiteye ilk ad\u0131m at\u0131\u015f\u0131ndan itibaren gerekli mesleki bilgi, beceri ve yetkinliklerle donanmas\u0131n\u0131n yan\u0131 s\u0131ra, kariyer geli\u015fimleri i\u00e7in gerekli becerileri de kazand\u0131rabilmek ad\u0131na y\u00fcr\u00fctmekte olduklar\u0131 proje ve faaliyetlerden \u00f6rnekler sunan Ayd\u0131n; b\u00f6lgedeki \u00f6nemli payda\u015flar\u0131n bir araya geldi\u011fi Kariyer Mersin Projesinin ba\u015far\u0131l\u0131 olmas\u0131 temennilerini payla\u015fan Ayd\u0131n, ziyaretten duydu\u011fu memnuniyeti ifade etti.<\/p>\n\n\n\n<p>Mersin \u00dcniversitesi Rekt\u00f6r\u00fc Prof. Dr. Erol Ya\u015far ise, Mersin&#8217;de ger\u00e7ekle\u015fecek, Mersin&#8217;e fayda sa\u011flayacak her t\u00fcrl\u00fc projeye Mersin \u00dcniversitesi olarak destek olacaklar\u0131n\u0131 belirterek, kurumlar aras\u0131 i\u015fbirli\u011finin \u00f6nemine de\u011findi. Mersin B\u00fcy\u00fck\u015fehir Belediyesi ba\u015fta olmak \u00fczere, kentteki belediyeler, \u00fcniversiteler ve di\u011fer kurumlar ile Mersin&#8217;e katk\u0131 sa\u011flayacak projeler i\u00e7in isti\u015fare halinde olduklar\u0131n\u0131 s\u00f6zlerine ekleyen Prof. Ya\u015far, \u00f6\u011frenci ve mezunlar\u0131n&nbsp;<strong>&#8220;stajlar\u0131, i\u015f ba\u015fvurular\u0131, firmalara eri\u015fimleri ve istihdamlar\u0131&#8221;<\/strong>a\u00e7\u0131s\u0131ndan Kariyer Mersin projesinin f\u0131rsat oldu\u011funu belirtti.<\/p>\n","protected":false},"excerpt":{"rendered":"<p>Mersin B\u00fcy\u00fck\u015fehir Belediyesi Kariyer Merkezi, ba\u015far\u0131l\u0131 \u00e7al\u0131\u015fmalara imza atmaya devam ediyor. \u0130\u015f arayanlara, \u00f6\u011frencilere, gen\u00e7lere ve i\u015fverenlere sunmu\u015f oldu\u011fu rehberlik ve dan\u0131\u015fmanl\u0131k hizmetleri ile fark yaratan merkez, i\u015f d\u00fcnyas\u0131n\u0131n dinamikleri &hellip; <a href=\"https:\/\/akdenizolaygazetesi.com\/?p=26530\" class=\"more-link\">Devam\u0131n\u0131 Oku&#8230;<\/a><\/p>\n","protected":false},"author":2,"featured_media":26531,"comment_status":"open","ping_status":"open","sticky":false,"template":"","format":"standard","meta":[],"categories":[1,2,3],"tags":[],"_links":{"self":[{"href":"https:\/\/akdenizolaygazetesi.com\/index.php?rest_route=\/wp\/v2\/posts\/26530"}],"collection":[{"href":"https:\/\/akdenizolaygazetesi.com\/index.php?rest_route=\/wp\/v2\/posts"}],"about":[{"href":"https:\/\/akdenizolaygazetesi.com\/index.php?rest_route=\/wp\/v2\/types\/post"}],"author":[{"embeddable":true,"href":"https:\/\/akdenizolaygazetesi.com\/index.php?rest_route=\/wp\/v2\/users\/2"}],"replies":[{"embeddable":true,"href":"https:\/\/akdenizolaygazetesi.com\/index.php?rest_route=%2Fwp%2Fv2%2Fcomments&post=26530"}],"version-history":[{"count":2,"href":"https:\/\/akdenizolaygazetesi.com\/index.php?rest_route=\/wp\/v2\/posts\/26530\/revisions"}],"predecessor-version":[{"id":26533,"href":"https:\/\/akdenizolaygazetesi.com\/index.php?rest_route=\/wp\/v2\/posts\/26530\/revisions\/26533"}],"wp:featuredmedia":[{"embeddable":true,"href":"https:\/\/akdenizolaygazetesi.com\/index.php?rest_route=\/wp\/v2\/media\/26531"}],"wp:attachment":[{"href":"https:\/\/akdenizolaygazetesi.com\/index.php?rest_route=%2Fwp%2Fv2%2Fmedia&parent=26530"}],"wp:term":[{"taxonomy":"category","embeddable":true,"href":"https:\/\/akdenizolaygazetesi.com\/index.php?rest_route=%2Fwp%2Fv2%2Fcategories&post=26530"},{"taxonomy":"post_tag","embeddable":true,"href":"https:\/\/akdenizolaygazetesi.com\/index.php?rest_route=%2Fwp%2Fv2%2Ftags&post=26530"}],"curies":[{"name":"wp","href":"https:\/\/api.w.org\/{rel}","templated":true}]}}