{"id":26534,"date":"2023-06-23T13:03:20","date_gmt":"2023-06-23T10:03:20","guid":{"rendered":"http:\/\/akdenizolaygazetesi.com\/?p=26534"},"modified":"2023-06-23T13:03:20","modified_gmt":"2023-06-23T10:03:20","slug":"vali-pehlivandan-tdvye-anlamli-destek","status":"publish","type":"post","link":"https:\/\/akdenizolaygazetesi.com\/?p=26534","title":{"rendered":"Vali Pehlivan\u2019dan TDV\u2019ye Anlaml\u0131 Destek"},"content":{"rendered":"<p>Diyanet \u0130\u015fleri Ba\u015fkanl\u0131\u011f\u0131 ve T\u00fcrkiye Diyanet Vakf\u0131 (TDV) taraf\u0131ndan &#8220;Kurban\u0131n\u0131 Payla\u015f, Karde\u015finle Yak\u0131nla\u015f&#8221; slogan\u0131yla y\u00fcr\u00fct\u00fclen 2023 Y\u0131l\u0131 Vekaletle Kurban Organizasyonu\u2019na Kurban bayram\u0131na say\u0131l\u0131 g\u00fcnler kala Yurt i\u00e7i ve yurt d\u0131\u015f\u0131ndan destek artarak devam ediyor.<br \/>\nBu kapsamda kurban vekaletini TDV Mersin \u015eubesi\u2019ne vererek Vekaletle Kurban Organizasyonu&#8217;na destek olan Mersin Valisi Ali Hamza Pehlivan, &#8220;Vatanda\u015flar\u0131m\u0131z\u0131 T\u00fcrkiye Diyanet Vakf\u0131na ba\u011f\u0131\u015f yapmaya davet ediyorum&#8221; dedi.<br \/>\n\u0130l M\u00fcft\u00fcs\u00fc Vekili Dr. Mehmet Akif Co\u015fkun\u2019u makam\u0131nda kabul eden Vali Pehlivan, vekaletle kurban organizasyonun yurt i\u00e7i ve yurt d\u0131\u015f\u0131 faaliyetleri hakk\u0131nda bilgi ald\u0131.<br \/>\nDr. Co\u015fkun, kurban\u0131n\u0131 TDV&#8217;ye emanet eden Vali Ali Hamza Pehlivan\u2019a desteklerinden dolay\u0131 te\u015fekk\u00fcr ederek, bu anlaml\u0131 ba\u011f\u0131\u015f\u0131n Mersin\u2019li vatanda\u015flar\u0131m\u0131z i\u00e7in rehberlik ve te\u015fvik olaca\u011f\u0131n\u0131 ifade etti.<\/p>\n","protected":false},"excerpt":{"rendered":"<p>Diyanet \u0130\u015fleri Ba\u015fkanl\u0131\u011f\u0131 ve T\u00fcrkiye Diyanet Vakf\u0131 (TDV) taraf\u0131ndan &#8220;Kurban\u0131n\u0131 Payla\u015f, Karde\u015finle Yak\u0131nla\u015f&#8221; slogan\u0131yla y\u00fcr\u00fct\u00fclen 2023 Y\u0131l\u0131 Vekaletle Kurban Organizasyonu\u2019na Kurban bayram\u0131na say\u0131l\u0131 g\u00fcnler kala Yurt i\u00e7i ve yurt d\u0131\u015f\u0131ndan &hellip; <a href=\"https:\/\/akdenizolaygazetesi.com\/?p=26534\" class=\"more-link\">Devam\u0131n\u0131 Oku&#8230;<\/a><\/p>\n","protected":false},"author":2,"featured_media":26535,"comment_status":"open","ping_status":"open","sticky":false,"template":"","format":"standard","meta":[],"categories":[1,2,3],"tags":[],"_links":{"self":[{"href":"https:\/\/akdenizolaygazetesi.com\/index.php?rest_route=\/wp\/v2\/posts\/26534"}],"collection":[{"href":"https:\/\/akdenizolaygazetesi.com\/index.php?rest_route=\/wp\/v2\/posts"}],"about":[{"href":"https:\/\/akdenizolaygazetesi.com\/index.php?rest_route=\/wp\/v2\/types\/post"}],"author":[{"embeddable":true,"href":"https:\/\/akdenizolaygazetesi.com\/index.php?rest_route=\/wp\/v2\/users\/2"}],"replies":[{"embeddable":true,"href":"https:\/\/akdenizolaygazetesi.com\/index.php?rest_route=%2Fwp%2Fv2%2Fcomments&post=26534"}],"version-history":[{"count":1,"href":"https:\/\/akdenizolaygazetesi.com\/index.php?rest_route=\/wp\/v2\/posts\/26534\/revisions"}],"predecessor-version":[{"id":26536,"href":"https:\/\/akdenizolaygazetesi.com\/index.php?rest_route=\/wp\/v2\/posts\/26534\/revisions\/26536"}],"wp:featuredmedia":[{"embeddable":true,"href":"https:\/\/akdenizolaygazetesi.com\/index.php?rest_route=\/wp\/v2\/media\/26535"}],"wp:attachment":[{"href":"https:\/\/akdenizolaygazetesi.com\/index.php?rest_route=%2Fwp%2Fv2%2Fmedia&parent=26534"}],"wp:term":[{"taxonomy":"category","embeddable":true,"href":"https:\/\/akdenizolaygazetesi.com\/index.php?rest_route=%2Fwp%2Fv2%2Fcategories&post=26534"},{"taxonomy":"post_tag","embeddable":true,"href":"https:\/\/akdenizolaygazetesi.com\/index.php?rest_route=%2Fwp%2Fv2%2Ftags&post=26534"}],"curies":[{"name":"wp","href":"https:\/\/api.w.org\/{rel}","templated":true}]}}