{"id":26546,"date":"2023-06-24T18:09:40","date_gmt":"2023-06-24T15:09:40","guid":{"rendered":"http:\/\/akdenizolaygazetesi.com\/?p=26546"},"modified":"2023-06-24T18:09:40","modified_gmt":"2023-06-24T15:09:40","slug":"belediye-spor-kulubunun-uzman-antrenorleri-cocuklara-5-farkli-dalda-kurslar-veriyor","status":"publish","type":"post","link":"https:\/\/akdenizolaygazetesi.com\/?p=26546","title":{"rendered":"Belediye Spor Kul\u00fcb\u00fc\u2019n\u00fcn uzman antren\u00f6rleri \u00e7ocuklara 5 farkl\u0131 dalda kurslar veriyor"},"content":{"rendered":"<p>Akdeniz Belediyesi K\u00fclt\u00fcr ve Sosyal \u0130\u015fler M\u00fcd\u00fcrl\u00fc\u011f\u00fc\u2019ne ba\u011fl\u0131 Belediye Spor Kul\u00fcb\u00fc\u2019n\u00fcn d\u00fczenledi\u011fi \u00fccretsiz yaz okullar\u0131 kurs kay\u0131tlar\u0131 devam ediyor. Bu y\u0131l futbol, basketbol, tenis, jimnastik ve y\u00fczme olmak \u00fczere 5 farkl\u0131 spor dal\u0131nda verilen yaz okulu kurslar\u0131 yo\u011fun ilgi g\u00f6r\u00fcyor.<br \/>\nAkdeniz Belediyesi\u2019nin bu y\u0131l 7-12 ya\u015f aral\u0131\u011f\u0131ndaki \u00e7ocuklar i\u00e7in 5 farkl\u0131 spor dal\u0131nda d\u00fczenledi\u011fi \u00fccretsiz yaz spor okullar\u0131 gelece\u011fin sporcular\u0131n\u0131 bekliyor. 12 Haziran\u2019da ba\u015flayan ba\u015fvurularda futboldaki kontenjan doldu. Basketbol, tenis, jimnastik ve y\u00fczme kurslar\u0131na kay\u0131tlar ise devam ediyor. K\u00fclt\u00fcr ve Sosyal \u0130\u015fler M\u00fcd\u00fcr\u00fc Ali U\u00e7ar, \u00e7ocuklar\u0131n\u0131 kurslara g\u00f6ndermek isteyen ebeveynlerin acele etmesi gerekti\u011fini, \u00e7\u00fcnk\u00fc baz\u0131 kontenjanlar\u0131n dolmak \u00fczere oldu\u011funu ifade etti.<br \/>\n\u201cSpor kurslar\u0131m\u0131za aileler ve \u00e7ocuklar\u0131m\u0131zdan b\u00fcy\u00fck ilgi var\u201d<br \/>\nU\u00e7ar; \u201cBelediyemizin 3 y\u0131ldan beri yaz ve k\u0131\u015f d\u00f6nemlerinde s\u00fcrekli hale getirdi\u011fi, bir\u00e7ok bran\u015fta kendi antren\u00f6rlerimiz taraf\u0131ndan e\u011fitim verilen yaz okulumuzda bu sene 5 farkl\u0131 spor dal\u0131nda hizmet veriyoruz. Basketbol, futbol, tenis, jimnastik ve y\u00fczme alanlar\u0131ndaki kurslar\u0131m\u0131z a\u00e7\u0131ld\u0131. Belediye Ba\u015fkan\u0131m\u0131z Say\u0131n Mustafa G\u00fcltak d\u00f6neminde faaliyete ba\u015flayan yaz spor okullar\u0131m\u0131z; halk\u0131m\u0131z taraf\u0131ndan b\u00fcy\u00fck be\u011feni topluyor. Yaz d\u00f6neminde \u00e7ocuklar\u0131m\u0131z\u0131n etkin, verimli vakit ge\u00e7irebilmeleri i\u00e7in, spora ve sporcu kimli\u011fine b\u00fcr\u00fcnebilmeleri, erdemli ve ahlakl\u0131 bireyler olarak yeti\u015fmeleri i\u00e7in kurslar\u0131m\u0131z ba\u015flad\u0131\u201d dedi.<br \/>\n\u201cKontenjanlar dolmadan ba\u015fvuru yap\u0131lmal\u0131\u201d<br \/>\nBu y\u0131l 12 Haziran 2023 tarihi itibariyle 2022-2023 sezonu yaz kurslar\u0131n\u0131n ba\u015fvurular\u0131n\u0131 almaya ba\u015flad\u0131klar\u0131n\u0131 kaydeden U\u00e7ar; \u201cKurslar i\u00e7in belirli kontenjanlar\u0131m\u0131z var. \u00c7ocuklar\u0131n\u0131 yaz okulunda verdi\u011fimiz spor kurslar\u0131na g\u00f6ndermek isteyen velilerimizin h\u0131zl\u0131ca bize ula\u015fmalar\u0131 gerekiyor.<br \/>\nZira k\u0131sa bir s\u00fcre \u00f6nce ba\u015flayan ba\u015fvuru s\u00fcresine ra\u011fmen, be\u011feni ve halk\u0131m\u0131z\u0131n takdirinden dolay\u0131 kontenjanlar\u0131m\u0131z dolmaya ba\u015flad\u0131. \u00d6rne\u011fin futbolda kontenjan\u0131m\u0131z tamamland\u0131. Y\u00fczme, basketbol, kort tenisi ve jimnastik alan\u0131nda da ailelerimizden, \u00e7ocuklar\u0131n\u0131 yaz okulumuza g\u00f6ndermelerini istiyoruz\u201d diye konu\u015ftu.<\/p>\n<p>Bu y\u0131l yaz okulundaki bran\u015f say\u0131s\u0131 artt\u0131r\u0131ld\u0131<br \/>\nS\u00f6zlerini; \u201c\u00c7ocuklar\u0131m\u0131z, belediyemiz antren\u00f6rleri i\u015fli\u011finde 2 ay boyunca muhte\u015fem tesislerimizde, aile s\u0131cakl\u0131\u011f\u0131 ortam\u0131nda \u00e7ok verimli bir kurs d\u00f6nemi ya\u015f\u0131yorlar\u201d \u015feklinde s\u00fcrd\u00fcren Ali U\u00e7ar, \u015f\u00f6yle konu\u015ftu; \u201cGe\u00e7en y\u0131lki yaz okullar\u0131m\u0131z\u0131 da b\u00fcy\u00fck rakamlara ula\u015farak tamamlam\u0131\u015ft\u0131k. Ge\u00e7en sene; futbol, basketbol ve tenis alanlar\u0131nda 800\u2019\u00fc a\u015fk\u0131n; y\u00fczme alan\u0131nda da bin 500\u2019\u00fc a\u015fk\u0131n \u00e7ocu\u011fumuza kurs verdik. \u00d6n\u00fcm\u00fczdeki senelerde de kurs vermeye devam edece\u011fiz. bu y\u0131l bran\u015flarda \u00e7e\u015fitlili\u011fi de artt\u0131rd\u0131k.<br \/>\nGe\u00e7en y\u0131l jimnastik ve muay thai kurslar\u0131m\u0131z yoktu. Ama hakikaten hem \u00e7ocuklar\u0131m\u0131za hem de il\u00e7emizin spordaki gelece\u011fine katk\u0131 sunmak i\u00e7in imkanlar\u0131m\u0131z\u0131 zorlay\u0131p, bu alanlarda da yaz okullar\u0131m\u0131z\u0131 aktif hale getirdik. \u00c7ocuklar\u0131m\u0131z, yaz okullar\u0131na gelerek hem tatili en verimli \u015fekilde ge\u00e7iriyor, hem de yetenekli olduklar\u0131 spor dallar\u0131nda kendilerini geli\u015ftirebiliyor. \u00c7ocuklar\u0131n\u0131, yaz okulumuza g\u00f6ndermeleri noktas\u0131nda Akdenizli ailelere bir kez daha \u00e7a\u011fr\u0131da bulunuyorum.\u201d<br \/>\nAkdeniz Belediye Spor Kul\u00fcb\u00fc\u2019n\u00fcn organize etti\u011fi \u00fccretsiz yaz spor okullar\u0131na 7-12 ya\u015f aral\u0131\u011f\u0131ndaki \u00e7ocuklar\u0131n\u0131 g\u00f6ndermek isteyen aileler, (05527690805) numaral\u0131 telefon \u00fczerinden de bilgi alabilir.<\/p>\n","protected":false},"excerpt":{"rendered":"<p>Akdeniz Belediyesi K\u00fclt\u00fcr ve Sosyal \u0130\u015fler M\u00fcd\u00fcrl\u00fc\u011f\u00fc\u2019ne ba\u011fl\u0131 Belediye Spor Kul\u00fcb\u00fc\u2019n\u00fcn d\u00fczenledi\u011fi \u00fccretsiz yaz okullar\u0131 kurs kay\u0131tlar\u0131 devam ediyor. Bu y\u0131l futbol, basketbol, tenis, jimnastik ve y\u00fczme olmak \u00fczere 5 &hellip; <a href=\"https:\/\/akdenizolaygazetesi.com\/?p=26546\" class=\"more-link\">Devam\u0131n\u0131 Oku&#8230;<\/a><\/p>\n","protected":false},"author":2,"featured_media":26547,"comment_status":"open","ping_status":"open","sticky":false,"template":"","format":"standard","meta":[],"categories":[2,3,10],"tags":[],"_links":{"self":[{"href":"https:\/\/akdenizolaygazetesi.com\/index.php?rest_route=\/wp\/v2\/posts\/26546"}],"collection":[{"href":"https:\/\/akdenizolaygazetesi.com\/index.php?rest_route=\/wp\/v2\/posts"}],"about":[{"href":"https:\/\/akdenizolaygazetesi.com\/index.php?rest_route=\/wp\/v2\/types\/post"}],"author":[{"embeddable":true,"href":"https:\/\/akdenizolaygazetesi.com\/index.php?rest_route=\/wp\/v2\/users\/2"}],"replies":[{"embeddable":true,"href":"https:\/\/akdenizolaygazetesi.com\/index.php?rest_route=%2Fwp%2Fv2%2Fcomments&post=26546"}],"version-history":[{"count":1,"href":"https:\/\/akdenizolaygazetesi.com\/index.php?rest_route=\/wp\/v2\/posts\/26546\/revisions"}],"predecessor-version":[{"id":26548,"href":"https:\/\/akdenizolaygazetesi.com\/index.php?rest_route=\/wp\/v2\/posts\/26546\/revisions\/26548"}],"wp:featuredmedia":[{"embeddable":true,"href":"https:\/\/akdenizolaygazetesi.com\/index.php?rest_route=\/wp\/v2\/media\/26547"}],"wp:attachment":[{"href":"https:\/\/akdenizolaygazetesi.com\/index.php?rest_route=%2Fwp%2Fv2%2Fmedia&parent=26546"}],"wp:term":[{"taxonomy":"category","embeddable":true,"href":"https:\/\/akdenizolaygazetesi.com\/index.php?rest_route=%2Fwp%2Fv2%2Fcategories&post=26546"},{"taxonomy":"post_tag","embeddable":true,"href":"https:\/\/akdenizolaygazetesi.com\/index.php?rest_route=%2Fwp%2Fv2%2Ftags&post=26546"}],"curies":[{"name":"wp","href":"https:\/\/api.w.org\/{rel}","templated":true}]}}