{"id":26561,"date":"2023-06-28T21:33:27","date_gmt":"2023-06-28T18:33:27","guid":{"rendered":"http:\/\/akdenizolaygazetesi.com\/?p=26561"},"modified":"2023-06-28T21:33:27","modified_gmt":"2023-06-28T18:33:27","slug":"secer-bayram-boyunca-ziyaretlerimizi-surdurecegiz","status":"publish","type":"post","link":"https:\/\/akdenizolaygazetesi.com\/?p=26561","title":{"rendered":"SE\u00c7ER: &#8220;BAYRAM BOYUNCA Z\u0130YARETLER\u0130M\u0130Z\u0130 S\u00dcRD\u00dcRECE\u011e\u0130Z&#8221;"},"content":{"rendered":"<p>Mersin B\u00fcy\u00fck\u015fehir Belediye Ba\u015fkan\u0131 Vahap Se\u00e7er, Cumhuriyet Halk Partisi (CHP) Mersin \u0130l Ba\u015fkanl\u0131\u011f\u0131 taraf\u0131ndan Kurban Bayram\u0131 dolay\u0131s\u0131yla d\u00fczenlenen bayramla\u015fma program\u0131na kat\u0131larak, parti \u00f6rg\u00fct\u00fc ile bayramla\u015ft\u0131.<\/p>\n<p>CHP Mersin \u0130l Ba\u015fkanl\u0131\u011f\u0131&#8217;n\u0131n bah\u00e7esinde d\u00fczenlenen bayramla\u015fma program\u0131na; Mersin B\u00fcy\u00fck\u015fehir Belediye Ba\u015fkan\u0131 Vahap Se\u00e7er, CHP Mersin Milletvekilleri G\u00fclcan K\u0131\u015f ile Hasan Ufuk \u00c7ak\u0131r, CHP Mersin \u0130l Ba\u015fkan\u0131 Koral \u00d6m\u00fcr, CHP Mersin \u0130l Gen\u00e7lik Kollar\u0131 Genel Ba\u015fkan Yard\u0131mc\u0131s\u0131 \u0130zzet K\u0131r\u0131lmaz,<\/p>\n<p>CHP Mersin \u0130l Kad\u0131n Kollar\u0131 Ba\u015fkan\u0131 G\u00fcl\u015fah Y\u0131ld\u0131r\u0131m Gen\u00e7, CHP Mersin \u0130l Gen\u00e7lik Kollar\u0131 Ba\u015fkan\u0131 Alk\u0131m S\u00fcmer, Mersin Sanayici ve \u0130\u015f \u0130nsanlar\u0131 Derne\u011fi (MES\u0130AD) Y\u00f6netim Kurulu Ba\u015fkan\u0131 Hasan Engin, CHP il\u00e7e ba\u015fkanlar\u0131, parti y\u00f6neticileri, Meclis \u00fcyeleri ve \u00e7ok say\u0131da partili kat\u0131l\u0131m sa\u011flad\u0131. Programda; sayg\u0131 duru\u015fu ve \u0130stiklal Mar\u015f\u0131&#8217;n\u0131n ard\u0131ndan konu\u015fmalar b\u00f6l\u00fcm\u00fcne ge\u00e7ildi.<\/p>\n<p>&#8220;Bayram boyunca ziyaretlerimizi s\u00fcrd\u00fcrece\u011fiz&#8221;<\/p>\n<p>Bayramla\u015fma program\u0131nda konu\u015fan Mersin B\u00fcy\u00fck\u015fehir Belediye Ba\u015fkan\u0131 Vahap Se\u00e7er, tatilde ve bayramda e\u015f, dost, akraba ziyaretleri vesilesiyle Mersin&#8217;e gelen insanlarla \u015fehirde dolu dolu bir bayram ge\u00e7irece\u011fini s\u00f6yleyerek, &#8220;Bayram s\u00fcresi boyunca olu\u015facak herhangi bir aksili\u011fe meydan vermemek i\u00e7in belediyemiz gerekli tedbirleri ald\u0131. Biz de, bayram dolay\u0131s\u0131yla \u00f6zellikle n\u00fcfusun yo\u011fun oldu\u011fu yaylalar\u0131, sahil b\u00f6lgelerini ziyarete diyoruz&#8221; dedi. Se\u00e7er, &#8220;Ziyaretleri boyunca hem vatanda\u015fla bayramla\u015fmak hem de belediyenin hizmetleriyle ilgili varsa bir s\u0131k\u0131nt\u0131lar\u0131 onu giderebilmek i\u00e7in ziyaretler ger\u00e7ekle\u015ftiriyoruz&#8221; diye ekledi.<\/p>\n<p>&#8220;Se\u00e7imleri kazanmak istiyorsan\u0131z \u00e7ok \u00e7al\u0131\u015fmal\u0131s\u0131n\u0131z&#8221;<\/p>\n<p>Se\u00e7er, yerel se\u00e7imleri kazanman\u0131n yolunun \u00e7al\u0131\u015fmaktan ge\u00e7ti\u011fini ifade etti. Baz\u0131 \u015fehirlerde belli b\u00f6lgelerin demografik yap\u0131s\u0131n\u0131n belediyelere avantaj sa\u011flad\u0131\u011f\u0131n\u0131 dile getiren Se\u00e7er, &#8220;Mersin&#8217;de Yeni\u015fehir ve Mezitli; Ankara&#8217;da, \u00c7ankaya; \u0130stanbul&#8217;da Kad\u0131k\u00f6y; \u0130zmir B\u00fcy\u00fck\u015fehir ya da Tekirda\u011f&#8217;da gibi. Ancak genele yayd\u0131\u011f\u0131m\u0131zda, Tarsus&#8217;ta veya Mersin&#8217;de se\u00e7im kazanmak istiyorsan\u0131z \u00e7ok \u00e7al\u0131\u015facaks\u0131n\u0131z&#8221; dedi.<\/p>\n<p>&#8220;De\u011fi\u015fim, kafalar de\u011fi\u015fince olur&#8221;<\/p>\n<p>\u0130deolojik s\u00f6ylemlerle se\u00e7im kazanman\u0131n eskide kald\u0131\u011f\u0131n\u0131 aktaran Ba\u015fkan Se\u00e7er, &#8220;Cumhuriyet Halk Partili ve parti i\u00e7inde ya\u015f itibariyle en fazla emek verenlerden ve destek olanlardan biriyim. De\u011fi\u015fim kafalar\u0131 de\u011fi\u015ftirmeden olmaz, insanlar de\u011fi\u015fir ancak kafalar ayn\u0131 kal\u0131rsa de\u011fi\u015fim olmaz&#8221; dedi. Gen\u00e7lik kollar\u0131nda, kad\u0131n kollar\u0131nda daha fazla \u00fcye olmas\u0131 gerekti\u011fini dile getiren Ba\u015fkan Se\u00e7er, e\u011fitimli ve daha g\u00f6rg\u00fcl\u00fc insanlara ihtiya\u00e7 oldu\u011funu vurgulad\u0131. Belediye ba\u015fkan\u0131 olarak milletin ac\u0131lar\u0131n\u0131 bilmeyen, engelli, hasta ve \u015fehrindeki ihtiya\u00e7 sahibi vatanda\u015flar\u0131n\u0131 g\u00f6zetmeyen birinin belediye ba\u015fkan\u0131 olmamas\u0131 gerekti\u011fini belirten Se\u00e7er, &#8220;Kurumlar\u0131n enerjisini almay\u0131n. B\u0131rak\u0131n, ba\u015far\u0131l\u0131 olan insanlar g\u00f6revlerini yapmaya devam etsin&#8221; dedi.<\/p>\n<p>&#8220;Partimizin birli\u011fi bizim i\u00e7in \u00f6nemli&#8221;<\/p>\n<p>CHP kurultay\u0131n\u0131n yakla\u015fan Ba\u015fkanl\u0131k se\u00e7imleriyle ilgili konu\u015fan Se\u00e7er, &#8220;Bu parti sahipsiz de\u011fildir. Bu partiyi biz g\u00fcvenli bir limana al\u0131r\u0131z. Bu i\u015fler s\u00fck\u00fbnetle olur. Kavga ederek veya g\u00fczellemeler yaparak olmaz. Elbette bir de\u011fi\u015fim olacak ama ka\u015f yaparken de g\u00f6z \u00e7\u0131karmayaca\u011f\u0131z. Bu partinin birli\u011fi \u00f6nemli&#8221; dedi. De\u011fi\u015fim gerektiren noktalar\u0131n ak\u0131l \u00e7er\u00e7evesi i\u00e7erisinde de\u011ferlendirilerek yap\u0131lmas\u0131 gerekti\u011fini aktaran Se\u00e7er, &#8220;Parti s\u00f6ylemi, program\u0131, ba\u015fkan\u0131, t\u00fcz\u00fckleri hepsi de\u011fi\u015fir. Ancak benden sonras\u0131 tufan olmaz. Emek veren insanlar\u0131n k\u0131ymetini bilin&#8221; diye konu\u015ftu. Cumhuriyet Halk Partisi Mersin \u00f6rg\u00fctlerine m\u00fcte\u015fekkir oldu\u011funu s\u00f6zlerine ekleyen Ba\u015fkan Se\u00e7er, &#8220;\u00d6rg\u00fctler benim i\u015fim de\u011fil. Ben bu partinin belediye ba\u015fkan\u0131y\u0131m. \u00d6rg\u00fctler; Genel Merkez, Genel Ba\u015fkan ya da \u00f6rg\u00fctlerden sorumlu Genel Ba\u015fkan Yard\u0131mc\u0131s\u0131&#8217;n\u0131n hiyerar\u015fik olarak y\u00f6netimiyle \u00e7al\u0131\u015fmalar\u0131n\u0131 yapar&#8221; dedi.<\/p>\n<p>&#8220;Partim Mersin&#8217;de y\u00fczde 28-30 civar\u0131nda kendi i\u00e7inde oyunu art\u0131rm\u0131\u015f&#8221;<\/p>\n<p>Genel se\u00e7imlerde Mersin&#8217;de Cumhuriyet Halk Partisi&#8217;nin oylar\u0131nda art\u0131\u015f ya\u015fand\u0131\u011f\u0131ndan s\u00f6z eden Ba\u015fkan Se\u00e7er,  &#8220;Mersin&#8217;de rakamsal olarak bak\u0131yorum, nispi olarak de\u011fil, oransal olarak de\u011fil. Yakla\u015f\u0131k partimin oyu her 3 oy, 4 oy olmu\u015f. Yani partim Mersin&#8217;de y\u00fczde 28-30 civar\u0131nda kendi i\u00e7inde oyunu art\u0131rm\u0131\u015f. 300 bin olan oyu 385 binlere kadar ula\u015fm\u0131\u015f. Mersin&#8217;in n\u00fcfusu belli, se\u00e7men say\u0131s\u0131 belli 2018&#8217;den bu yana. 3 milletvekili \u00e7\u0131kar\u0131yorken 5 milletvekiline \u00e7\u0131kard\u0131k. 2002&#8217;li y\u0131llardan bug\u00fcne se\u00e7imlerini inceleyin. 2002 y\u0131l\u0131 \u00f6zel bir y\u0131ld\u0131r, sadece 2 parti baraj\u0131 ge\u00e7mi\u015ftir. Orada oy oran\u0131ndan ziyade partilerin baraj\u0131 ge\u00e7memesi sonucu belirlemi\u015ftir. Y\u00fczde 34 ile Anayasa&#8217;y\u0131 de\u011fi\u015ftirecek sandalye say\u0131s\u0131na sahip olmu\u015ftur iktidar. Ama o g\u00fcnden sonra ben 2007&#8217;de milletvekili oldum. K\u0131l pay\u0131 4. milletvekilini \u00e7\u0131kartt\u0131k. Gitti geldi, gitti geldi&#8221; diye konu\u015ftu.<\/p>\n<p>2011&#8217;de milletvekili aday\u0131 oldu\u011funu ve milletvekili se\u00e7ildi\u011fini hat\u0131rlatan Ba\u015fkan Se\u00e7er, &#8220;Ayn\u0131 \u015fekilde 4. s\u0131ray\u0131 gitti geldi \u00e7\u0131kard\u0131k. Geldik 2015 y\u0131l\u0131n\u0131n ilk se\u00e7imine. 3 milletvekilinde kald\u0131. \u00d6n se\u00e7im oldu de\u011fil mi? T\u0131rnak i\u00e7inde deve di\u015fi gibi siyasiler. Ama 3 milletvekilinde kald\u0131 parti. \u015eimdi bir \u015feyi savunurken, bir tezi, sonu\u00e7lar\u0131ndan gitmeniz laz\u0131m. \u00d6n se\u00e7im oldu, dediler hi\u00e7 dokunmayal\u0131m ama 3 milletvekili. Sonra 5 ay sonra konjonkt\u00fcr de\u011fi\u015fti. AK Parti&#8217;nin oyu birden bire 8-9 puan artt\u0131, iktidar oldu. Bizim oyumuz da T\u00fcrkiye genelinde artt\u0131. Burada da artt\u0131. Giden oylar geri geldi, 4 milletvekili oldu. Geldik 2018&#8217;e, tekrar 3 milletvekiline d\u00fc\u015ft\u00fck. Ya zorla 4 olduk, ya 3&#8217;te kald\u0131k. Geldik 2023,&#8217;e. Bunlar\u0131 anlat\u0131yorum, ekranlar\u0131 ba\u015f\u0131nda dinleyen partililerim de l\u00fctfen iyi dinlesin. O gemide, Cumhuriyet Halk Partisi gemisinde kendileri de var. \u015eimdi kongre s\u00fcrecine gidiyoruz. Dezenformasyonlar\u0131, yanl\u0131\u015f bilgilendirmeleri, yanl\u0131\u015f propagandalara kulak asmas\u0131nlar diye. 5 milletvekilini bu parti \u00e7ok rahat bir \u015fekilde \u00e7\u0131kard\u0131 m\u0131? Git gel olmadan. 6 git gel olabilirdi. Biraz daha bir \u015feyler olsayd\u0131, bir dip dalgas\u0131, bir Ankara esintisi, s\u00f6ylem esintisi. Parti bu duruma geldi mi? Ben \u00f6rg\u00fct\u00fcm\u00fcze te\u015fekk\u00fcr ediyorum&#8221; ifadelerine yer verdi.<\/p>\n<p>&#8220;T\u0131k\u0131r t\u0131k\u0131r bir se\u00e7im s\u00fcreci ge\u00e7irdiler&#8221;<\/p>\n<p>Mersin \u00f6rg\u00fct\u00fcn\u00fcn \u00e7ok ba\u015far\u0131l\u0131 bir se\u00e7im s\u00fcreci ge\u00e7irdi\u011finin alt\u0131n\u0131 \u00e7izen Ba\u015fkan Se\u00e7er, &#8220;Kurda ku\u015fa yem olmadan, kimseye muhta\u00e7 olmadan t\u0131k\u0131r t\u0131k\u0131r bir se\u00e7im s\u00fcreci ge\u00e7irdiler. Cumhuriyet Halk Partisi her alanda, a\u00e7\u0131k mecralarda, sokaklarda, her yerde hakimdi kente. Da\u011f\u0131n ba\u015f\u0131nda Cumhuriyet Halk Partisi&#8217;nin Cumhurba\u015fkan\u0131 Aday\u0131 Kemal K\u0131l\u0131\u00e7daro\u011flu&#8217;n\u0131n resimleri vard\u0131. Son derece ba\u015far\u0131l\u0131 bir s\u00fcre\u00e7 ge\u00e7irdiler. Bunlar yatarak olmad\u0131. Gittiler gen\u00e7ler, 1 ay \u00f6nce, 1 bu\u00e7uk ay \u00f6nce kampanyay\u0131 ba\u015flatt\u0131lar. Ald\u0131lar materyalleri, a\u00e7\u0131k hava mecralar\u0131n\u0131 donatt\u0131lar. Bir kere avantaj sa\u011flad\u0131lar. Durum budur. Geldi\u011fimiz noktada Mersin&#8217;de ba\u015far\u0131l\u0131 bir sonu\u00e7tur. Daha iyi olabilirdi. Neden B\u00fcy\u00fck\u015fehir Belediye Ba\u015fkanl\u0131\u011f\u0131 Cumhuriyet Halk Partisi&#8217;nin. Daha fazla i\u015fler, ba\u015far\u0131lar beklemeliyiz. Hi\u00e7bir s\u00f6z\u00fcm yok. Daha fazla \u00e7\u0131tay\u0131 y\u00fckseltmeliyiz. Hedefi y\u00fcksek koymak, morali y\u00fcksek tutmak, ger\u00e7eklerle olmak, \u00e7al\u0131\u015fmak, azmetmek bu partiyi sevmenin ba\u015far\u0131ya giden yoludur. Ben bu kadar s\u00f6yl\u00fcyorum ve de\u011ferlendirmeleri partililerime b\u0131rak\u0131yorum. Elinizi vicdan\u0131n\u0131za koyacaks\u0131n\u0131z, de\u011ferlendireceksiniz&#8221; dedi.<\/p>\n<p>&#8220;Say\u0131n Genel Ba\u015fkan\u0131m\u0131z tabi ki geminin kaptan\u0131d\u0131r&#8221;<\/p>\n<p>T\u00fcrkiye genelindeki se\u00e7im sonu\u00e7lar\u0131n\u0131n beklendi\u011fi gibi olmad\u0131\u011f\u0131ndan s\u00f6z eden Ba\u015fkan Se\u00e7er, &#8220;Say\u0131n Genel Ba\u015fkan\u0131m\u0131z tabi ki geminin kaptan\u0131d\u0131r. &#8216;Ben partimi bu f\u0131rt\u0131nadan sonra g\u00fcvenli bir limana \u00e7\u0131kartaca\u011f\u0131m. Partililerim endi\u015fe etmesin.&#8217; diyor. Kat\u0131l\u0131yorum. Hep beraber \u00e7\u0131kartaca\u011f\u0131z. Kaptan\u0131 yaln\u0131z b\u0131rakamay\u0131z. Hepimiz ele\u015ftirimizi yapaca\u011f\u0131z, \u00f6z ele\u015ftirimizi yapaca\u011f\u0131z. Say\u0131n Genel Ba\u015fkan\u0131m\u0131z da yapacak. Birileri bu geminin kaptanl\u0131\u011f\u0131n\u0131 ben daha iyi yapar\u0131m diyebilir. Bunu derken partimizin birli\u011fine, beraberli\u011fine, dirli\u011fine, hele hele yerel se\u00e7im \u00f6ncesi zarar vermeden bu s\u00f6ylemlerini yapmas\u0131n\u0131 tavsiye ediyorum. Hepiniz kadar ben de partimde hak sahibiyim. Benim kadar sizler de partimde hak sahibisiniz. Bunu unutmay\u0131n. Bug\u00fcn ben belediye ba\u015fkan\u0131y\u0131m, yar\u0131n bir evlad\u0131m\u0131z olacak, bir gen\u00e7 gelecek. Ard\u0131m\u0131zda, bizden sonra bir arkada\u015f\u0131m\u0131z gelecek ya da milletvekillerimizin yerine. Nas\u0131l 13 y\u0131ld\u0131r Say\u0131n Genel Ba\u015fkan, \u00f6nceden rahmetli Say\u0131n Baykal, daha \u00f6nceleri Say\u0131n Ecevit, Say\u0131n \u0130n\u00f6n\u00fc, rahmetlilerden sonra ilk kurucumuz Mustafa Kemal Atat\u00fcrk, ondan sonra ard\u0131llar\u0131 gelmi\u015f, o \u015ferefli koltu\u011fa oturmu\u015fsa hi\u00e7 merak etmeyin bu partinin \u00f6z\u00fcn\u00fc bilen, bu partiyi i\u00e7selle\u015ftirmi\u015f liderler gelir, Atat\u00fcrk&#8217;\u00fcn o koltu\u011funa lay\u0131k olan ki\u015filer oturur. Cumhuriyet Halk Partisi refleksi bunu ger\u00e7ekle\u015ftirir&#8221; diye konu\u015ftu.<\/p>\n<p>&#8220;Son nefesime kadar Cumhuriyet Halk Partisi&#8217;nin emrinde bir nefer olarak \u00e7al\u0131\u015faca\u011f\u0131m&#8221;<\/p>\n<p>Se\u00e7er, son nefesine kadar Cumhuriyet Halk Partisi&#8217;nin emrinde bir nefer olarak \u00e7al\u0131\u015faca\u011f\u0131n\u0131 ifade ederken, &#8220;Ben Mersin B\u00fcy\u00fck\u015fehir Belediye Ba\u015fkan\u0131 olarak, hi\u00e7bir g\u00f6revde olmad\u0131\u011f\u0131m s\u00fcrelerde sade bir Cumhuriyet Halk Partisi \u00fcyesi olarak \u00f6lene kadar, son nefesime kadar bu \u015ferefli 6 Ok&#8217;un, Cumhuriyet Halk Partisi&#8217;nin emrinde bir nefer olarak \u00e7al\u0131\u015faca\u011f\u0131m. Bunu herkes b\u00f6yle bilsin&#8221; dedi.<\/p>\n<p>&#8220;11 B\u00fcy\u00fck\u015fehir&#8217;in Cumhuriyet Halk Partisi olmas\u0131 g\u00fc\u00e7l\u00fc bir kazan\u0131md\u0131r&#8221;<\/p>\n<p>Kongreleri yapacaklar\u0131n\u0131 da s\u00f6zlerine ekleyen Ba\u015fkan Se\u00e7er, il\u00e7e ba\u015fkan\u0131, il ba\u015fkan\u0131 olmak isteyenlerin \u00e7\u0131k\u0131p yar\u0131\u015faca\u011f\u0131n\u0131 aktard\u0131 ve kolay m\u00fccadeleler olmad\u0131\u011f\u0131n\u0131 s\u00f6yledi. Ba\u015fkan Se\u00e7er, &#8220;Ama bunu uygarca ve Cumhuriyet Halk Partisi&#8217;ne yak\u0131\u015f\u0131r \u00f6l\u00e7\u00fclerde yapaca\u011f\u0131z. Dilimize dikkat etmemiz, etraf\u0131 kirletmememiz, zehirlemememiz laz\u0131m. Buna hassasiyet g\u00f6stermemiz laz\u0131m ve daha sonra se\u00e7im sath\u0131 mahalline girece\u011fiz. 11 B\u00fcy\u00fck\u015fehir&#8217;in Cumhuriyet Halk Partisi olmas\u0131, merkezi iktidar kadar g\u00fc\u00e7l\u00fc bir kazan\u0131md\u0131r. 1; bunu asla kaybetmeyece\u011fiz. 2; ilaveler yapaca\u011f\u0131z&#8221; ifadelerini kulland\u0131.<\/p>\n<p>&#8220;Elimizdeki mevzileri asla kaybetmeyiz&#8221;<\/p>\n<p>Partililerine 2018&#8217;i hat\u0131rlamalar\u0131n\u0131 s\u00f6yleyen Ba\u015fkan Se\u00e7er, &#8220;2018&#8217;de 3 vekil \u00e7\u0131kt\u0131, T\u00fcrkiye&#8217;de eh \u015f\u00f6yle b\u00f6yle bir oy oran\u0131 ald\u0131k. \u015eimdikinden 3 puan daha d\u00fc\u015f\u00fckt\u00fc, y\u00fczde 22. Ama aradan 10 ay ge\u00e7tikten sonra T\u00fcrkiye&#8217;de yerel iktidar\u0131 kazand\u0131k. 2018 ko\u015fullar\u0131nda. \u015eimdi daha g\u00fc\u00e7l\u00fcy\u00fcz. Elimizdeki mevzileri asla kaybetmeyiz. 2018&#8217;e g\u00f6re daha g\u00fc\u00e7l\u00fcy\u00fcz tekrar ediyorum. Hem 2023 se\u00e7im sonu\u00e7lar\u0131 hem 11 B\u00fcy\u00fck\u015fehir Belediyesi, il, il\u00e7e belediyeleri 250 belediye. Bunlar yerel iktidard\u0131r, \u00f6nemli g\u00fc\u00e7t\u00fcr. De\u011ferli partililerim diri olun, g\u00fc\u00e7l\u00fc olun, moralinizi y\u00fcksek tutun. Bu parti 1 as\u0131rl\u0131k parti. Bu parti m\u00fccadele sonucu olu\u015fmu\u015f bir parti. Ulusal Kurtulu\u015f Sava\u015f\u0131&#8217;n\u0131n yaratt\u0131\u011f\u0131 bir parti, Mustafa Kemal Atat\u00fcrk&#8217;\u00fcn kurdu\u011fu bir parti. Bu partinin enerjisiyle, bu partinin sinerjisiyle 2024 se\u00e7imlerinde b\u00fct\u00fcn bu kara bulutlar\u0131 da\u011f\u0131taca\u011f\u0131z, f\u0131rt\u0131nay\u0131 dindirece\u011fiz, belediyelerimize yeni belediyeler kataca\u011f\u0131z. Mersin&#8217;de daha \u00e7ok il\u00e7e belediyesi kazanaca\u011f\u0131z. \u0130ddial\u0131 konu\u015fuyoruz partililer olarak. Mersin&#8217;de daha fazla il\u00e7e belediyesi kazanaca\u011f\u0131z. Mersin B\u00fcy\u00fck\u015fehir Belediyesi&#8217;ni daha g\u00fc\u00e7l\u00fc gelerek kazanaca\u011f\u0131z. Buradan da bu bayramda bunun hep beraber s\u00f6z\u00fcn\u00fc almak istiyorum ve bayram\u0131n\u0131z\u0131 kutluyorum. \u00c7olu\u011funuzla \u00e7ocu\u011funuzla, arkada\u015flar\u0131n\u0131zla, dostlar\u0131n\u0131zla daha nice bayramlarda in\u015fallah bu kutsal \u00e7at\u0131 alt\u0131nda Cumhuriyet Halk Partisi \u00e7at\u0131s\u0131 alt\u0131nda bayramlar kutlamak nasip olsun&#8221; dedi.<\/p>\n<p>\u00d6m\u00fcr: &#8220;Birlik ve beraberlik i\u00e7inde oldu\u011fumuz nice bayramlara&#8221;<\/p>\n<p>&#8220;Nice sa\u011fl\u0131kl\u0131, mutlu, birlik ve beraberlik i\u00e7inde ge\u00e7irece\u011fimiz Kurban Bayram\u0131&#8221; diyerek, Mersin halk\u0131n\u0131n Kurban Bayram\u0131&#8217;n\u0131 kutlayan CHP Mersin \u0130l Ba\u015fkan\u0131 Koral \u00d6m\u00fcr, &#8220;Devletin her t\u00fcrl\u00fc olanaklar\u0131n\u0131n muhalefete kar\u015f\u0131 kullan\u0131ld\u0131\u011f\u0131 bir genel se\u00e7im ya\u015fad\u0131k. T\u00fcrkiye&#8217;de art\u0131k bir \u015feyler de\u011fi\u015fiyor, de\u011fi\u015fmeye de devam ediyor. \u0130ktidar art\u0131k eski iktidar de\u011fildir. Bu g\u00fcc\u00fcn kar\u015f\u0131s\u0131nda duracak en b\u00fcy\u00fck g\u00fc\u00e7, halk\u0131n ve milletin yan\u0131ndaki Cumhuriyet Halk Partisidir&#8221; dedi. <\/p>\n<p>&#8220;Yerel se\u00e7imlere h\u0131zl\u0131 bir \u015fekilde b\u00fcy\u00fck bir motivasyonla haz\u0131rlanmal\u0131y\u0131z&#8221;<\/p>\n<p>Yerel se\u00e7imler yakla\u015f\u0131rken bu bilin\u00e7 ve sorumlulukla beraber hareket edilmesi gerekti\u011fini s\u00f6yleyen \u00d6m\u00fcr, &#8220;Partimize zarar vermeden, birlik ve beraberlik i\u00e7erisinde bu olgunlukla yerel se\u00e7imlere gitmemiz gerekiyor. Parti i\u00e7erisinde de\u011ferlendirme toplant\u0131lar\u0131 yap\u0131l\u0131yor. Uzun zamand\u0131r ilk kez il ba\u015fkanlar\u0131 toplant\u0131s\u0131 yap\u0131ld\u0131. Genel ba\u015fkan\u0131m\u0131zla birlikte s\u00fcreci do\u011frudan de\u011ferlendirme, ele\u015ftiri ve \u00f6nerilerimizi iletme ve kendisini dinleme \u015fans\u0131m\u0131z oldu&#8221; diye konu\u015ftu. 2019 yerel se\u00e7imlerinde ba\u015far\u0131 kaydettiklerini dile getiren \u00d6m\u00fcr, genel se\u00e7imleri geride b\u0131rakarak yerel se\u00e7imlere b\u00fcy\u00fck bir motivasyonla haz\u0131rlanmalar\u0131 gerekti\u011fini s\u00f6yledi. Mersin&#8217;deki her bir vatanda\u015f i\u00e7in yerel se\u00e7imleri kazanman\u0131n \u00e7ok \u00f6nemli oldu\u011funu aktaran \u00d6m\u00fcr, &#8220;B\u00fcy\u00fck\u015fehir Belediye Ba\u015fkan\u0131m\u0131za ve il\u00e7e belediyelerimize sahip \u00e7\u0131k\u0131p bu ba\u015far\u0131lar\u0131 daha ileri g\u00f6t\u00fcr\u00fcp, yerel iktidar\u0131m\u0131z\u0131 g\u00fc\u00e7lendirmemiz gerekiyor. Kongre s\u00fcrecini atlatt\u0131ktan sonra yerel se\u00e7imlerde ba\u015far\u0131 elde etmek i\u00e7in h\u0131zl\u0131ca \u00e7al\u0131\u015fmalar\u0131m\u0131za ba\u015flamal\u0131y\u0131z&#8221; dedi.<\/p>\n<p>K\u0131r\u0131lmaz: &#8220;Ba\u015fkan\u0131m\u0131z\u0131n vizyonu, ba\u015far\u0131s\u0131 ve enerjisi bizlere \u00f6rnek olmal\u0131&#8221;<\/p>\n<p>Kurban Bayram\u0131n\u0131 mutluluk, huzur, karde\u015flik olarak adland\u0131ran CHP Mersin \u0130l Gen\u00e7lik Kollar\u0131 Genel Ba\u015fkan Yard\u0131mc\u0131s\u0131 \u0130zzet K\u0131r\u0131lmaz, &#8216;Herkesin Kurban Bayram\u0131 kutlu olsun&#8217; dedi.  Her y\u0131l bayramlar\u0131 sevin\u00e7 i\u00e7inde kutlamak isterken, iktidar y\u00fcz\u00fcnden bayram\u0131 buruk ge\u00e7irdiklerini ancak g\u00fczel \u015feylerin de ya\u015fand\u0131\u011f\u0131n\u0131 ifade eden K\u0131r\u0131lmaz, esnaf ziyaretleri s\u0131ras\u0131nda &#8216;Mersin b\u00f6yle bir ba\u015fkan g\u00f6rmedi, Allah Raz\u0131 olsun Vahap Ba\u015fkandan&#8217; \u015feklinde \u00f6vg\u00fcler ald\u0131klar\u0131n\u0131 ifade etti. Vahap Se\u00e7er&#8217;in Mersin&#8217;in en b\u00fcy\u00fck \u015fans\u0131 oldu\u011funu s\u00f6yleyen K\u0131r\u0131lmaz, Ba\u015fkan Se\u00e7er&#8217;in Toroslar&#8217;a ba\u011fl\u0131 Musal\u0131 k\u00f6y\u00fcnde yapt\u0131\u011f\u0131 gezide; ba\u015fka partinin mensubu olan bir vatanda\u015f\u0131n &#8216;Ba\u015fkan\u0131m, ke\u015fke benim parti aday\u0131m sen olsayd\u0131n&#8217; s\u00f6zlerini hat\u0131rlatarak, &#8220;Do\u011fru yol, birlik ve beraberlik i\u00e7inde y\u00fcr\u00fcyerek olur. S\u00fcr\u00fcden ayr\u0131lan\u0131 kurt kapar. Bu hep b\u00f6yle oldu. Vahap Se\u00e7er ba\u015fkan\u0131m\u0131z\u0131n vizyonu, enerjisi ve ba\u015far\u0131s\u0131 bizlere \u00f6rnektir&#8221; diye konu\u015ftu.<\/p>\n<p>\u00c7ak\u0131r: &#8220;Yerel se\u00e7imleri birlik ve beraberlik i\u00e7ine ge\u00e7irelim&#8221;<\/p>\n<p>Yerel se\u00e7imleri birlik ve beraberlik i\u00e7inde ge\u00e7irelim diyen CHP Mersin Milletvekili Hasan Ufuk \u00c7ak\u0131r, &#8220;\u00d6nce Toroslar\u0131 arkas\u0131ndan Erdemli&#8217;yi, Mut&#8217;u, Anamur&#8217;u, Silifke&#8217;yi dolay\u0131s\u0131yla merkez il\u00e7elerin tamam\u0131n\u0131 alarak B\u00fcy\u00fck\u015fehir&#8217;i al\u0131p bu i\u015fi bitirece\u011fiz. Herkesin Bayram\u0131n\u0131 sevgi ve sayg\u0131yla kutluyorum&#8221; dedi.<\/p>\n<p>K\u0131\u015f: &#8220;Yerel se\u00e7imlerde en iddial\u0131 parti olaca\u011f\u0131z&#8221;<\/p>\n<p>Bayramlar\u0131n k\u00fclt\u00fcr\u00fcm\u00fczde \u00e7ok \u00f6nemli bir yeri oldu\u011funu, bir arada olman\u0131n, dayan\u0131\u015fman\u0131n ve payla\u015fman\u0131n bir vesilesi olarak g\u00f6rd\u00fc\u011f\u00fcn\u00fc ifade eden CHP Mersin Milletvekili G\u00fclcan K\u0131\u015f, herkesin Kurban Bayram\u0131&#8217;n\u0131 kutlad\u0131. Yerel se\u00e7imlere giderken parti i\u00e7inde \u00f6z ele\u015ftiri de yapacaklar\u0131n\u0131 s\u00f6yleyen K\u0131\u015f, &#8220;Bu ele\u015ftiriler yap\u0131c\u0131 y\u00f6nde olmal\u0131. Kurultay\u0131m\u0131z\u0131 ger\u00e7ekle\u015ftirece\u011fiz.  T\u00fcm bunlar\u0131, Cumhuriyet Halk Partisi k\u00fclt\u00fcr\u00fc ve terbiyesiyle yapaca\u011f\u0131z. 2024&#8242; te yap\u0131lacak olan yerel se\u00e7imlerde Cumhuriyet Halk Partisi en iddial\u0131 parti olacakt\u0131r. Bundan sonra yap\u0131lacak b\u00fct\u00fcn se\u00e7imlerde de bu iddias\u0131n\u0131 s\u00fcrd\u00fcrecektir&#8221; ifadelerini kulland\u0131.<\/p>\n<p>&#8220;Belediyelerimiz, gen\u00e7lerle, kad\u0131nlarla, yoksullarla g\u00f6n\u00fcl ba\u011f\u0131 kuran belediyelerdir&#8221;<\/p>\n<p>Bu \u00fclkenin kurucu partisi olduklar\u0131n\u0131 ve \u00e7\u0131kar partisi olmad\u0131klar\u0131n\u0131 vurgulayan K\u0131\u015f, &#8220;D\u00f6rt y\u0131ld\u0131r tan\u0131k oldu\u011funuz gibi Mersin B\u00fcy\u00fck\u015fehir Belediyemiz ba\u015fta olmak \u00fczere Cumhuriyet Halk Partili b\u00fct\u00fcn belediyeler, partimize yak\u0131\u015f\u0131r bir \u015fekilde partimizin anlay\u0131\u015f\u0131yla \u00f6rnek bir y\u00f6netim sergilemektedirler&#8221; dedi. Partisini bu \u00fclkenin sigortas\u0131 olarak adland\u0131ran K\u0131\u015f, &#8220;\u015eehirlerimizde, \u00f6zellikle gen\u00e7lerle g\u00f6n\u00fcl ba\u011f\u0131 kuran, onlar\u0131 anlayan belediyelerimiz var. Kad\u0131n sorunlar\u0131n\u0131, yoksullar\u0131 \u00f6nceleyen ve buna \u00e7\u00f6z\u00fcm \u00fcreten bizim belediyelerimizdir&#8221; dedi. Konu\u015fmalar\u0131n ard\u0131ndan ise Ba\u015fkan Se\u00e7er ve protokol \u00fcyeleri tek tek partilileri ile bayramla\u015ft\u0131.<\/p>\n","protected":false},"excerpt":{"rendered":"<p>Mersin B\u00fcy\u00fck\u015fehir Belediye Ba\u015fkan\u0131 Vahap Se\u00e7er, Cumhuriyet Halk Partisi (CHP) Mersin \u0130l Ba\u015fkanl\u0131\u011f\u0131 taraf\u0131ndan Kurban Bayram\u0131 dolay\u0131s\u0131yla d\u00fczenlenen bayramla\u015fma program\u0131na kat\u0131larak, parti \u00f6rg\u00fct\u00fc ile bayramla\u015ft\u0131. CHP Mersin \u0130l Ba\u015fkanl\u0131\u011f\u0131&#8217;n\u0131n bah\u00e7esinde &hellip; <a href=\"https:\/\/akdenizolaygazetesi.com\/?p=26561\" class=\"more-link\">Devam\u0131n\u0131 Oku&#8230;<\/a><\/p>\n","protected":false},"author":2,"featured_media":26562,"comment_status":"open","ping_status":"open","sticky":false,"template":"","format":"standard","meta":[],"categories":[1,2,3],"tags":[],"_links":{"self":[{"href":"https:\/\/akdenizolaygazetesi.com\/index.php?rest_route=\/wp\/v2\/posts\/26561"}],"collection":[{"href":"https:\/\/akdenizolaygazetesi.com\/index.php?rest_route=\/wp\/v2\/posts"}],"about":[{"href":"https:\/\/akdenizolaygazetesi.com\/index.php?rest_route=\/wp\/v2\/types\/post"}],"author":[{"embeddable":true,"href":"https:\/\/akdenizolaygazetesi.com\/index.php?rest_route=\/wp\/v2\/users\/2"}],"replies":[{"embeddable":true,"href":"https:\/\/akdenizolaygazetesi.com\/index.php?rest_route=%2Fwp%2Fv2%2Fcomments&post=26561"}],"version-history":[{"count":1,"href":"https:\/\/akdenizolaygazetesi.com\/index.php?rest_route=\/wp\/v2\/posts\/26561\/revisions"}],"predecessor-version":[{"id":26563,"href":"https:\/\/akdenizolaygazetesi.com\/index.php?rest_route=\/wp\/v2\/posts\/26561\/revisions\/26563"}],"wp:featuredmedia":[{"embeddable":true,"href":"https:\/\/akdenizolaygazetesi.com\/index.php?rest_route=\/wp\/v2\/media\/26562"}],"wp:attachment":[{"href":"https:\/\/akdenizolaygazetesi.com\/index.php?rest_route=%2Fwp%2Fv2%2Fmedia&parent=26561"}],"wp:term":[{"taxonomy":"category","embeddable":true,"href":"https:\/\/akdenizolaygazetesi.com\/index.php?rest_route=%2Fwp%2Fv2%2Fcategories&post=26561"},{"taxonomy":"post_tag","embeddable":true,"href":"https:\/\/akdenizolaygazetesi.com\/index.php?rest_route=%2Fwp%2Fv2%2Ftags&post=26561"}],"curies":[{"name":"wp","href":"https:\/\/api.w.org\/{rel}","templated":true}]}}