{"id":26564,"date":"2023-06-28T21:35:25","date_gmt":"2023-06-28T18:35:25","guid":{"rendered":"http:\/\/akdenizolaygazetesi.com\/?p=26564"},"modified":"2023-06-28T21:35:25","modified_gmt":"2023-06-28T18:35:25","slug":"mersin-buyuksehirin-mobil-kuafor-hizmeti-kurban-bayraminda-da-yollarda","status":"publish","type":"post","link":"https:\/\/akdenizolaygazetesi.com\/?p=26564","title":{"rendered":"MERS\u0130N B\u00dcY\u00dcK\u015eEH\u0130R&#8217;\u0130N MOB\u0130L KUAF\u00d6R H\u0130ZMET\u0130 KURBAN BAYRAMI&#8217;NDA DA YOLLARDA"},"content":{"rendered":"<p>Mersin B\u00fcy\u00fck\u015fehir Belediyesi Sosyal Hizmetler Dairesi Ba\u015fkanl\u0131\u011f\u0131 taraf\u0131ndan y\u00fcr\u00fct\u00fclen &#8216;Mobil Kuaf\u00f6r&#8217; hizmeti, Kurban Bayram\u0131&#8217;nda da vatanda\u015flara hizmet g\u00f6t\u00fcrmeye devam ediyor. K\u0131rsalda kuaf\u00f6r\u00fc olmayan ya da kuaf\u00f6re gidemeyenler i\u00e7in hizmet veren Mobil Kuaf\u00f6r arac\u0131, Kurban Bayram\u0131&#8217;nda da mahalle mahalle gezerek, vatanda\u015flar\u0131n aya\u011f\u0131na gidiyor. Mobil Kuaf\u00f6r hizmetinden vatanda\u015flar b\u00fcy\u00fck memnuniyet duyuyor.<\/p>\n<p>Her zaman oldu\u011fu gibi Kurban Bayram\u0131&#8217;nda da Mobil Kuaf\u00f6r&#8217;de vatanda\u015flara sa\u00e7 kesimi, sa\u00e7 boyas\u0131, ve t\u0131ra\u015f yap\u0131l\u0131yor. Kullan\u0131lan makas, ustura, tarak ve c\u0131mb\u0131z gibi ekipmanlar titizlikle her kullan\u0131m sonras\u0131 dezenfekte ediliyor. Kad\u0131nlar ve erkekler i\u00e7in ayr\u0131 ayr\u0131 b\u00f6l\u00fcmleri bulunan ara\u00e7ta, B\u00fcy\u00fck\u015fehir&#8217;in usta berber ve kuaf\u00f6rleri, kad\u0131nlar, erkekler ve \u00e7ocuklar\u0131n sa\u00e7 kesimlerini ger\u00e7ekle\u015ftiriyor. Mobil Kuaf\u00f6r arac\u0131 ile berber veya kuaf\u00f6r olmayan yerle\u015fim yerlerinde verilen hizmetle, maddi y\u00f6nden de vatanda\u015flar b\u00fcy\u00fck bir y\u00fckten kurtar\u0131lm\u0131\u015f oluyor.<\/p>\n<p>\u00c7elen: &#8220;Y\u0131llarca alamad\u0131\u011f\u0131m\u0131z hizmetleri Vahap Se\u00e7er Ba\u015fkan\u0131m\u0131z\u0131n sayesinde ald\u0131k&#8221;<\/p>\n<p>Dalakderesi Mahalle Muhtar\u0131 Muzaffer \u00c7elen, verilen hizmetten duyduklar\u0131 memnuniyeti ifade ederek,  &#8220;Herhalde T\u00fcrkiye&#8217;de birka\u00e7 belediyede var bu mobil kuaf\u00f6r hizmetleri. Gidemeyenler var, ya\u015fl\u0131lar\u0131m\u0131z var, gidip de berberi bilmeyenler bile var. Geliyorlar burada rahat rahat t\u0131ra\u015flar\u0131n\u0131 oluyorlar. Sa\u011f olsun Ba\u015fkan\u0131m\u0131za da bir dua ediyorlar. Herkes i\u015fine, g\u00fcc\u00fcne bak\u0131yor. Hem vakitten de kazanm\u0131\u015f oluyorlar. Bu hizmeti sunan ba\u015fta B\u00fcy\u00fck\u015fehir Belediye Ba\u015fkan\u0131 Say\u0131n Vahap Se\u00e7er&#8217;e ve ekibine \u00e7ok te\u015fekk\u00fcr ediyoruz. Herkes bu i\u015ften memnun, bizler de memnunuz. Ba\u015fkan\u0131m\u0131z\u0131n hizmetleri sadece kuaf\u00f6r ile de kalm\u0131yor ma\u015fallah. Altyap\u0131 olsun, yollar\u0131m\u0131z olsun her konuda sa\u011f olsun Ba\u015fkan\u0131m\u0131z bizim yan\u0131m\u0131zda. Ger\u00e7ekten diyorum biz y\u0131llarca alamad\u0131\u011f\u0131m\u0131z hizmetleri Vahap Se\u00e7er Ba\u015fkan\u0131m\u0131z\u0131n sayesinde ald\u0131k mahallemize&#8221; dedi.<\/p>\n<p>Vatanda\u015flar Mobil Kuaf\u00f6r hizmetinden memnun<\/p>\n<p>Dalakderesi&#8217;nde ya\u015fayan ve Mobil Kuaf\u00f6r hizmetinden faydalanan Necla K\u0131l\u0131\u00e7, &#8220;Mobil Kuaf\u00f6r hizmetini \u00e7ok g\u00fczel buldum ve \u00e7ok memnunum. \u00c7ok iyi bir his. Daha \u00f6nce sa\u00e7\u0131m\u0131 kendim kesiyordum, bir yere gidemiyordum. \u00c7ok iyi oldu, \u00e7ok memnun olduk, \u00e7ok te\u015fekk\u00fcr ederiz. Mobil kuaf\u00f6rden \u00e7ok memnun kald\u0131m. Vahap Ba\u015fkan\u0131m\u0131za da bu hizmetleri sundu\u011fu i\u00e7in \u00e7ok te\u015fekk\u00fcr ederim.  Sa\u00e7lar\u0131m da g\u00fczel oldu&#8221; dedi.<\/p>\n<p>Mobil kuaf\u00f6r hizmetinden yararlanan vatanda\u015flardan Elife Do\u011fan da, &#8220;Vallahi \u00e7ok memnun oldum. Sa\u011f olsun 150-200 TL para \u00f6demekten kurtard\u0131 bizi. Bu hizmeti veren Vahap Se\u00e7erimize ve buraya gelenlere te\u015fekk\u00fcr ederim. Bug\u00fcn sa\u00e7\u0131m\u0131 kestirdim, boyatt\u0131rd\u0131m. \u00c7ok te\u015fekk\u00fcr ederim, \u00e7ok memnun kald\u0131m. Herkese iyi bayramlar&#8221; diye konu\u015ftu.<\/p>\n","protected":false},"excerpt":{"rendered":"<p>Mersin B\u00fcy\u00fck\u015fehir Belediyesi Sosyal Hizmetler Dairesi Ba\u015fkanl\u0131\u011f\u0131 taraf\u0131ndan y\u00fcr\u00fct\u00fclen &#8216;Mobil Kuaf\u00f6r&#8217; hizmeti, Kurban Bayram\u0131&#8217;nda da vatanda\u015flara hizmet g\u00f6t\u00fcrmeye devam ediyor. K\u0131rsalda kuaf\u00f6r\u00fc olmayan ya da kuaf\u00f6re gidemeyenler i\u00e7in hizmet veren &hellip; <a href=\"https:\/\/akdenizolaygazetesi.com\/?p=26564\" class=\"more-link\">Devam\u0131n\u0131 Oku&#8230;<\/a><\/p>\n","protected":false},"author":2,"featured_media":26565,"comment_status":"open","ping_status":"open","sticky":false,"template":"","format":"standard","meta":[],"categories":[34,1,2,3],"tags":[],"_links":{"self":[{"href":"https:\/\/akdenizolaygazetesi.com\/index.php?rest_route=\/wp\/v2\/posts\/26564"}],"collection":[{"href":"https:\/\/akdenizolaygazetesi.com\/index.php?rest_route=\/wp\/v2\/posts"}],"about":[{"href":"https:\/\/akdenizolaygazetesi.com\/index.php?rest_route=\/wp\/v2\/types\/post"}],"author":[{"embeddable":true,"href":"https:\/\/akdenizolaygazetesi.com\/index.php?rest_route=\/wp\/v2\/users\/2"}],"replies":[{"embeddable":true,"href":"https:\/\/akdenizolaygazetesi.com\/index.php?rest_route=%2Fwp%2Fv2%2Fcomments&post=26564"}],"version-history":[{"count":1,"href":"https:\/\/akdenizolaygazetesi.com\/index.php?rest_route=\/wp\/v2\/posts\/26564\/revisions"}],"predecessor-version":[{"id":26566,"href":"https:\/\/akdenizolaygazetesi.com\/index.php?rest_route=\/wp\/v2\/posts\/26564\/revisions\/26566"}],"wp:featuredmedia":[{"embeddable":true,"href":"https:\/\/akdenizolaygazetesi.com\/index.php?rest_route=\/wp\/v2\/media\/26565"}],"wp:attachment":[{"href":"https:\/\/akdenizolaygazetesi.com\/index.php?rest_route=%2Fwp%2Fv2%2Fmedia&parent=26564"}],"wp:term":[{"taxonomy":"category","embeddable":true,"href":"https:\/\/akdenizolaygazetesi.com\/index.php?rest_route=%2Fwp%2Fv2%2Fcategories&post=26564"},{"taxonomy":"post_tag","embeddable":true,"href":"https:\/\/akdenizolaygazetesi.com\/index.php?rest_route=%2Fwp%2Fv2%2Ftags&post=26564"}],"curies":[{"name":"wp","href":"https:\/\/api.w.org\/{rel}","templated":true}]}}