{"id":26567,"date":"2023-06-28T21:37:02","date_gmt":"2023-06-28T18:37:02","guid":{"rendered":"http:\/\/akdenizolaygazetesi.com\/?p=26567"},"modified":"2023-06-28T21:37:02","modified_gmt":"2023-06-28T18:37:02","slug":"vatandaslar-kurbanliklarini-buyuksehire-emanet-etti","status":"publish","type":"post","link":"https:\/\/akdenizolaygazetesi.com\/?p=26567","title":{"rendered":"VATANDA\u015eLAR KURBANLIKLARINI B\u00dcY\u00dcK\u015eEH\u0130R&#8217;E EMANET ETT\u0130"},"content":{"rendered":"<p>Mersin B\u00fcy\u00fck\u015fehir Belediyesi Tar\u0131msal Hizmetler Dairesi Ba\u015fkanl\u0131\u011f\u0131 b\u00fcnyesinde, vatanda\u015fa \u00fccretsiz \u015fekilde hem sa\u011fl\u0131kl\u0131 hem de hijyenik ko\u015fullarda hizmet veren mezbahalar, vatanda\u015flar\u0131n Kurban vecibelerini yerine getirmesinde b\u00fcy\u00fck kolayl\u0131k sa\u011flad\u0131.<\/p>\n<p>Erdemli, G\u00fclnar, Anamur, Mut ve \u00c7aml\u0131yayla olmak \u00fczere 5&#8217;i yerle\u015fik olan kesimhanelerin yan\u0131 s\u0131ra; Erdemli&#8217;de 2, Silifke&#8217;de 1, G\u00fclnar&#8217;da 1, Mut&#8217;ta 1, Ayd\u0131nc\u0131k&#8217;ta 1, Bozyaz\u0131&#8217;da 1, Akdeniz&#8217;de 1, Toroslar&#8217;da 1, Yeni\u015fehir&#8217;de 1, Mezitli&#8217;de 1, Tarsus&#8217;ta 6, Yakak\u00f6y&#8217;de 1 olmak \u00fczere 18 mobil mezbaha,  vatanda\u015flara \u00fccretsiz kurban kesimi hizmeti verdi.<\/p>\n<p>&#8220;Dini vecibeleri sa\u011fl\u0131kl\u0131 ve hijyenik ko\u015fullarda ger\u00e7ekle\u015ftiriyoruz&#8221;<\/p>\n<p>Kurban Bayram\u0131 boyunca vatanda\u015fa hizmet etmek i\u00e7in haz\u0131r olduklar\u0131n\u0131 ifade eden Mersin B\u00fcy\u00fck\u015fehir Belediyesi Tar\u0131msal Hizmetler Dairesi Ba\u015fkan\u0131 Sel\u00e7uk \u015eahuto\u011flu, &#8220;\u0130l genelinde 250 personelimiz ve 23 kesim noktam\u0131zla kurban bayram\u0131nda da vatanda\u015flar\u0131m\u0131za hizmet etmek i\u00e7in haz\u0131r bulunmaktay\u0131z. Personellerimiz burada dini vecibelere uygun olacak \u015fekilde,  sa\u011fl\u0131kl\u0131 ve hijyenik ko\u015fullarda \u00fccretsiz \u015fekilde kesim yapmaktad\u0131r&#8221; diye konu\u015ftu.<\/p>\n<p>Kurban kesim rit\u00fcelleriyle ilgili bilgiler veren \u015eahuto\u011flu, &#8220;Vatanda\u015flar\u0131m\u0131z hayvanlar\u0131n\u0131n vekaletini bize verdikten sonra mobil \u00fcnitelerimiz ve mezbahalar\u0131m\u0131zda kesimlerimiz sa\u011fl\u0131kl\u0131 bir \u015fekilde devam ediyor. Kesilen etler par\u00e7alan\u0131p, ayr\u0131 ayr\u0131 po\u015fetlenerek vatanda\u015flar\u0131m\u0131za teslim ediliyor. Burada amac\u0131m\u0131z, vatanda\u015flar\u0131m\u0131za kurban kesimi hizmeti sunarken dini \u00f6devlerimizin gerekliliklerini hijyen kurallar\u0131na uygun olacak \u015fekilde ger\u00e7ekle\u015ftirmek. Herkesin Kurban Bayram\u0131 kutlu olsun&#8221; dedi.<\/p>\n<p>Vatanda\u015flar sunulan hizmetlerden olduk\u00e7a memnun<\/p>\n<p>Sa\u011fl\u0131kl\u0131 ve g\u00fcvenli bir \u015fekilde kurbanlar\u0131n\u0131 kestirdi\u011fini s\u00f6yleyen \u0130brahim Aslany\u00fcrek, &#8220;Kurban kesimi hizmetinden \u00e7ok memnun kald\u0131m, Allah raz\u0131 olsun&#8221; dedi.<\/p>\n<p>Mobil kesimhanelerden faydalanan Onur Ate\u015f ise, &#8220;Mobil \u00fcniteler olmadan \u00f6nce mezbahalarda gitmek zorunda kal\u0131yorduk&#8221; diye konu\u015ftu. <\/p>\n<p>Kurban kesiminin sistemli bir \u015fekilde ger\u00e7ekle\u015fti\u011fini ve mobil \u00fcnitelerin b\u00fcy\u00fck kolayl\u0131k sa\u011flad\u0131\u011f\u0131n\u0131 belirten Emrah \u00d6zkan, &#8220;Belediyemize g\u00fcvendi\u011fimiz i\u00e7in, kurbanlar\u0131m\u0131z\u0131 burada kestirdik&#8221; dedi.<\/p>\n<p>Mobil \u00fcnitelerde h\u0131zl\u0131 bir \u015fekilde kurban hizmeti ald\u0131klar\u0131n\u0131 ifade eden Mahmut \u00d6zen, &#8220;Mersin B\u00fcy\u00fck\u015fehir Belediyesi, \u00e7ok \u00f6nemli i\u015flere imza atarak, vatanda\u015flar\u0131na b\u00fcy\u00fck hizmetler veriyor&#8221; \u015feklinde konu\u015ftu.<\/p>\n<p>Mezbahalar\u0131n hijyen ko\u015fullar\u0131n\u0131n yeterli olmas\u0131ndan memnun oldu\u011funu dile getiren \u0130smail \u00d6zdemir, &#8220;\u00dc\u00e7 kom\u015fumuzla beraber geldik. Belediyemiz b\u00f6yle bir imkan sundu\u011fu i\u00e7in \u00e7ok te\u015fekk\u00fcr ederiz&#8221; dedi.<\/p>\n","protected":false},"excerpt":{"rendered":"<p>Mersin B\u00fcy\u00fck\u015fehir Belediyesi Tar\u0131msal Hizmetler Dairesi Ba\u015fkanl\u0131\u011f\u0131 b\u00fcnyesinde, vatanda\u015fa \u00fccretsiz \u015fekilde hem sa\u011fl\u0131kl\u0131 hem de hijyenik ko\u015fullarda hizmet veren mezbahalar, vatanda\u015flar\u0131n Kurban vecibelerini yerine getirmesinde b\u00fcy\u00fck kolayl\u0131k sa\u011flad\u0131. Erdemli, G\u00fclnar, &hellip; <a href=\"https:\/\/akdenizolaygazetesi.com\/?p=26567\" class=\"more-link\">Devam\u0131n\u0131 Oku&#8230;<\/a><\/p>\n","protected":false},"author":2,"featured_media":26568,"comment_status":"open","ping_status":"open","sticky":false,"template":"","format":"standard","meta":[],"categories":[1,2,3],"tags":[],"_links":{"self":[{"href":"https:\/\/akdenizolaygazetesi.com\/index.php?rest_route=\/wp\/v2\/posts\/26567"}],"collection":[{"href":"https:\/\/akdenizolaygazetesi.com\/index.php?rest_route=\/wp\/v2\/posts"}],"about":[{"href":"https:\/\/akdenizolaygazetesi.com\/index.php?rest_route=\/wp\/v2\/types\/post"}],"author":[{"embeddable":true,"href":"https:\/\/akdenizolaygazetesi.com\/index.php?rest_route=\/wp\/v2\/users\/2"}],"replies":[{"embeddable":true,"href":"https:\/\/akdenizolaygazetesi.com\/index.php?rest_route=%2Fwp%2Fv2%2Fcomments&post=26567"}],"version-history":[{"count":1,"href":"https:\/\/akdenizolaygazetesi.com\/index.php?rest_route=\/wp\/v2\/posts\/26567\/revisions"}],"predecessor-version":[{"id":26569,"href":"https:\/\/akdenizolaygazetesi.com\/index.php?rest_route=\/wp\/v2\/posts\/26567\/revisions\/26569"}],"wp:featuredmedia":[{"embeddable":true,"href":"https:\/\/akdenizolaygazetesi.com\/index.php?rest_route=\/wp\/v2\/media\/26568"}],"wp:attachment":[{"href":"https:\/\/akdenizolaygazetesi.com\/index.php?rest_route=%2Fwp%2Fv2%2Fmedia&parent=26567"}],"wp:term":[{"taxonomy":"category","embeddable":true,"href":"https:\/\/akdenizolaygazetesi.com\/index.php?rest_route=%2Fwp%2Fv2%2Fcategories&post=26567"},{"taxonomy":"post_tag","embeddable":true,"href":"https:\/\/akdenizolaygazetesi.com\/index.php?rest_route=%2Fwp%2Fv2%2Ftags&post=26567"}],"curies":[{"name":"wp","href":"https:\/\/api.w.org\/{rel}","templated":true}]}}