{"id":26580,"date":"2023-07-02T15:19:53","date_gmt":"2023-07-02T12:19:53","guid":{"rendered":"http:\/\/akdenizolaygazetesi.com\/?p=26580"},"modified":"2023-07-02T15:19:53","modified_gmt":"2023-07-02T12:19:53","slug":"desteklerimizde-kadinlar-oncelikli","status":"publish","type":"post","link":"https:\/\/akdenizolaygazetesi.com\/?p=26580","title":{"rendered":"&#8220;DESTEKLER\u0130M\u0130ZDE KADINLAR \u00d6NCEL\u0130KL\u0130&#8221;"},"content":{"rendered":"<p>Mersin B\u00fcy\u00fck\u015fehir Belediyesi Ba\u015fkan\u0131 Vahap Se\u00e7er, Kurban Bayram\u0131&#8217;n\u0131n son g\u00fcn\u00fc Erdemli il\u00e7esini ziyaret etti. Erdemli il\u00e7esine ba\u011fl\u0131 \u0130lemin, Karah\u0131d\u0131rl\u0131 ve Da\u011fl\u0131 mahallelerini ziyaret eden Se\u00e7er, burada Erdemli halk\u0131 ile bir araya gelip bayramla\u015ft\u0131.<\/p>\n<p>Se\u00e7er&#8217;e ziyaretlerinde Cumhuriyet Halk Partisi (CHP) Mersin Milletvekili G\u00fclcan K\u0131\u015f, CHP Mersin Milletvekili Hasan Ufuk \u00c7ak\u0131r, CHP Gen\u00e7lik Kollar\u0131 Genel Ba\u015fkan Yard\u0131mc\u0131s\u0131 \u0130zzet K\u0131r\u0131lmaz, CHP Erdemli \u0130l\u00e7e Ba\u015fkan\u0131 Ahmet Dursen \u015eahin, muhtarlar, meclis \u00fcyeleri, B\u00fcy\u00fck\u015fehir Belediyesi ve MESK\u0130 b\u00fcrokratlar\u0131 e\u015flik etti.<\/p>\n<p>&#8220;Mersin&#8217;i, Mersinlileri ve \u00fclkemizi seviyoruz&#8221;<br \/>\n\u0130lk ziyaretini \u0130lemin Mahallesi&#8217;ne ger\u00e7ekle\u015ftiren Se\u00e7er, \u0130lemin halk\u0131 taraf\u0131ndan sevgiyle kar\u015f\u0131land\u0131. Vatanda\u015flar\u0131n Kurban Bayram\u0131&#8217;n\u0131 kutlayan Ba\u015fkan Se\u00e7er, burada yapt\u0131\u011f\u0131 konu\u015fmada halk ile bir arada olmaktan, onlara hizmet etmekten duydu\u011fu mutlulu\u011fu ifade etti. Belediye ba\u015fkanlar\u0131n\u0131n \u00e7al\u0131\u015fkan ve halk\u0131n i\u00e7erisinde olmas\u0131 gerekti\u011fini s\u00f6yleyen Ba\u015fkan Se\u00e7er, &#8220;Biz de bunun bilincindeyiz. Seviyoruz i\u015fimizi. G\u00f6revimizi \u00e7ok seviyoruz. Mersin&#8217;i, Mersinlileri ve \u00fclkemizi seviyoruz. Bu \u00fclkeye, bu kente hizmet etmek \u00e7ok kutsal bir vazife bizim i\u00e7in. Bir belediye ba\u015fkan\u0131n\u0131n parayla pulla i\u015fi yoksa vatanda\u015f\u0131n\u0131n hay\u0131r duas\u0131 ve se\u00e7imde deste\u011fiyle enerji toplar&#8221; dedi.<\/p>\n<p>&#8220;Biz vatanda\u015f\u0131m\u0131z\u0131 seviyoruz. Her gitti\u011fimiz yerde de vatanda\u015f\u0131m\u0131z\u0131n bize ilgisi bize g\u00f6sterdi\u011fi sevgi, sayg\u0131da bizi mutlu ediyor&#8221; diyen Ba\u015fkan Se\u00e7er, bir belediye ba\u015fkan\u0131n\u0131n g\u00f6revini sevmesinin \u00e7ok \u00f6nemli oldu\u011funu belirterek &#8220;G\u00f6revini seviyorsa bir belediye ba\u015fkan\u0131 uyumaz. Bayram, seyran, gece, g\u00fcnd\u00fcz kar, ya\u011fmur, so\u011fuk dinlemez, tatili yoktur. Ac\u0131s\u0131 t\u00fcm hem\u015ferilerinin ac\u0131s\u0131d\u0131r. Birinin mutlulu\u011fu kendine de gelir. \u0130nsanlar\u0131 sevmeyen adam iyi bir belediye ba\u015fkan\u0131 olamaz. Biz insanlar\u0131 seviyoruz, halk\u0131m\u0131z\u0131 seviyoruz. Bu yolda g\u00f6revde kald\u0131\u011f\u0131m\u0131z s\u00fcrece ba\u015f\u0131m\u0131z dik aln\u0131m\u0131z a\u00e7\u0131k, bizleri destekleyenleri mahcup etmeden g\u00f6revimizi en g\u00fczel \u015fekilde yapar\u0131z. Hi\u00e7 merak etmeyin, bize g\u00fcvenin ve inan\u0131n&#8221; ifadelerini kulland\u0131.<\/p>\n<p>&#8220;\u00dclkemizi hep beraber seviyoruz. Hep beraber de sahip \u00e7\u0131kaca\u011f\u0131z&#8221;<br \/>\nErdemlililerin \u00e7ok \u00e7al\u0131\u015fkan oldu\u011funu dile getiren Ba\u015fkan Se\u00e7er, T\u00fcrkiye&#8217;nin de \u00e7al\u0131\u015fkan insanlar sayesinde ayakta kald\u0131\u011f\u0131n\u0131 s\u00f6yledi. Se\u00e7er, &#8220;Bizim ecdad\u0131m\u0131z da b\u00f6yle. Gazi Mustafa Kemal Atat\u00fcrk bu \u00fclke i\u00e7in, bu vatan i\u00e7in, bizim b\u00fcy\u00fck dedelerimizle, sava\u015f meydanlar\u0131nda g\u00f6\u011f\u00fcs g\u00f6\u011f\u00fcse m\u00fccadele etmi\u015f, sava\u015flar\u0131 kazanm\u0131\u015f, cumhuriyeti kurmu\u015f. Bu ba\u011f\u0131ms\u0131z, \u015ferefli \u00fclkeyi bizlere emanet etmi\u015f. Bizim de bu emanete ihanet etmeden g\u00f6revimizi tam anlam\u0131yla yapmam\u0131z laz\u0131m. Bizim milletimize yak\u0131\u015fan da budur. \u00dclkemizi hep beraber seviyoruz. Hep beraber de sahip \u00e7\u0131kaca\u011f\u0131z&#8221; diye konu\u015ftu.<\/p>\n<p>&#8220;Desteklerimizde kad\u0131nlar \u00f6ncelikli&#8221;<br \/>\nB\u00fcy\u00fck\u015fehir Belediyesi olarak yapt\u0131klar\u0131 hizmetlerden s\u00f6z eden Ba\u015fkan Se\u00e7er, yol yap\u0131mdan, MESK\u0130&#8217;ye, sosyal hizmetlerden tar\u0131msal desteklere kadar bir\u00e7ok alanda vatanda\u015f\u0131n ya\u015fam\u0131n\u0131 kolayla\u015ft\u0131racak projeleri hayata ge\u00e7irdiklerini s\u00f6yledi. S\u00f6z konusu desteklerde kad\u0131nlara \u00f6ncelik tan\u0131d\u0131klar\u0131n\u0131n da alt\u0131n\u0131 \u00e7izen Se\u00e7er, &#8220;Kad\u0131nlara ben \u00e7ok ayr\u0131 bir \u00f6nem veriyorum. \u00c7\u00fcnk\u00fc bak\u0131yorum kad\u0131nlar \u00e7ok bir \u015feyler yapmak istiyor, gayret ediyor ama imkanlar\u0131 s\u0131n\u0131rl\u0131. Bir yol g\u00f6steren, imkan sa\u011flayan yok. Bunlar\u0131 bu insanlara sa\u011flamak laz\u0131m&#8221; dedi.<\/p>\n<p>&#8220;Yanl\u0131\u015f i\u015f yapmayay\u0131m diye gece uykular\u0131m ka\u00e7\u0131yor&#8221;<br \/>\nBa\u015fkan Se\u00e7er, \u0130lemin&#8217;deki halk bulu\u015fmas\u0131nda, B\u00fcy\u00fck\u015fehir Belediyesi b\u00fcnyesinde 11 bin ki\u015finin \u00e7al\u0131\u015ft\u0131\u011f\u0131n\u0131 belirterek, vatanda\u015flara en iyi \u015fekilde hizmet vermeye gayret ettiklerini s\u00f6yledi. \u00c7al\u0131\u015fanlar aras\u0131nda asla siyasi parti ayr\u0131m\u0131 yap\u0131lmad\u0131\u011f\u0131n\u0131n alt\u0131n\u0131 \u00e7izen Ba\u015fkan Se\u00e7er, &#8220;Biz kimseye ayr\u0131mc\u0131l\u0131k yapmay\u0131z. \u0130lemin&#8217;e hizmet ederken bu CHP&#8217;li bu MHP&#8217;li bu AK Parti&#8217;li diye ayr\u0131m yapmay\u0131z. Tembel insanlar var, bizim de vatanda\u015f kar\u015f\u0131s\u0131nda prestijimizi sars\u0131yor. Hemen hakk\u0131nda soru\u015fturma a\u00e7ar\u0131z. \u00c7\u00fcnk\u00fc onlar sizin paran\u0131zla maa\u015f al\u0131yor. Ben \u00e7al\u0131\u015f\u0131yorsam herkes bu belediyede \u00e7al\u0131\u015facak. Benim prensibim bu. Yanl\u0131\u015f i\u015f yapmayay\u0131m diye gece uykular\u0131m ka\u00e7\u0131yor. Bu kadar titiz davran\u0131yorsam en ba\u015ftan genel sekreterden genel m\u00fcd\u00fcrden, greyder operat\u00f6r\u00fcne kadar herkes \u00e7al\u0131\u015facak&#8221; dedi. <\/p>\n<p>Ard\u0131ndan Karah\u0131d\u0131rl\u0131 Mahallesi&#8217;ne giden Se\u00e7er, burada yapt\u0131\u011f\u0131 konu\u015fmas\u0131nda, Hac\u0131alan\u0131&#8217;nda yakla\u015f\u0131k 10 kilometrelik yeni bir su kayna\u011f\u0131 bulduklar\u0131n\u0131 s\u00f6yledi. Bu projeler i\u00e7in maddi kayna\u011fa ihtiya\u00e7lar\u0131n\u0131n oldu\u011funu fakat yeterli destek g\u00f6remediklerini vurgulayan Se\u00e7er, &#8220;Biraz B\u00fcy\u00fck\u015fehir&#8217;i desteklesinler, desteklemezlerse bile de biraz \u00f6n\u00fcn\u00fc a\u00e7s\u0131nlar. Bunlar parayla, krediyle, hibeyle oluyor. \u0130ller Bankas\u0131 CHP&#8217;li belediyeler d\u0131\u015f\u0131nda b\u00fct\u00fcn belediyelere kesenin a\u011fz\u0131n\u0131 a\u00e7m\u0131\u015f. Hak, adalet, vicdan. Hac\u0131alan\u0131&#8217;na su getirme projesi 25 milyon TL&#8217;den a\u015fa\u011f\u0131 de\u011fil. Bunun i\u00e7in destek, kredi laz\u0131m. \u00c7\u00fcnk\u00fc Sular \u0130daresi vatanda\u015f\u0131n \u00f6dedi\u011fi faturayla kendini d\u00f6nderir. Bu b\u00fct\u00fcn memleketlerde b\u00f6yledir. \u0130ller Bankas\u0131 paray\u0131 adaletle da\u011f\u0131tmazsa benim gibi belediye ba\u015fkanlar\u0131 &#8216;Haks\u0131zl\u0131\u011fa u\u011frad\u0131m&#8217; diye avaz\u0131 \u00e7\u0131kt\u0131\u011f\u0131 kadar ba\u011f\u0131r\u0131r&#8221; diye konu\u015ftu.<\/p>\n<p>Ba\u015fkan Se\u00e7er, Karah\u0131d\u0131rl\u0131&#8217;ya yap\u0131lan hizmetleri anlatt\u0131<br \/>\nBa\u015fkan Se\u00e7er, Karah\u0131d\u0131rl\u0131&#8217;ya yap\u0131lan yol yap\u0131m \u00e7al\u0131\u015fmalar\u0131ndan bahsederek, &#8220;Karah\u0131d\u0131rl\u0131-T\u00f6m\u00fck Yolu 4 bin metre tek kat, Karah\u0131d\u0131rl\u0131-\u00c7aml\u0131 Yolu 3 bin 500 metre \u00e7ift kat. Yap\u0131lmad\u0131k yolunuz kalmam\u0131\u015f. B\u00fct\u00fcn yollar Karah\u0131d\u0131rl\u0131&#8217;ya \u00e7\u0131km\u0131\u015f. Karah\u0131d\u0131rl\u0131 yollar\u0131nda 740 ton asfalt kullan\u0131lm\u0131\u015f. Demek ki hizmeti yap\u0131yor Belediye&#8221; dedi.<\/p>\n<p>&#8220;\u0130\u015fte hizmet b\u00f6yle olur. Bu \u00fclke b\u00f6yle bir yere gelir&#8221;<br \/>\nB\u00f6lgedeki tar\u0131msal hizmetlere de de\u011finen Se\u00e7er, \u00fcreticilere sa\u011flanan desteklerde de di\u011fer hizmetlerde oldu\u011fu gibi hi\u00e7bir ayr\u0131mc\u0131l\u0131k yap\u0131lmad\u0131\u011f\u0131n\u0131 kaydetti. Se\u00e7er, &#8221; \u0130\u015fte hizmet b\u00f6yle olur. Bu \u00fclke b\u00f6yle bir yere gelir. &#8216;Sen \u015fu partilisin&#8217; demek CHP&#8217;nin CHP&#8217;linin kitab\u0131nda yok. Ar\u0131c\u0131l\u0131k yapanda k\u00fc\u00e7\u00fckba\u015f hayvanc\u0131l\u0131k yapanda, ceviz yeti\u015ftiricisi de desteklenmi\u015f. Ayr\u0131mc\u0131l\u0131k yok, her yere dokunmu\u015fuz. Kad\u0131nlara hamur yo\u011furma makinas\u0131 da gelmi\u015f. Ma\u015fallah burada okuyan say\u0131s\u0131 da \u00e7ok. Demek ki ihtiyac\u0131 olan her \u015fey yap\u0131lm\u0131\u015f&#8221; ifadelerine yer verdi.<\/p>\n<p>&#8220;Birka\u00e7 g\u00fcne sinekle ilgili bir \u015fikayet kalmaz&#8221;<br \/>\nKarah\u0131d\u0131rl\u0131 ve di\u011fer mahallelerde sinekle m\u00fccadele \u00e7al\u0131\u015fmalar\u0131n\u0131n s\u00fcrd\u00fc\u011f\u00fcn\u00fc ancak ge\u00e7 ya\u011f\u0131\u015flardan \u00f6t\u00fcr\u00fc ila\u00e7laman\u0131n etkisini g\u00f6steremedi\u011fini s\u00f6yleyen Ba\u015fkan Se\u00e7er, &#8220;Bu y\u0131l bahar ya\u011f\u0131\u015flar\u0131ndan dolay\u0131 bir s\u0131k\u0131nt\u0131 ya\u015f\u0131yoruz. \u0130la\u00e7lad\u0131k ya\u011fmur d\u00fc\u015ft\u00fc \u00fcst\u00fcne, ilac\u0131n tesiri gitti. \u0130la\u00e7lan\u0131yor ama bo\u015fa gidiyor, yaz\u0131k. Biraz da d\u00f6nemsel bir art\u0131\u015f var. Birka\u00e7 g\u00fcne sinekle ilgili bir \u015fikayet kalmaz. Sulama havuzlar\u0131 bu konuda bizim i\u00e7in inan\u0131lmaz bir sorun. Oralar sinek fabrikas\u0131. Durgun kald\u0131\u011f\u0131 zaman sinekler oraya b\u0131rak\u0131yor yumurtay\u0131. E\u011fer devir daim yaparsa \u00e7ok b\u00fcy\u00fck sorun. Etraftaki \u00e7\u00f6pler, kald\u0131r\u0131l\u0131p savrulan \u00e7\u00f6pler. Kurban d\u00f6neminde \u015fehrin i\u00e7inde o kadar uyar\u0131 yapmam\u0131za ra\u011fmen sokaklardan kan akt\u0131. Sakatatlar \u00e7\u00f6p kutular\u0131n\u0131n i\u00e7inde. \u0130\u015fte sana karasinek, sivrisinek yuvas\u0131&#8221; ifadelerini kulland\u0131.<\/p>\n<p>Ziyarette, Karah\u0131d\u0131rl\u0131 Mahallesi sakinlerinin mahallelerinde f\u0131r\u0131n olmamas\u0131ndan yak\u0131nmas\u0131 \u00fczerine Se\u00e7er, B\u00fcy\u00fck\u015fehir&#8217;e ait bir d\u00fckkan\u0131 c\u00fczi bir miktarda kiraya verebileceklerini ve vatanda\u015flar\u0131n f\u0131r\u0131n olarak kullanabilece\u011fini belirtti. Karah\u0131d\u0131rl\u0131 Muhtar\u0131 Recep Demir\u015fen, Ba\u015fkan Se\u00e7er&#8217;in halk bulu\u015fmalar\u0131ndan duydu\u011fu memnuniyeti ifade ederek, mahallesi ad\u0131na taleplerini dile getirdi.<\/p>\n<p>Daha sonra Da\u011fl\u0131 Mahallesi sakinleri ile bir araya gelen Se\u00e7er, vatanda\u015flar\u0131n bayramlar\u0131n\u0131 kutlad\u0131. \u0130stek ve taleplerini dile getiren vatanda\u015flar da, B\u00fcy\u00fck\u015fehir&#8217;in hizmetlerinden \u00f6t\u00fcr\u00fc Se\u00e7er&#8217;e te\u015fekk\u00fcr etti. Ziyaretlerde B\u00fcy\u00fck\u015fehir Belediyesi personelleri taraf\u0131ndan \u00e7ocuklara oyuncak da da\u011f\u0131t\u0131ld\u0131.<\/p>\n","protected":false},"excerpt":{"rendered":"<p>Mersin B\u00fcy\u00fck\u015fehir Belediyesi Ba\u015fkan\u0131 Vahap Se\u00e7er, Kurban Bayram\u0131&#8217;n\u0131n son g\u00fcn\u00fc Erdemli il\u00e7esini ziyaret etti. Erdemli il\u00e7esine ba\u011fl\u0131 \u0130lemin, Karah\u0131d\u0131rl\u0131 ve Da\u011fl\u0131 mahallelerini ziyaret eden Se\u00e7er, burada Erdemli halk\u0131 ile bir &hellip; <a href=\"https:\/\/akdenizolaygazetesi.com\/?p=26580\" class=\"more-link\">Devam\u0131n\u0131 Oku&#8230;<\/a><\/p>\n","protected":false},"author":2,"featured_media":26581,"comment_status":"open","ping_status":"open","sticky":false,"template":"","format":"standard","meta":[],"categories":[2,3,6],"tags":[],"_links":{"self":[{"href":"https:\/\/akdenizolaygazetesi.com\/index.php?rest_route=\/wp\/v2\/posts\/26580"}],"collection":[{"href":"https:\/\/akdenizolaygazetesi.com\/index.php?rest_route=\/wp\/v2\/posts"}],"about":[{"href":"https:\/\/akdenizolaygazetesi.com\/index.php?rest_route=\/wp\/v2\/types\/post"}],"author":[{"embeddable":true,"href":"https:\/\/akdenizolaygazetesi.com\/index.php?rest_route=\/wp\/v2\/users\/2"}],"replies":[{"embeddable":true,"href":"https:\/\/akdenizolaygazetesi.com\/index.php?rest_route=%2Fwp%2Fv2%2Fcomments&post=26580"}],"version-history":[{"count":1,"href":"https:\/\/akdenizolaygazetesi.com\/index.php?rest_route=\/wp\/v2\/posts\/26580\/revisions"}],"predecessor-version":[{"id":26582,"href":"https:\/\/akdenizolaygazetesi.com\/index.php?rest_route=\/wp\/v2\/posts\/26580\/revisions\/26582"}],"wp:featuredmedia":[{"embeddable":true,"href":"https:\/\/akdenizolaygazetesi.com\/index.php?rest_route=\/wp\/v2\/media\/26581"}],"wp:attachment":[{"href":"https:\/\/akdenizolaygazetesi.com\/index.php?rest_route=%2Fwp%2Fv2%2Fmedia&parent=26580"}],"wp:term":[{"taxonomy":"category","embeddable":true,"href":"https:\/\/akdenizolaygazetesi.com\/index.php?rest_route=%2Fwp%2Fv2%2Fcategories&post=26580"},{"taxonomy":"post_tag","embeddable":true,"href":"https:\/\/akdenizolaygazetesi.com\/index.php?rest_route=%2Fwp%2Fv2%2Ftags&post=26580"}],"curies":[{"name":"wp","href":"https:\/\/api.w.org\/{rel}","templated":true}]}}