{"id":26586,"date":"2023-07-02T15:24:02","date_gmt":"2023-07-02T12:24:02","guid":{"rendered":"http:\/\/akdenizolaygazetesi.com\/?p=26586"},"modified":"2023-07-02T15:24:02","modified_gmt":"2023-07-02T12:24:02","slug":"kilavuz-bedeli-olum-bile-olsa-o-affedilip-serbest-birakilan-kisi-milyonlarca-alevinin-vicdanlarinda-hep-mahkum-kalacaktir","status":"publish","type":"post","link":"https:\/\/akdenizolaygazetesi.com\/?p=26586","title":{"rendered":"KILAVUZ &#8221;BEDEL\u0130 \u00d6L\u00dcM B\u0130LE OLSA, O AFFED\u0130L\u0130P SERBEST BIRAKILAN K\u0130\u015e\u0130, M\u0130LYONLARCA ALEV\u0130N\u0130N V\u0130CDANLARINDA HEP MAHK\u00dbM KALACAKTIR. &#8220;"},"content":{"rendered":"<p>Sivas Mad\u0131mak Oteli&#8217;nde aralar\u0131nda \u015fair, yazar, sanat\u00e7\u0131 ve bilim insanlar\u0131n\u0131n bulundu\u011fu 33 can, Mersin Cemevi\u2019nde an\u0131ld\u0131. Mersin Cemevi \u0130nan\u00e7 Kurulu Ba\u015fkan\u0131 Erdo\u011fan Sevin Dede, 33 can i\u00e7in g\u00fclbeng okudu, \u00e7era\u011flar uyand\u0131r\u0131ld\u0131.<\/p>\n<p>Sinevizyon g\u00f6steriminin ard\u0131ndan konu\u015fan Mersin Cemevi Ba\u015fkan\u0131 Pir Hasan K\u0131lavuz, &#8221;Alevilerin haf\u0131zas\u0131nda unutulmayan tarihi g\u00fcnler vard\u0131r. Bu g\u00fcnlerin ac\u0131lar\u0131 ilikten kemi\u011fe ruhumuza i\u015flemi\u015ftir. Silmek istesek de olmuyor. 2 Temmuz 1993 b\u00f6yle bir g\u00fcnd\u00fcr.&#8221; dedi.<\/p>\n<p>2 Temmuz g\u00fcn\u00fc Sivas&#8217;ta hava gergin ve kur\u015fun gibi a\u011f\u0131r oldu\u011funu aktaran K\u0131lavuz, &#8220;G\u00fcn Cuma idi, camiden \u00e7\u0131kan cemaatle birlikte bir tak\u0131m \u015feriat heveslileri, Ozanlar An\u0131t\u0131n\u0131 yerde s\u00fcr\u00fckleyerek par\u00e7alad\u0131lar. Toplumu k\u0131\u015fk\u0131rtarak, &#8221;Ya Allah Bismillah Allahu Ekber&#8221; deyip Mad\u0131mak Otelini ta\u015f ya\u011fmuruna tutup ate\u015fe verdiler. &#8221;Ya\u015fas\u0131n \u015feriat, \u015feriat gelecek zul\u00fcm bitecek.&#8217; 2 Temmuz 1993,Sivas&#8217;ta Tekbir seslerinin unutulmad\u0131\u011f\u0131, planl\u0131 programl\u0131 katliam g\u00fcn\u00fcd\u00fcr. Ate\u015fi tutu\u015fturanlar, 33 can\u0131 diri diri yakanlar g\u00f6r\u00fcn\u00fcmde \u015feriat\u00e7\u0131lar oldu\u011funu ancak, \u00e7ok iyi bilindi\u011fi gibi g\u00f6r\u00fcnt\u00fcn\u00fcn arkas\u0131ndaki as\u0131l g\u00fcc\u00fcn, \u015feriat\u00e7\u0131lar\u0131 besleyen, b\u00fcy\u00fcten ve ordula\u015ft\u0131r\u0131p devrimcilerin, ilericilerin, Alevilerin \u00fczerine salan, katliamlar\u0131 yapt\u0131ran, devlet i\u00e7inde k\u00fcmelenen halk d\u00fc\u015fman\u0131 sivil \u00e7etelerdir.\u201d diye konu\u015ftu.<\/p>\n<p>\u201cAlevi camias\u0131ndan \u00f6z\u00fcr dilemediler\u201d<\/p>\n<p> &#8220;Bu g\u00fcn iktidar olanlar\u0131n i\u00e7erisinde Sivas&#8217;ta canlar\u0131m\u0131z\u0131 diri diri yakan halk d\u00fc\u015fmanlar\u0131n\u0131n g\u00f6n\u00fclda\u015flar\u0131 vard\u0131r&#8221; diyen K\u0131lavuz, \u015funlar\u0131 ifade etti:<\/p>\n<p>&#8220;As\u0131rlara yay\u0131lm\u0131\u015f gerici gelenek de\u011fi\u015fmedi bu topraklarda. \u015eiddet ve ink\u00e2r tarihsel bir miras olarak kutsand\u0131 ve ta\u015f\u0131nd\u0131 g\u00fcn\u00fcm\u00fcze. K\u00fclt\u00fcrel zenginli\u011fin be\u015fi\u011fi yap\u0131lmayan bu topraklar, k\u00fclt\u00fcrel katliamlar\u0131n toplu mezarl\u0131klar\u0131na d\u00f6n\u00fc\u015ft\u00fcr\u00fcld\u00fc. Bu topraklardaki farkl\u0131 inan\u00e7 ve k\u00fclt\u00fcrlere hi\u00e7bir zaman tahamm\u00fcl edilmedi. Mad\u0131mak Otelinde yak\u0131lan 33 can\u0131n katili, saray taraf\u0131ndan affedilip ceza evinden \u00e7\u0131kar\u0131ld\u0131. 30 y\u0131l i\u00e7erisinde gelip giden iktidarlar ve h\u00e2len iktidar olanlar tek bir sefer olsun ma\u011fdur ailelerden ve Alevi camias\u0131ndan \u00f6z\u00fcr dilemediler. Ama unutulmamal\u0131 ki bedeli \u00f6l\u00fcm bile olsa, o affedilip serbest b\u0131rak\u0131lan ki\u015fi, milyonlarca Alevinin vicdanlar\u0131nda hep mahk\u00fbm kalacakt\u0131r. E\u015fit yurtta\u015fl\u0131k, bar\u0131\u015f ve karde\u015flik her dem bizim \u015fiar\u0131m\u0131z olsun.&#8221;<\/p>\n<p>K\u0131lavuz&#8217;un konu\u015fmas\u0131n\u0131n ard\u0131ndan  zakir R\u0131za Ayd\u0131n&#8217;\u0131n seslendirdi\u011fi deyi\u015fle canlar\u0131m\u0131z semah d\u00f6nd\u00fc. \u015eef Ayhan Danyeli y\u00f6netiminde  Mersin Cemevi Korosu taraf\u0131ndan deyi\u015fler seslendirildi.<\/p>\n","protected":false},"excerpt":{"rendered":"<p>Sivas Mad\u0131mak Oteli&#8217;nde aralar\u0131nda \u015fair, yazar, sanat\u00e7\u0131 ve bilim insanlar\u0131n\u0131n bulundu\u011fu 33 can, Mersin Cemevi\u2019nde an\u0131ld\u0131. Mersin Cemevi \u0130nan\u00e7 Kurulu Ba\u015fkan\u0131 Erdo\u011fan Sevin Dede, 33 can i\u00e7in g\u00fclbeng okudu, \u00e7era\u011flar &hellip; <a href=\"https:\/\/akdenizolaygazetesi.com\/?p=26586\" class=\"more-link\">Devam\u0131n\u0131 Oku&#8230;<\/a><\/p>\n","protected":false},"author":2,"featured_media":26587,"comment_status":"open","ping_status":"open","sticky":false,"template":"","format":"standard","meta":[],"categories":[3],"tags":[],"_links":{"self":[{"href":"https:\/\/akdenizolaygazetesi.com\/index.php?rest_route=\/wp\/v2\/posts\/26586"}],"collection":[{"href":"https:\/\/akdenizolaygazetesi.com\/index.php?rest_route=\/wp\/v2\/posts"}],"about":[{"href":"https:\/\/akdenizolaygazetesi.com\/index.php?rest_route=\/wp\/v2\/types\/post"}],"author":[{"embeddable":true,"href":"https:\/\/akdenizolaygazetesi.com\/index.php?rest_route=\/wp\/v2\/users\/2"}],"replies":[{"embeddable":true,"href":"https:\/\/akdenizolaygazetesi.com\/index.php?rest_route=%2Fwp%2Fv2%2Fcomments&post=26586"}],"version-history":[{"count":1,"href":"https:\/\/akdenizolaygazetesi.com\/index.php?rest_route=\/wp\/v2\/posts\/26586\/revisions"}],"predecessor-version":[{"id":26588,"href":"https:\/\/akdenizolaygazetesi.com\/index.php?rest_route=\/wp\/v2\/posts\/26586\/revisions\/26588"}],"wp:featuredmedia":[{"embeddable":true,"href":"https:\/\/akdenizolaygazetesi.com\/index.php?rest_route=\/wp\/v2\/media\/26587"}],"wp:attachment":[{"href":"https:\/\/akdenizolaygazetesi.com\/index.php?rest_route=%2Fwp%2Fv2%2Fmedia&parent=26586"}],"wp:term":[{"taxonomy":"category","embeddable":true,"href":"https:\/\/akdenizolaygazetesi.com\/index.php?rest_route=%2Fwp%2Fv2%2Fcategories&post=26586"},{"taxonomy":"post_tag","embeddable":true,"href":"https:\/\/akdenizolaygazetesi.com\/index.php?rest_route=%2Fwp%2Fv2%2Ftags&post=26586"}],"curies":[{"name":"wp","href":"https:\/\/api.w.org\/{rel}","templated":true}]}}