{"id":26589,"date":"2023-07-03T12:39:36","date_gmt":"2023-07-03T09:39:36","guid":{"rendered":"http:\/\/akdenizolaygazetesi.com\/?p=26589"},"modified":"2023-07-03T12:39:36","modified_gmt":"2023-07-03T09:39:36","slug":"nakliyecilerin-yeni-yeri-buyuksehirin-lojistik-merkezi-olacak","status":"publish","type":"post","link":"https:\/\/akdenizolaygazetesi.com\/?p=26589","title":{"rendered":"NAKL\u0130YEC\u0130LER\u0130N YEN\u0130 YER\u0130 B\u00dcY\u00dcK\u015eEH\u0130R&#8217;\u0130N &#8216;LOJ\u0130ST\u0130K MERKEZ\u0130&#8217; OLACAK"},"content":{"rendered":"<p>Mersin B\u00fcy\u00fck\u015fehir Belediyesi&#8217;nin nakliye komisyoncular\u0131 i\u00e7in projelendirdi\u011fi &#8216;Lojistik Merkezi&#8217;nin yap\u0131m \u00e7al\u0131\u015fmalar\u0131 ba\u015flad\u0131. Fen \u0130\u015fleri Daire Ba\u015fkanl\u0131\u011f\u0131 taraf\u0131ndan, Akdeniz il\u00e7esinde 76 bin 500 metrekare alanda in\u015fa edilen Lojistik Merkezi&#8217;nde, kaz\u0131 \u00e7al\u0131\u015fmalar\u0131 devam ediyor. Projenin 2024 y\u0131l\u0131 Mart ay\u0131nda tamamlanmas\u0131 planlan\u0131yor.<\/p>\n<p>Nakliye komisyoncular\u0131n\u0131n yeni yeri Lojistik Merkezi olacak<\/p>\n<p>Ara\u00e7 filosu yo\u011fun oldu\u011fu i\u00e7in ihtiyaca cevap veremeyen, \u015fehir i\u00e7erisinde kalmas\u0131 nedeniyle de trafik ve \u00e7evresel sorunlara neden olan Nakliyeciler Sitesi, komisyoncular i\u00e7in yetersiz kal\u0131yordu. Site, nakliyeciler i\u00e7in dur-kalk maliyeti a\u00e7\u0131s\u0131ndan da \u00f6nemli bir kayba neden oluyordu. Bu soruna \u00e7\u00f6z\u00fcm bulmak i\u00e7in yola \u00e7\u0131kan Mersin B\u00fcy\u00fck\u015fehir Belediyesi, olduk\u00e7a b\u00fcy\u00fck bir alanda in\u015faat \u00e7al\u0131\u015fmalar\u0131na ba\u015flad\u0131.<\/p>\n<p>Fen \u0130\u015fleri Daire Ba\u015fkanl\u0131\u011f\u0131 taraf\u0131ndan, Nacarl\u0131 b\u00f6lgesinde in\u015faat \u00e7al\u0131\u015fmalar\u0131na ba\u015flanan Lojistik Merkezi, nakliye komisyoncular\u0131n\u0131n t\u00fcm ihtiya\u00e7lar\u0131na cevap verecek nitelikte olacak. Lojistik Merkezi i\u00e7erisinde, Mersin&#8217;de nakliye komisyonculu\u011fu yapan 100 firman\u0131n yer alaca\u011f\u0131 ofisler, mescit, market, restoran gibi ortak kullan\u0131ma ait sosyal tesisler, t\u0131r ve kamyonlar\u0131n park edece\u011fi 181 ara\u00e7l\u0131k t\u0131r park\u0131 yer alacak.<\/p>\n<p>Ayd\u0131n: &#8220;Lojistik Merkezi&#8217;nde 100 ofis, sosyal tesisler ve 181 ara\u00e7l\u0131k t\u0131r park\u0131 olacak&#8221;<\/p>\n<p>Fen \u0130\u015fleri Daire Ba\u015fkanl\u0131\u011f\u0131&#8217;nda Yap\u0131m Bak\u0131m Onar\u0131m \u015eube M\u00fcd\u00fcr\u00fc Yusuf Ayd\u0131n, projenin detaylar\u0131n\u0131 payla\u015farak, &#8220;22 May\u0131s 2023 tarihinde, Akdeniz \u0130l\u00e7esi Nacarl\u0131 b\u00f6lgesinde 76 bin 500 metrekare alan \u00fczerinde Lojistik Merkezi&#8217;nin yap\u0131m\u0131na ba\u015flad\u0131k. Proje kapsam\u0131nda, nakliye komisyonculu\u011fu yapan 100 firman\u0131n yer ald\u0131\u011f\u0131 ofisler, ortak kullan\u0131ma ait idari ve sosyal tesisler, servis bak\u0131m at\u00f6lyeleri ve 181 ara\u00e7l\u0131k t\u0131r park\u0131 yer al\u0131yor&#8221; dedi.<\/p>\n<p>Nakliyeciler i\u00e7in y\u0131llard\u0131r s\u00fcregelen trafik sorununun \u00e7\u00f6z\u00fcm\u00fcne, Lojistik Merkezi&#8217;nin \u00f6nemli katk\u0131 sunaca\u011f\u0131n\u0131 s\u00f6zlerine ekleyen Ayd\u0131n, &#8220;Projenin tamamlanmas\u0131yla, \u015fehir i\u00e7erisinde kalm\u0131\u015f Nakliyeciler Sitesi ve t\u0131r park\u0131n\u0131n yeni konumuna ta\u015f\u0131narak, \u015fu anda olu\u015fan trafik ve \u00e7evresel sorunlar\u0131n ortadan kald\u0131r\u0131lmas\u0131n\u0131 ama\u00e7l\u0131yoruz. Projenin 2024 y\u0131l\u0131 Mart ay\u0131nda tamamlanmas\u0131 planlan\u0131yor&#8221; diye konu\u015ftu.<\/p>\n","protected":false},"excerpt":{"rendered":"<p>Mersin B\u00fcy\u00fck\u015fehir Belediyesi&#8217;nin nakliye komisyoncular\u0131 i\u00e7in projelendirdi\u011fi &#8216;Lojistik Merkezi&#8217;nin yap\u0131m \u00e7al\u0131\u015fmalar\u0131 ba\u015flad\u0131. Fen \u0130\u015fleri Daire Ba\u015fkanl\u0131\u011f\u0131 taraf\u0131ndan, Akdeniz il\u00e7esinde 76 bin 500 metrekare alanda in\u015fa edilen Lojistik Merkezi&#8217;nde, kaz\u0131 \u00e7al\u0131\u015fmalar\u0131 &hellip; <a href=\"https:\/\/akdenizolaygazetesi.com\/?p=26589\" class=\"more-link\">Devam\u0131n\u0131 Oku&#8230;<\/a><\/p>\n","protected":false},"author":2,"featured_media":26590,"comment_status":"open","ping_status":"open","sticky":false,"template":"","format":"standard","meta":[],"categories":[2,3],"tags":[],"_links":{"self":[{"href":"https:\/\/akdenizolaygazetesi.com\/index.php?rest_route=\/wp\/v2\/posts\/26589"}],"collection":[{"href":"https:\/\/akdenizolaygazetesi.com\/index.php?rest_route=\/wp\/v2\/posts"}],"about":[{"href":"https:\/\/akdenizolaygazetesi.com\/index.php?rest_route=\/wp\/v2\/types\/post"}],"author":[{"embeddable":true,"href":"https:\/\/akdenizolaygazetesi.com\/index.php?rest_route=\/wp\/v2\/users\/2"}],"replies":[{"embeddable":true,"href":"https:\/\/akdenizolaygazetesi.com\/index.php?rest_route=%2Fwp%2Fv2%2Fcomments&post=26589"}],"version-history":[{"count":1,"href":"https:\/\/akdenizolaygazetesi.com\/index.php?rest_route=\/wp\/v2\/posts\/26589\/revisions"}],"predecessor-version":[{"id":26591,"href":"https:\/\/akdenizolaygazetesi.com\/index.php?rest_route=\/wp\/v2\/posts\/26589\/revisions\/26591"}],"wp:featuredmedia":[{"embeddable":true,"href":"https:\/\/akdenizolaygazetesi.com\/index.php?rest_route=\/wp\/v2\/media\/26590"}],"wp:attachment":[{"href":"https:\/\/akdenizolaygazetesi.com\/index.php?rest_route=%2Fwp%2Fv2%2Fmedia&parent=26589"}],"wp:term":[{"taxonomy":"category","embeddable":true,"href":"https:\/\/akdenizolaygazetesi.com\/index.php?rest_route=%2Fwp%2Fv2%2Fcategories&post=26589"},{"taxonomy":"post_tag","embeddable":true,"href":"https:\/\/akdenizolaygazetesi.com\/index.php?rest_route=%2Fwp%2Fv2%2Ftags&post=26589"}],"curies":[{"name":"wp","href":"https:\/\/api.w.org\/{rel}","templated":true}]}}