{"id":26656,"date":"2023-07-06T16:47:25","date_gmt":"2023-07-06T13:47:25","guid":{"rendered":"http:\/\/akdenizolaygazetesi.com\/?p=26656"},"modified":"2023-07-06T16:47:25","modified_gmt":"2023-07-06T13:47:25","slug":"sahile-sifir-parkin-cevre-duvarina-rengarenk-baliklar-turlu-deniz-canlilari-mercan-ve-yosun-cizildi","status":"publish","type":"post","link":"https:\/\/akdenizolaygazetesi.com\/?p=26656","title":{"rendered":"Sahile s\u0131f\u0131r park\u0131n \u00e7evre duvar\u0131na reng\u00e2renk bal\u0131klar, t\u00fcrl\u00fc deniz canl\u0131lar\u0131, mercan ve yosun \u00e7izildi"},"content":{"rendered":"<p>Akdeniz Belediyesi\u2019nin, Karaduvar Mahallesi sahiline kazand\u0131rd\u0131\u011f\u0131, y\u00fczlerce vatanda\u015f\u0131n dinlenmek, spor yapmak veya \u00e7ocuklar\u0131yla e\u011flenip piknik yapmak amac\u0131yla u\u011frad\u0131\u011f\u0131 Sardalya Park\u2019\u0131n duvarlar\u0131; t\u00fcrl\u00fc bal\u0131klar, deniz canl\u0131lar\u0131, yosun ve mercanlar \u00e7izilerek park\u0131n ad\u0131na yak\u0131\u015f\u0131r hale geldi.<br \/>\nAkdeniz Belediyesi\u2019nin d\u00fczenledi\u011fi Geleneksel Bal\u0131k Festivali ile ad\u0131n\u0131 t\u00fcm T\u00fcrkiye\u2019nin tan\u0131d\u0131\u011f\u0131 Karaduvar Mahallesi sahilinde, birka\u00e7 ay \u00f6nce yakla\u015f\u0131k 18 bin metrekarelik alan \u00fczerine kazand\u0131rd\u0131\u011f\u0131 Sardalya Park\u2019a her ya\u015ftan vatanda\u015f yo\u011fun ilgi g\u00f6steriyor. S\u0131caklardan ka\u00e7arak deniz havas\u0131 almak, aileleriyle e\u011flenip piknik veya spor yapmak isteyen vatanda\u015flar Sardalya Park\u2019a ak\u0131n ediyor.<br \/>\nPark\u0131n \u00e7evre koruma duvar\u0131 tabloya d\u00f6nd\u00fc<br \/>\nDenize s\u0131f\u0131r konumdaki 18 d\u00f6n\u00fcm b\u00fcy\u00fckl\u00fc\u011fe sahip Sardalya Park ve etraf\u0131ndaki ye\u015fil alanda hummal\u0131 bir \u00e7al\u0131\u015fma ger\u00e7ekle\u015fiyor. K\u00fclt\u00fcr ve Sanat M\u00fcd\u00fcrl\u00fc\u011f\u00fc personeli Ressam ve Heykelt\u0131ra\u015f Haydar Turan taraf\u0131ndan park\u0131 \u00e7evreleyen koruma duvar\u0131 adeta bir sanat eserine d\u00f6n\u00fc\u015f\u00fcyor. Ressam Turan, park\u0131 \u00e7evreleyen koruma duvar\u0131n\u0131n \u00fczerine ba\u015fta Sardalya olmak \u00fczere \u00e7e\u015fitli bal\u0131klar, t\u00fcrl\u00fc deniz canl\u0131lar\u0131, mercanlar ve yosunlar \u00e7izerek, Sardalya Park\u0131\u2019n\u0131 ad\u0131na yak\u0131\u015f\u0131r bir g\u00f6r\u00fcn\u00fcme kavu\u015fturdu.<br \/>\nMahalle sakinlerinden te\u015fekk\u00fcr\u2026<br \/>\nSardalya Park\u0131\u2019n\u0131n etraf\u0131n\u0131 saran metrelerce uzunluktaki koruma duvar\u0131n\u0131 s\u00fcsleyip m\u00fcthi\u015f bir g\u00fczellik katan Ressam Haydar Turan, sahile s\u0131f\u0131r konumdaki park\u0131n g\u00f6rselli\u011fi ve mimarisine de ayr\u0131 bir renk katt\u0131. Sardalya Park\u0131\u2019n\u0131n \u00e7ehresini tamamen de\u011fi\u015ftirip g\u00fczelle\u015ftiren duvar resimlerini g\u00f6ren Karaduvar Mahallesi sakinleri de be\u011fenilerini dile getirip eme\u011fi ge\u00e7enlere te\u015fekk\u00fcr etti. <\/p>\n","protected":false},"excerpt":{"rendered":"<p>Akdeniz Belediyesi\u2019nin, Karaduvar Mahallesi sahiline kazand\u0131rd\u0131\u011f\u0131, y\u00fczlerce vatanda\u015f\u0131n dinlenmek, spor yapmak veya \u00e7ocuklar\u0131yla e\u011flenip piknik yapmak amac\u0131yla u\u011frad\u0131\u011f\u0131 Sardalya Park\u2019\u0131n duvarlar\u0131; t\u00fcrl\u00fc bal\u0131klar, deniz canl\u0131lar\u0131, yosun ve mercanlar \u00e7izilerek park\u0131n &hellip; <a href=\"https:\/\/akdenizolaygazetesi.com\/?p=26656\" class=\"more-link\">Devam\u0131n\u0131 Oku&#8230;<\/a><\/p>\n","protected":false},"author":2,"featured_media":26657,"comment_status":"open","ping_status":"open","sticky":false,"template":"","format":"standard","meta":[],"categories":[1,2,3],"tags":[],"_links":{"self":[{"href":"https:\/\/akdenizolaygazetesi.com\/index.php?rest_route=\/wp\/v2\/posts\/26656"}],"collection":[{"href":"https:\/\/akdenizolaygazetesi.com\/index.php?rest_route=\/wp\/v2\/posts"}],"about":[{"href":"https:\/\/akdenizolaygazetesi.com\/index.php?rest_route=\/wp\/v2\/types\/post"}],"author":[{"embeddable":true,"href":"https:\/\/akdenizolaygazetesi.com\/index.php?rest_route=\/wp\/v2\/users\/2"}],"replies":[{"embeddable":true,"href":"https:\/\/akdenizolaygazetesi.com\/index.php?rest_route=%2Fwp%2Fv2%2Fcomments&post=26656"}],"version-history":[{"count":1,"href":"https:\/\/akdenizolaygazetesi.com\/index.php?rest_route=\/wp\/v2\/posts\/26656\/revisions"}],"predecessor-version":[{"id":26658,"href":"https:\/\/akdenizolaygazetesi.com\/index.php?rest_route=\/wp\/v2\/posts\/26656\/revisions\/26658"}],"wp:featuredmedia":[{"embeddable":true,"href":"https:\/\/akdenizolaygazetesi.com\/index.php?rest_route=\/wp\/v2\/media\/26657"}],"wp:attachment":[{"href":"https:\/\/akdenizolaygazetesi.com\/index.php?rest_route=%2Fwp%2Fv2%2Fmedia&parent=26656"}],"wp:term":[{"taxonomy":"category","embeddable":true,"href":"https:\/\/akdenizolaygazetesi.com\/index.php?rest_route=%2Fwp%2Fv2%2Fcategories&post=26656"},{"taxonomy":"post_tag","embeddable":true,"href":"https:\/\/akdenizolaygazetesi.com\/index.php?rest_route=%2Fwp%2Fv2%2Ftags&post=26656"}],"curies":[{"name":"wp","href":"https:\/\/api.w.org\/{rel}","templated":true}]}}