{"id":26681,"date":"2023-07-08T22:59:45","date_gmt":"2023-07-08T19:59:45","guid":{"rendered":"http:\/\/akdenizolaygazetesi.com\/?p=26681"},"modified":"2023-07-08T22:59:45","modified_gmt":"2023-07-08T19:59:45","slug":"buyuksehir-genclerin-farkindaligini-artirmaya-devam-ediyor","status":"publish","type":"post","link":"https:\/\/akdenizolaygazetesi.com\/?p=26681","title":{"rendered":"B\u00dcY\u00dcK\u015eEH\u0130R, GEN\u00c7LER\u0130N FARKINDALI\u011eINI ARTIRMAYA DEVAM ED\u0130YOR"},"content":{"rendered":"<p>Sanat\u0131n ve sanat\u00e7\u0131n\u0131n, her zaman destek\u00e7isi olan Mersin B\u00fcy\u00fck\u015fehir Belediyesi k\u00fclt\u00fcrel faaliyetlerini ve etkinliklerini gen\u00e7lerle bulu\u015fturmaya devam ediyor. Mersin B\u00fcy\u00fck\u015fehir Belediyesi K\u00fclt\u00fcr ve Sosyal \u0130\u015fler Dairesi Ba\u015fkanl\u0131\u011f\u0131 taraf\u0131ndan akademisyenlerin ve \u00fcniversite \u00f6\u011frencilerinin kat\u0131ld\u0131\u011f\u0131 &#8216;\u00dcniversitelerde Fikri M\u00fclkiyet Bilincinin Geli\u015ftirilmesi&#8217; konulu at\u00f6lye \u00e7al\u0131\u015fmas\u0131 d\u00fczenlendi.<\/p>\n<p>At\u00f6lye \u00e7al\u0131\u015fmas\u0131, Mersin B\u00fcy\u00fck\u015fehir Belediyesi K\u00fclt\u00fcr ve Sosyal \u0130\u015fler Dairesi Ba\u015fkanl\u0131\u011f\u0131&#8217;na ba\u011fl\u0131 Mersin Sinema Ofisi ve Belgesel Sinemac\u0131lar\u0131 Birli\u011fi&#8217;nin katk\u0131lar\u0131yla ger\u00e7ekle\u015fti.<\/p>\n<p>Belgesel sineman\u0131n \u00fcretim, haz\u0131rlanma ve proje a\u015famalar\u0131n\u0131n iki b\u00f6l\u00fcmde ele al\u0131nd\u0131\u011f\u0131 at\u00f6lyede; Belgesel Sinemac\u0131lar Birli\u011fi Y\u00f6netim Kurulu \u00fcyesi Kurtulu\u015f \u00d6zgen, Yap\u0131mc\u0131 ve Y\u00f6netmen Erdem Murat \u00c7eliker, Belgesel Sinemac\u0131l\u0131\u011f\u0131nda Fikri M\u00fclkiyet Hukuku ile ilgili dan\u0131\u015fmanl\u0131k sa\u011flayan Avukat Murat Ocakcan \u00f6\u011frencilere bilgiler verdi.<\/p>\n<p>\u00d6zgen: &#8220;B\u00fcy\u00fck\u015fehir&#8217;in sanat disiplinlerine verdi\u011fi destekleri takdirle kar\u015f\u0131l\u0131yorum&#8221;<\/p>\n<p>At\u00f6lyenin ilk a\u015famas\u0131n\u0131 belgesel sineman\u0131n temel \u00e7er\u00e7evesi ve proje haz\u0131rlama \u00fczerine olu\u015fturduklar\u0131n\u0131 s\u00f6yleyen Kurtulu\u015f \u00d6zgen, &#8220;\u0130lk etapta belgesel, sinema ve \u00fcretim ko\u015fullar\u0131 \u00fczerine bir seminer ger\u00e7ekle\u015ftirdik. Erdem Murat ise, \u00f6\u011frencilerimize, proje dosyas\u0131 haz\u0131rlama ve onu ulusal ve uluslararas\u0131 fonlara sunma \u00fczerine bilgilerini aktard\u0131&#8221; dedi. At\u00f6lyenin ikinci etab\u0131nda ise Murat Ocakcan, \u00f6\u011frencilere sinema d\u00fcnyas\u0131na dair telif haklar\u0131n\u0131 ve sorumluluklar\u0131n\u0131 anlatan \u00f6nemli bilgiler verdi.<\/p>\n<p>Sanata ve sanat\u00e7\u0131ya olan desteklerinden dolay\u0131 Mersin B\u00fcy\u00fck\u015fehir Belediyesi&#8217;ne te\u015fekk\u00fcr eden \u00d6zgen, &#8220;Sadece bizim projemize destek vermesinin d\u0131\u015f\u0131nda de\u011fi\u015fik sanat disiplerine verdi\u011fi desteklerden dolay\u0131 B\u00fcy\u00fck\u015fehir&#8217;in \u00e7al\u0131\u015fmalar\u0131n\u0131 takdirle kar\u015f\u0131l\u0131yorum&#8221; dedi.<\/p>\n","protected":false},"excerpt":{"rendered":"<p>Sanat\u0131n ve sanat\u00e7\u0131n\u0131n, her zaman destek\u00e7isi olan Mersin B\u00fcy\u00fck\u015fehir Belediyesi k\u00fclt\u00fcrel faaliyetlerini ve etkinliklerini gen\u00e7lerle bulu\u015fturmaya devam ediyor. Mersin B\u00fcy\u00fck\u015fehir Belediyesi K\u00fclt\u00fcr ve Sosyal \u0130\u015fler Dairesi Ba\u015fkanl\u0131\u011f\u0131 taraf\u0131ndan akademisyenlerin ve &hellip; <a href=\"https:\/\/akdenizolaygazetesi.com\/?p=26681\" class=\"more-link\">Devam\u0131n\u0131 Oku&#8230;<\/a><\/p>\n","protected":false},"author":2,"featured_media":26682,"comment_status":"open","ping_status":"open","sticky":false,"template":"","format":"standard","meta":[],"categories":[2,3],"tags":[],"_links":{"self":[{"href":"https:\/\/akdenizolaygazetesi.com\/index.php?rest_route=\/wp\/v2\/posts\/26681"}],"collection":[{"href":"https:\/\/akdenizolaygazetesi.com\/index.php?rest_route=\/wp\/v2\/posts"}],"about":[{"href":"https:\/\/akdenizolaygazetesi.com\/index.php?rest_route=\/wp\/v2\/types\/post"}],"author":[{"embeddable":true,"href":"https:\/\/akdenizolaygazetesi.com\/index.php?rest_route=\/wp\/v2\/users\/2"}],"replies":[{"embeddable":true,"href":"https:\/\/akdenizolaygazetesi.com\/index.php?rest_route=%2Fwp%2Fv2%2Fcomments&post=26681"}],"version-history":[{"count":1,"href":"https:\/\/akdenizolaygazetesi.com\/index.php?rest_route=\/wp\/v2\/posts\/26681\/revisions"}],"predecessor-version":[{"id":26683,"href":"https:\/\/akdenizolaygazetesi.com\/index.php?rest_route=\/wp\/v2\/posts\/26681\/revisions\/26683"}],"wp:featuredmedia":[{"embeddable":true,"href":"https:\/\/akdenizolaygazetesi.com\/index.php?rest_route=\/wp\/v2\/media\/26682"}],"wp:attachment":[{"href":"https:\/\/akdenizolaygazetesi.com\/index.php?rest_route=%2Fwp%2Fv2%2Fmedia&parent=26681"}],"wp:term":[{"taxonomy":"category","embeddable":true,"href":"https:\/\/akdenizolaygazetesi.com\/index.php?rest_route=%2Fwp%2Fv2%2Fcategories&post=26681"},{"taxonomy":"post_tag","embeddable":true,"href":"https:\/\/akdenizolaygazetesi.com\/index.php?rest_route=%2Fwp%2Fv2%2Ftags&post=26681"}],"curies":[{"name":"wp","href":"https:\/\/api.w.org\/{rel}","templated":true}]}}