{"id":26687,"date":"2023-07-08T23:04:07","date_gmt":"2023-07-08T20:04:07","guid":{"rendered":"http:\/\/akdenizolaygazetesi.com\/?p=26687"},"modified":"2023-07-08T23:04:07","modified_gmt":"2023-07-08T20:04:07","slug":"gultak-yaslilarimizin-engellilerimizin-yanindayiz-kimsesizlerin-kimsesiyiz","status":"publish","type":"post","link":"https:\/\/akdenizolaygazetesi.com\/?p=26687","title":{"rendered":"G\u00dcLTAK; \u201cYA\u015eLILARIMIZIN, ENGELL\u0130LER\u0130M\u0130Z\u0130N YANINDAYIZ, K\u0130MSES\u0130ZLER\u0130N K\u0130MSES\u0130Y\u0130Z\u201d"},"content":{"rendered":"<p>Akdeniz Belediye Ba\u015fkan\u0131 M. Mustafa G\u00fcltak, Kad\u0131n ve Aile Hizmetleri M\u00fcd\u00fcrl\u00fc\u011f\u00fc taraf\u0131ndan Evde Ki\u015fisel Bak\u0131m ve Temizlik Hizmeti sunulan vatanda\u015flar\u0131 evlerinde ziyaret etti. Ula\u015f\u0131lan hane say\u0131s\u0131n\u0131n 800\u2019e yakla\u015ft\u0131\u011f\u0131n\u0131 belirten Ba\u015fkan G\u00fcltak, \u201cBu hizmet, bizim d\u00f6nemimizde h\u0131zlanm\u0131\u015f ve bug\u00fcn bu kadar b\u00fcy\u00fcm\u00fc\u015f bir projedir. Ya\u015fl\u0131lar\u0131m\u0131z\u0131n, hasta, engelli ve kimsesiz vatanda\u015flar\u0131m\u0131z\u0131n hayatlar\u0131na dokunmaya \u00e7al\u0131\u015f\u0131yoruz. Ya\u015fl\u0131lar\u0131m\u0131z\u0131n, engellilerimizin ve kimsesizlerimizin kimsesi olaca\u011f\u0131z\u201d dedi.<br \/>\nAkdeniz Belediyesi\u2019nin, ya\u015fl\u0131, engelli, kimsesiz ve muhta\u00e7 durumdaki vatanda\u015flara periyodik \u015fekilde ve aral\u0131ks\u0131z sundu\u011fu Evde Ki\u015fisel Bak\u0131m (Berber-Kuaf\u00f6rl\u00fck) ve Temizlik Hizmeti verdi\u011fi ailelerin say\u0131s\u0131 800\u2019e ula\u015ft\u0131. Hizmet kapsam\u0131nda, Akdeniz il\u00e7e s\u0131n\u0131rlar\u0131 i\u00e7erisinde ikamet eden ya\u015fl\u0131, engelli, \u015fehit yak\u0131n\u0131, kimsesiz ve ihtiya\u00e7 sahibi vatanda\u015flara ev ziyaretleri yap\u0131l\u0131yor. Ziyaretlerde dezavantajl\u0131 durumdaki vatanda\u015flara sa\u00e7 kesimi, el ve ayak bak\u0131m\u0131 gibi \u00e7e\u015fitli kuaf\u00f6rl\u00fck hizmetleri sunuluyor. Ayr\u0131ca evde temizlik hizmetiyle de gidilen hanenin g\u00fcnl\u00fck temizlik ihtiyac\u0131n\u0131 kar\u015f\u0131layacak \u015fekilde cam, kap\u0131, silme, s\u00fcp\u00fcrme, toz alma, banyo, WC temizli\u011fi yap\u0131l\u0131yor.<br \/>\n\u201cUla\u015ft\u0131\u011f\u0131m\u0131z hane say\u0131s\u0131n\u0131 10 kat artt\u0131rd\u0131k\u201d<br \/>\nAkdeniz Belediye Ba\u015fkan\u0131 Mustafa G\u00fcltak; \u0130hsaniye, M\u00fcfide \u0130lhan ile Yeni Mahallede ya\u015fayan ve belediyenin sundu\u011fu evde ki\u015fisel bak\u0131m ve temizlik hizmetinin yan\u0131 s\u0131ra, kanser hastalar\u0131na sunulan onkob\u00fcs servis hizmeti alan vatanda\u015flar\u0131 evlerinde ziyaret ederek sohbet etti, taleplerini dinledi. Kimsesiz, ya\u015fl\u0131 ve engelli vatanda\u015flar\u0131 s\u0131k s\u0131k ziyaret edip yaln\u0131z b\u0131rakmad\u0131klar\u0131n\u0131 belirten Ba\u015fkan G\u00fcltak; \u201cBiz g\u00f6reve geldi\u011fimizde ula\u015f\u0131lan ev say\u0131s\u0131 80 iken biz ise bug\u00fcn 780 ailemize ula\u015f\u0131yoruz. Yakla\u015f\u0131k 10 kat daha fazla hane say\u0131s\u0131na bu hizmeti veriyoruz. Bu hizmeti alan vatanda\u015flar\u0131m\u0131z\u0131n geliri d\u00fc\u015f\u00fckse maddi yard\u0131mda bulunuyor, g\u0131da malzemeleri konusunda destek oluyoruz. Hastaneye ula\u015f\u0131m ihtiya\u00e7lar\u0131 varsa Kad\u0131n ve Aile Hizmetleri M\u00fcd\u00fcrl\u00fc\u011f\u00fcm\u00fcz eliyle bu hizmeti de sunuyoruz\u201d dedi.<br \/>\n\u201cYa\u015fl\u0131lar\u0131m\u0131z\u0131n, engelli ve kimsesiz insanlar\u0131m\u0131z\u0131n hayat\u0131na dokunuyoruz\u201d<br \/>\nEvde Bak\u0131m ve Temizlik hizmeti verilen hane say\u0131s\u0131n\u0131n artt\u0131\u011f\u0131n\u0131 kaydeden Ba\u015fkan G\u00fcltak \u201cYa\u015fl\u0131lar\u0131m\u0131z\u0131n, hasta, engelli ve kimsesiz vatanda\u015flar\u0131m\u0131z\u0131n hayatlar\u0131na dokunmaya \u00e7al\u0131\u015f\u0131yoruz. Bu hizmet, bizim d\u00f6nemimizde h\u0131zlanm\u0131\u015f ve bug\u00fcn bu kadar b\u00fcy\u00fcm\u00fc\u015f bir projedir. Bug\u00fcn itibariyle 5 grup; sabah ve \u00f6\u011fleden sonra olmak \u00fczere g\u00fcnde 2 kere mahallelere \u00e7\u0131k\u0131p, en az 10 eve u\u011fray\u0131p hizmet veriyorlar. Vatanda\u015flar\u0131m\u0131z, kendilerine sundu\u011fumuz bu hizmetten memnun. Ya\u015fl\u0131lar\u0131m\u0131z\u0131n, engellilerimizin ve kimsesizlerimizin kimsesi olaca\u011f\u0131z. Devletimizin b\u00fcy\u00fckl\u00fc\u011f\u00fcn\u00fc ve s\u0131cakl\u0131\u011f\u0131n\u0131 Akdeniz\u2019de, personelimizle birlikte ihtiya\u00e7 duyan insanlar\u0131m\u0131za ula\u015ft\u0131rmaya devam edece\u011fiz\u201d diye konu\u015ftu.<br \/>\nEvde bak\u0131m ve temizlik hizmeti alan vatanda\u015flar da duygular\u0131n\u0131 dile getirerek, hizmetlerden \u00e7ok memnun olduklar\u0131n\u0131 ifade etti. Konu\u015furken kimi zaman duygulanan vatanda\u015flar, Akdeniz Belediye Ba\u015fkan Mustafa G\u00fcltak ile Kad\u0131n ve Aile Hizmetleri M\u00fcd\u00fcrl\u00fc\u011f\u00fc ve personeline te\u015fekk\u00fcr etti.<\/p>\n","protected":false},"excerpt":{"rendered":"<p>Akdeniz Belediye Ba\u015fkan\u0131 M. Mustafa G\u00fcltak, Kad\u0131n ve Aile Hizmetleri M\u00fcd\u00fcrl\u00fc\u011f\u00fc taraf\u0131ndan Evde Ki\u015fisel Bak\u0131m ve Temizlik Hizmeti sunulan vatanda\u015flar\u0131 evlerinde ziyaret etti. Ula\u015f\u0131lan hane say\u0131s\u0131n\u0131n 800\u2019e yakla\u015ft\u0131\u011f\u0131n\u0131 belirten Ba\u015fkan &hellip; <a href=\"https:\/\/akdenizolaygazetesi.com\/?p=26687\" class=\"more-link\">Devam\u0131n\u0131 Oku&#8230;<\/a><\/p>\n","protected":false},"author":2,"featured_media":26688,"comment_status":"open","ping_status":"open","sticky":false,"template":"","format":"standard","meta":[],"categories":[1,2,3,9],"tags":[],"_links":{"self":[{"href":"https:\/\/akdenizolaygazetesi.com\/index.php?rest_route=\/wp\/v2\/posts\/26687"}],"collection":[{"href":"https:\/\/akdenizolaygazetesi.com\/index.php?rest_route=\/wp\/v2\/posts"}],"about":[{"href":"https:\/\/akdenizolaygazetesi.com\/index.php?rest_route=\/wp\/v2\/types\/post"}],"author":[{"embeddable":true,"href":"https:\/\/akdenizolaygazetesi.com\/index.php?rest_route=\/wp\/v2\/users\/2"}],"replies":[{"embeddable":true,"href":"https:\/\/akdenizolaygazetesi.com\/index.php?rest_route=%2Fwp%2Fv2%2Fcomments&post=26687"}],"version-history":[{"count":1,"href":"https:\/\/akdenizolaygazetesi.com\/index.php?rest_route=\/wp\/v2\/posts\/26687\/revisions"}],"predecessor-version":[{"id":26689,"href":"https:\/\/akdenizolaygazetesi.com\/index.php?rest_route=\/wp\/v2\/posts\/26687\/revisions\/26689"}],"wp:featuredmedia":[{"embeddable":true,"href":"https:\/\/akdenizolaygazetesi.com\/index.php?rest_route=\/wp\/v2\/media\/26688"}],"wp:attachment":[{"href":"https:\/\/akdenizolaygazetesi.com\/index.php?rest_route=%2Fwp%2Fv2%2Fmedia&parent=26687"}],"wp:term":[{"taxonomy":"category","embeddable":true,"href":"https:\/\/akdenizolaygazetesi.com\/index.php?rest_route=%2Fwp%2Fv2%2Fcategories&post=26687"},{"taxonomy":"post_tag","embeddable":true,"href":"https:\/\/akdenizolaygazetesi.com\/index.php?rest_route=%2Fwp%2Fv2%2Ftags&post=26687"}],"curies":[{"name":"wp","href":"https:\/\/api.w.org\/{rel}","templated":true}]}}