{"id":26696,"date":"2023-07-10T13:14:40","date_gmt":"2023-07-10T10:14:40","guid":{"rendered":"http:\/\/akdenizolaygazetesi.com\/?p=26696"},"modified":"2023-07-10T13:14:40","modified_gmt":"2023-07-10T10:14:40","slug":"erkoc-yapilan-yeni-duzenlemeler-ikinci-el-otomobil-sektorununun-normallesmesini-saglayacak","status":"publish","type":"post","link":"https:\/\/akdenizolaygazetesi.com\/?p=26696","title":{"rendered":"ERKO\u00c7: \u201cYAPILAN YEN\u0130 D\u00dcZENLEMELER \u0130K\u0130NC\u0130 EL OTOMOB\u0130L SEKT\u00d6R\u00dcN\u00dcN\u00dcN NORMALLE\u015eMES\u0130N\u0130 SA\u011eLAYACAK\u201d"},"content":{"rendered":"<p>MASFED Genel Ba\u015fkan\u0131 Ayd\u0131n Erko\u00e7: \u201cTicaret Bakanl\u0131\u011f\u0131m\u0131z taraf\u0131ndan otomobil fiyatlar\u0131ndaki fahi\u015f art\u0131\u015flar\u0131n \u00f6n\u00fcne ge\u00e7mek ve stok\u00e7ulu\u011fu engellemek i\u00e7in yap\u0131lan yeni d\u00fczenlemeler sekt\u00f6r\u00fc rahatlatacakt\u0131r.\u201d<\/p>\n<p>Ticaret Bakanl\u0131\u011f\u0131 ge\u00e7ti\u011fimiz haftalarda hayata ge\u00e7irdi\u011fi yeni d\u00fczenleme ile s\u0131f\u0131r ara\u00e7lar\u0131n sat\u0131n al\u0131nd\u0131ktan sonraki 6 ay i\u00e7inde ve 6000 km \u00f6ncesi sat\u0131lamamas\u0131 karar\u0131n\u0131 1 Ocak 2024 tarihine kadar uzatm\u0131\u015f; bu kapsamda d\u00fczenlemeye bireysel sat\u0131\u015flar da dahil edilmi\u015fti.<\/p>\n<p>Bakanl\u0131k bu d\u00fczenlemeye ek olarak, ikinci el motorlu kara ta\u015f\u0131tlar\u0131n\u0131n \u00fcretici veya distrib\u00fct\u00f6r taraf\u0131ndan tavsiye edilen g\u00fcncel sat\u0131\u015f fiyat\u0131n\u0131n \u00fczerinde bir fiyattan ilan yoluyla pazarlanmas\u0131na 1 Ocak 2024 tarihine kadar k\u0131s\u0131tlama getirildi\u011fini a\u00e7\u0131klad\u0131.<\/p>\n<p>Konuya ili\u015fkin de\u011ferlendirmelerde bulunan Motorlu Ara\u00e7 Sat\u0131c\u0131lar\u0131 Federasyonu (MASFED) Genel Ba\u015fkan\u0131 Ayd\u0131n Erko\u00e7, bu yap\u0131lan d\u00fczenlemelerle arz talep dengesini de bozan stok\u00e7ulu\u011fun engellenece\u011fini, piyasadaki fahi\u015f fiyat art\u0131\u015flar\u0131n\u0131n ve haks\u0131z rekabetin \u00f6n\u00fcne ge\u00e7ilece\u011fini ve piyasan\u0131n normalle\u015fmeye ba\u015flayaca\u011f\u0131n\u0131 ifade etti.<\/p>\n<p>Erko\u00e7, a\u00e7\u0131klamas\u0131nda \u201cSon iki y\u0131ld\u0131r ara\u00e7 fiyatlar\u0131n\u0131n s\u00fcrekli y\u00fckseldi\u011fini g\u00f6r\u00fcyoruz.  Arz talepte ya\u015fanan sorunlar\u0131n ve dalgal\u0131 seyreden d\u00f6viz kurunun yan\u0131 s\u0131ra sekt\u00f6rdeki kay\u0131t d\u0131\u015f\u0131l\u0131k ve stok\u00e7uluk da ara\u00e7 fiyatlar\u0131n\u0131n y\u00fckselmesine sebep oluyor. Motorlu ara\u00e7 sat\u0131c\u0131lar\u0131na getirilen 6 ay 6000 km s\u0131n\u0131rlamas\u0131 sonras\u0131 bu y\u0131l\u0131n ilk 5 ay\u0131nda s\u0131f\u0131r ara\u00e7 sat\u0131\u015flar\u0131nda ge\u00e7en y\u0131l\u0131n ayn\u0131 d\u00f6nemine oranla y\u00fczde 70 civar\u0131nda bir art\u0131\u015f g\u00f6r\u00fcyoruz. \u00c7\u00fcnk\u00fc \u015fah\u0131slar ara\u00e7 al\u0131p satmaya, stok\u00e7uluk yapmaya ve kay\u0131t d\u0131\u015f\u0131l\u0131\u011f\u0131 artt\u0131rmaya devam etti. \u0130htiya\u00e7 sahibi olan vatanda\u015flar\u0131m\u0131z bayiye gitti\u011fi zaman s\u0131f\u0131r ara\u00e7 bulam\u0131yordu ve bayiler ara\u00e7lar\u0131 ne zaman verebileceklerini bilemediklerini s\u00f6yl\u00fcyordu. Ancak d\u00fczenlemenin bireyleri de kapsamas\u0131yla piyasada normalle\u015fme ba\u015flad\u0131 ve \u015fu an bayilerde ara\u00e7 bulunabiliyor. \u0130kinci el otomobilin s\u0131f\u0131r ara\u00e7 fiyat\u0131ndan y\u00fcksek olamayaca\u011f\u0131na dair yap\u0131lan ek d\u00fczenleme de piyasay\u0131 rahatlatacak; fiyatlarda olu\u015fan k\u00f6p\u00fc\u011f\u00fc ortadan kald\u0131racakt\u0131r. Bakanl\u0131\u011f\u0131m\u0131z\u0131n otomotiv sekt\u00f6r\u00fcne bir standart getirmek amac\u0131yla titizlikle \u00e7al\u0131\u015farak hayata ge\u00e7irdi\u011fi bu yeni d\u00fczenlemeler sayesinde t\u00fcketici ma\u011fduriyetleri de ortadan kalkacakt\u0131r\u201d diye konu\u015ftu.<\/p>\n<p>s\u0131f\u0131r ara\u00e7 sat\u0131\u015flar\u0131nda bu y\u0131l\u0131n ilk 5 ay\u0131nda ge\u00e7en y\u0131l\u0131n ayn\u0131 d\u00f6nemine g\u00f6re motorlu ara\u00e7 sat\u0131c\u0131lar\u0131na k\u0131s\u0131tlama getirildi\u011fi halde y\u00fczde 70 civar\u0131nda bir art\u0131\u015f var. \u00c7\u00fcnk\u00fc \u015fah\u0131slar ara\u00e7 al\u0131p satmaya, piyasay\u0131 haks\u0131z bir \u015fekilde y\u00fckseltmeye devam ediyor. <\/p>\n<p>\u201cHerkes kurallara riayet etmeli\u201d<\/p>\n<p>T\u00fcm ger\u00e7ek ve t\u00fczel ki\u015filerin gerek bireysel gerekse ticari ilanlar\u0131n\u0131 kapsayacak olan d\u00fczenlemenin 15 Temmuz\u2019da y\u00fcr\u00fcrl\u00fc\u011fe girece\u011fini hat\u0131rlatan Erko\u00e7, a\u00e7\u0131klaman\u0131n hemen ard\u0131ndan ilan sitelerinde baz\u0131 ki\u015filerin ilana koyduklar\u0131 ara\u00e7lardan 3 s\u0131f\u0131r atarak alternatif yollar arad\u0131klar\u0131n\u0131n da g\u00fcndeme geldi\u011fini belirtti ve \u201cBakanl\u0131\u011f\u0131m\u0131z bu y\u00f6ntemlerle ara\u00e7lar\u0131 satmaya \u00e7al\u0131\u015fanlar\u0131 da denetliyor. O y\u00fczden gerek sekt\u00f6r\u00fcn d\u00fczene girmesi ve fiyat art\u0131\u015flar\u0131n\u0131n \u00f6n\u00fcne ge\u00e7ilmesi, gerekse cezai i\u015flemlere konu olmamak i\u00e7in yap\u0131lan d\u00fczenlemelere ve y\u00f6netmeliklere riayet etmek gerekiyor\u201d uyar\u0131s\u0131nda bulundu. <\/p>\n","protected":false},"excerpt":{"rendered":"<p>MASFED Genel Ba\u015fkan\u0131 Ayd\u0131n Erko\u00e7: \u201cTicaret Bakanl\u0131\u011f\u0131m\u0131z taraf\u0131ndan otomobil fiyatlar\u0131ndaki fahi\u015f art\u0131\u015flar\u0131n \u00f6n\u00fcne ge\u00e7mek ve stok\u00e7ulu\u011fu engellemek i\u00e7in yap\u0131lan yeni d\u00fczenlemeler sekt\u00f6r\u00fc rahatlatacakt\u0131r.\u201d Ticaret Bakanl\u0131\u011f\u0131 ge\u00e7ti\u011fimiz haftalarda hayata ge\u00e7irdi\u011fi yeni &hellip; <a href=\"https:\/\/akdenizolaygazetesi.com\/?p=26696\" class=\"more-link\">Devam\u0131n\u0131 Oku&#8230;<\/a><\/p>\n","protected":false},"author":2,"featured_media":26697,"comment_status":"open","ping_status":"open","sticky":false,"template":"","format":"standard","meta":[],"categories":[8,2,3],"tags":[],"_links":{"self":[{"href":"https:\/\/akdenizolaygazetesi.com\/index.php?rest_route=\/wp\/v2\/posts\/26696"}],"collection":[{"href":"https:\/\/akdenizolaygazetesi.com\/index.php?rest_route=\/wp\/v2\/posts"}],"about":[{"href":"https:\/\/akdenizolaygazetesi.com\/index.php?rest_route=\/wp\/v2\/types\/post"}],"author":[{"embeddable":true,"href":"https:\/\/akdenizolaygazetesi.com\/index.php?rest_route=\/wp\/v2\/users\/2"}],"replies":[{"embeddable":true,"href":"https:\/\/akdenizolaygazetesi.com\/index.php?rest_route=%2Fwp%2Fv2%2Fcomments&post=26696"}],"version-history":[{"count":1,"href":"https:\/\/akdenizolaygazetesi.com\/index.php?rest_route=\/wp\/v2\/posts\/26696\/revisions"}],"predecessor-version":[{"id":26698,"href":"https:\/\/akdenizolaygazetesi.com\/index.php?rest_route=\/wp\/v2\/posts\/26696\/revisions\/26698"}],"wp:featuredmedia":[{"embeddable":true,"href":"https:\/\/akdenizolaygazetesi.com\/index.php?rest_route=\/wp\/v2\/media\/26697"}],"wp:attachment":[{"href":"https:\/\/akdenizolaygazetesi.com\/index.php?rest_route=%2Fwp%2Fv2%2Fmedia&parent=26696"}],"wp:term":[{"taxonomy":"category","embeddable":true,"href":"https:\/\/akdenizolaygazetesi.com\/index.php?rest_route=%2Fwp%2Fv2%2Fcategories&post=26696"},{"taxonomy":"post_tag","embeddable":true,"href":"https:\/\/akdenizolaygazetesi.com\/index.php?rest_route=%2Fwp%2Fv2%2Ftags&post=26696"}],"curies":[{"name":"wp","href":"https:\/\/api.w.org\/{rel}","templated":true}]}}