{"id":26699,"date":"2023-07-10T13:16:04","date_gmt":"2023-07-10T10:16:04","guid":{"rendered":"http:\/\/akdenizolaygazetesi.com\/?p=26699"},"modified":"2023-07-10T13:16:04","modified_gmt":"2023-07-10T10:16:04","slug":"milletvekili-ali-bozan-mersinde-ucretlerini-alamayan-toki-iscilerini-meclise-tasidi","status":"publish","type":"post","link":"https:\/\/akdenizolaygazetesi.com\/?p=26699","title":{"rendered":"Milletvekili Ali Bozan, Mersin&#8217;de \u00fccretlerini alamayan TOK\u0130 i\u015f\u00e7ilerini Meclis&#8217;e ta\u015f\u0131d\u0131"},"content":{"rendered":"<p>Ye\u015fil Sol Parti Mersin Milletvekili Ali Bozan, Mersin&#8217;de aylard\u0131r maa\u015flar\u0131 \u00f6denmedi\u011fi i\u00e7in \u00e7al\u0131\u015fmay\u0131 durduran TOK\u0130 i\u015f\u00e7ilerini Meclis g\u00fcndemine ta\u015f\u0131d\u0131. Milletvekili Bozan, \u00c7evre \u015eehircilik ve \u0130klim De\u011fi\u015fikli\u011fi Bakan\u0131 Mehmet \u00d6zhaseki&#8217;ye cevaplamak \u00fczere verdi\u011fi soru \u00f6nergesinde TOK\u0130 i\u015f\u00e7ilerine kesilen para cezas\u0131 iddias\u0131n\u0131 da sordu.<\/p>\n<p>AKP&#8217;li Akdeniz Belediye Ba\u015fkan\u0131 M. Mustafa G\u00fcltak&#8217;\u0131n ba\u015flatt\u0131\u011f\u0131 kentsel d\u00f6n\u00fc\u015f\u00fcm projesi kapsam\u0131nda yap\u0131m\u0131na ba\u015flanan Toplu Konut \u0130daresi (TOK\u0130) in\u015faat\u0131nda \u00e7al\u0131\u015fan i\u015f\u00e7iler, aylard\u0131r maa\u015flar\u0131n\u0131 alam\u0131yor.  Maa\u015flar\u0131n\u0131 alamad\u0131klar\u0131 gibi, i\u015f b\u0131rakt\u0131klar\u0131 i\u00e7in ceza alan i\u015f\u00e7iler ma\u011fduriyetlerinin giderilmesini istiyor. \u0130\u015f\u00e7ileri ziyaret eden Ye\u015fil Sol Parti Mersin Milletvekili Ali Bozan, konuyu T\u00fcrkiye B\u00fcy\u00fck Millet Meclisi&#8217;ne (TBMM) ta\u015f\u0131d\u0131.<\/p>\n<p>Milletvekili Bozan, \u00c7evre \u015eehircilik ve \u0130klim De\u011fi\u015fikli\u011fi Bakan\u0131 Mehmet \u00d6zhaseki&#8217;ye cevaplamak \u00fczere verdi\u011fi soru \u00f6nergesinde, &#8220;Se\u00e7im b\u00f6lgem Mersin&#8217;de Toplu Konut \u0130daresi (TOK\u0130) Ba\u015fkanl\u0131\u011f\u0131 taraf\u0131ndan Mersin ili Akdeniz il\u00e7esi Bah\u00e7e ve Bar\u0131\u015f Mahalleleri Kentsel D\u00f6n\u00fc\u015f\u00fcm Projesi kapsam\u0131nda, &#8216;1 Etap 415 adet konut-50 adet d\u00fckk\u00e2n-Cami-Kre\u015f-Ticaret ve K\u00fclt\u00fcr Merkezi \u0130n\u015faatlar\u0131 ile Altyap\u0131 ve \u00c7evre D\u00fczenleme \u0130\u015fi&#8217; olarak 27.08.2011 y\u0131l\u0131nda ihale edilen in\u015faatta, \u00e7al\u0131\u015fmalar\u0131n b\u00fcy\u00fck \u00e7o\u011funlukla durma a\u015famas\u0131na geldi\u011fini g\u00f6zlemledini s\u00f6yledi. Mart ay\u0131ndan bu yana y\u00fcz\u00fc a\u015fk\u0131n i\u015f\u00e7i, maa\u015flar\u0131n\u0131 alamad\u0131klar\u0131 i\u00e7in i\u015f durduklar\u0131n\u0131 kendisine aktard\u0131\u011f\u0131n\u0131 s\u00f6yleyen Bozan, &#8220;\u0130\u015f\u00e7iler, TOK\u0130&#8217;nin y\u00fcklenicili\u011fini \u00fcstelenen \u00c7al\u0131\u015fkaner \u0130n\u015faat+ Gen-Ka \u0130n\u015faat + Aselta\u015f Yap\u0131 \u0130\u015f ortakl\u0131\u011f\u0131 y\u00f6neticileriyle yapt\u0131klar\u0131 g\u00f6r\u00fc\u015fmelerde de olumlu sonu\u00e7 alamad\u0131klar\u0131n\u0131 ifade ettiler. \u00dcstelik, mart ay\u0131ndan bu yana \u00fccretlerini alamad\u0131klar\u0131 i\u00e7in i\u015f b\u0131rakan i\u015f\u00e7ilere y\u00fcklenici firma taraf\u0131ndan alacaklar\u0131ndan kesinti yap\u0131lmas\u0131 suretiyle &#8216;i\u015f b\u0131rakma cezas\u0131&#8217; verildi\u011fi iddia edilmi\u015ftir&#8221; a\u00e7\u0131klamas\u0131n\u0131 yapt\u0131.<\/p>\n<p>Milletvekili Ali Bozan, Bakan \u00d6zhaseki&#8217;ye \u015fu sorular\u0131 sordu; <\/p>\n<p> *Kentsel d\u00f6n\u00fc\u015f\u00fcm projesinde y\u00fcklenici firmalar\u0131n i\u015f ve i\u015f\u00e7i ile y\u00fcr\u00fctt\u00fckleri s\u00fcre\u00e7 TOK\u0130 taraf\u0131ndan nas\u0131l denetlenmi\u015ftir?   <\/p>\n<p>*\u0130halesi 27.08.2011 tarihinde, yer tesliminin ise 07.12.2021 tarihinde yap\u0131ld\u0131\u011f\u0131 ve 600 g\u00fcn i\u00e7inde bitirilmesi planland\u0131\u011f\u0131 belirtilen in\u015faat\u0131n baz\u0131 temellerinin dahi at\u0131lmam\u0131\u015f oldu\u011funa ili\u015fkin iddialar do\u011fru mudur? Bahse konu olan iddialara ili\u015fkin herhangi bir incelemede bulunulmu\u015f mudur veya bulunulacak m\u0131? <\/p>\n<p>* Y\u00fcz\u00fc a\u015fk\u0131n i\u015f\u00e7inin Mart ay\u0131ndan bu yana \u00f6denmemi\u015f olan \u00fccretleri ne zaman \u00f6denecektir? <\/p>\n<p>*Y\u00fcklenici firmaya y\u00f6nelik i\u015fi geciktirme ve i\u015f\u00e7ilerin \u00fccretlerini \u00f6dememesinden kaynakl\u0131 olarak ne gibi bir yapt\u0131r\u0131m uygulamay\u0131 d\u00fc\u015f\u00fcn\u00fcyorsunuz? <\/p>\n<p>*Mart ay\u0131ndan bu yana \u00fccretlerini alamad\u0131klar\u0131 i\u00e7in i\u015f b\u0131rakan i\u015f\u00e7ilere &#8216;i\u015f b\u0131rakma cezas\u0131&#8217; kesildi\u011fine ili\u015fkin olan iddialar do\u011fru mudur?<\/p>\n","protected":false},"excerpt":{"rendered":"<p>Ye\u015fil Sol Parti Mersin Milletvekili Ali Bozan, Mersin&#8217;de aylard\u0131r maa\u015flar\u0131 \u00f6denmedi\u011fi i\u00e7in \u00e7al\u0131\u015fmay\u0131 durduran TOK\u0130 i\u015f\u00e7ilerini Meclis g\u00fcndemine ta\u015f\u0131d\u0131. Milletvekili Bozan, \u00c7evre \u015eehircilik ve \u0130klim De\u011fi\u015fikli\u011fi Bakan\u0131 Mehmet \u00d6zhaseki&#8217;ye cevaplamak &hellip; <a href=\"https:\/\/akdenizolaygazetesi.com\/?p=26699\" class=\"more-link\">Devam\u0131n\u0131 Oku&#8230;<\/a><\/p>\n","protected":false},"author":2,"featured_media":26700,"comment_status":"open","ping_status":"open","sticky":false,"template":"","format":"standard","meta":[],"categories":[8,2,3],"tags":[],"_links":{"self":[{"href":"https:\/\/akdenizolaygazetesi.com\/index.php?rest_route=\/wp\/v2\/posts\/26699"}],"collection":[{"href":"https:\/\/akdenizolaygazetesi.com\/index.php?rest_route=\/wp\/v2\/posts"}],"about":[{"href":"https:\/\/akdenizolaygazetesi.com\/index.php?rest_route=\/wp\/v2\/types\/post"}],"author":[{"embeddable":true,"href":"https:\/\/akdenizolaygazetesi.com\/index.php?rest_route=\/wp\/v2\/users\/2"}],"replies":[{"embeddable":true,"href":"https:\/\/akdenizolaygazetesi.com\/index.php?rest_route=%2Fwp%2Fv2%2Fcomments&post=26699"}],"version-history":[{"count":1,"href":"https:\/\/akdenizolaygazetesi.com\/index.php?rest_route=\/wp\/v2\/posts\/26699\/revisions"}],"predecessor-version":[{"id":26701,"href":"https:\/\/akdenizolaygazetesi.com\/index.php?rest_route=\/wp\/v2\/posts\/26699\/revisions\/26701"}],"wp:featuredmedia":[{"embeddable":true,"href":"https:\/\/akdenizolaygazetesi.com\/index.php?rest_route=\/wp\/v2\/media\/26700"}],"wp:attachment":[{"href":"https:\/\/akdenizolaygazetesi.com\/index.php?rest_route=%2Fwp%2Fv2%2Fmedia&parent=26699"}],"wp:term":[{"taxonomy":"category","embeddable":true,"href":"https:\/\/akdenizolaygazetesi.com\/index.php?rest_route=%2Fwp%2Fv2%2Fcategories&post=26699"},{"taxonomy":"post_tag","embeddable":true,"href":"https:\/\/akdenizolaygazetesi.com\/index.php?rest_route=%2Fwp%2Fv2%2Ftags&post=26699"}],"curies":[{"name":"wp","href":"https:\/\/api.w.org\/{rel}","templated":true}]}}