{"id":26712,"date":"2023-07-11T13:10:26","date_gmt":"2023-07-11T10:10:26","guid":{"rendered":"http:\/\/akdenizolaygazetesi.com\/?p=26712"},"modified":"2023-07-11T13:10:26","modified_gmt":"2023-07-11T10:10:26","slug":"kentin-tarihi-kulturel-turistik-ve-dogal-guzelliklerini-gorme-sansi-elde-ettiler","status":"publish","type":"post","link":"https:\/\/akdenizolaygazetesi.com\/?p=26712","title":{"rendered":"Kentin tarihi, k\u00fclt\u00fcrel, turistik ve do\u011fal g\u00fczelliklerini g\u00f6rme \u015fans\u0131 elde ettiler"},"content":{"rendered":"<p>\u015eehit Aileleri ve Gaziler; Akdeniz Belediyesi\u2019nin hayata katt\u0131\u011f\u0131 proje kapsam\u0131nda Konya\u2019n\u0131n tarihi, k\u00fclt\u00fcrel, turistik ve do\u011fal g\u00fczelliklerini g\u00f6rme, kentin en \u00e7ok ilgi g\u00f6ren m\u00fczelerini gezme f\u0131rsat\u0131 yakalad\u0131.<br \/>\nAkdeniz Belediyesi Kad\u0131n ve Aile Hizmetleri M\u00fcd\u00fcrl\u00fc\u011f\u00fc\u2019n\u00fcn, farkl\u0131 kentlere d\u00fczenledi\u011fi tarih, k\u00fclt\u00fcr ve do\u011fa gezileri devam ediyor. Bu kez \u2018G\u00f6n\u00fcller \u015eehri\u2019 Konya\u2019ya d\u00fczenlenen geziye; \u015eehit Anneleri, \u015eehit Babalar\u0131 ile Gazi Polisler kat\u0131ld\u0131. Emniyet Te\u015fkilat\u0131 Vazife Malul\u00fc ve \u015eehit Aileleri Vakf\u0131 Mersin \u0130l Ba\u015fkanl\u0131\u011f\u0131 yetkililerinin de katk\u0131s\u0131yla d\u00fczenlenen Konya gezisinde de \u015eehit Aileleri ve Gaziler; Panorama Konya M\u00fczesi, \u0130rfan Medeniyeti Ara\u015ft\u0131rma ve K\u00fclt\u00fcr Merkezi, \u0130stiklal Harbi \u015eehitleri Abidesi, Mevlana M\u00fczesi ve T\u00fcrbesi, \u015eems-i Tebrizi Cami ve T\u00fcrbesi, T\u00fcrkiye Harp Malul\u00fc Gaziler \u015eehit Dul ve Yetimler Derne\u011fi Konya \u015eubesi, Konya Tropikal Kelebek Bah\u00e7esi, Metamorfoz Ma\u011faras\u0131 ve kentin daha bir\u00e7ok \u00f6zel mek\u00e2n\u0131n\u0131 g\u00f6rme \u015fans\u0131 elde etti.<br \/>\nUnutamayacaklar\u0131 Konya gezisinde bol bol hat\u0131ra foto\u011fraf\u0131 \u00e7eken \u015eehit Aileleri ve Gaziler, sevdiklerine de \u00e7e\u015fitli hediyeler ald\u0131. Duygular\u0131n\u0131 dile getiren \u015eehit anneleri ve babalar\u0131 ile Gazi polisler, kendilerine bu imk\u00e2n\u0131 sunan Akdeniz Belediye Ba\u015fkan\u0131 M. Mustafa G\u00fcltak\u2019a, Kad\u0131n Aile Hizmetleri M\u00fcd\u00fcrl\u00fc\u011f\u00fc\u2019ne ve Emniyet Te\u015fkilat\u0131 Vazife Malul\u00fc ve \u015eehit Aileleri Vakf\u0131 yetkililerine te\u015fekk\u00fcr etti. <\/p>\n","protected":false},"excerpt":{"rendered":"<p>\u015eehit Aileleri ve Gaziler; Akdeniz Belediyesi\u2019nin hayata katt\u0131\u011f\u0131 proje kapsam\u0131nda Konya\u2019n\u0131n tarihi, k\u00fclt\u00fcrel, turistik ve do\u011fal g\u00fczelliklerini g\u00f6rme, kentin en \u00e7ok ilgi g\u00f6ren m\u00fczelerini gezme f\u0131rsat\u0131 yakalad\u0131. Akdeniz Belediyesi Kad\u0131n &hellip; <a href=\"https:\/\/akdenizolaygazetesi.com\/?p=26712\" class=\"more-link\">Devam\u0131n\u0131 Oku&#8230;<\/a><\/p>\n","protected":false},"author":2,"featured_media":26713,"comment_status":"open","ping_status":"open","sticky":false,"template":"","format":"standard","meta":[],"categories":[2,3],"tags":[],"_links":{"self":[{"href":"https:\/\/akdenizolaygazetesi.com\/index.php?rest_route=\/wp\/v2\/posts\/26712"}],"collection":[{"href":"https:\/\/akdenizolaygazetesi.com\/index.php?rest_route=\/wp\/v2\/posts"}],"about":[{"href":"https:\/\/akdenizolaygazetesi.com\/index.php?rest_route=\/wp\/v2\/types\/post"}],"author":[{"embeddable":true,"href":"https:\/\/akdenizolaygazetesi.com\/index.php?rest_route=\/wp\/v2\/users\/2"}],"replies":[{"embeddable":true,"href":"https:\/\/akdenizolaygazetesi.com\/index.php?rest_route=%2Fwp%2Fv2%2Fcomments&post=26712"}],"version-history":[{"count":1,"href":"https:\/\/akdenizolaygazetesi.com\/index.php?rest_route=\/wp\/v2\/posts\/26712\/revisions"}],"predecessor-version":[{"id":26714,"href":"https:\/\/akdenizolaygazetesi.com\/index.php?rest_route=\/wp\/v2\/posts\/26712\/revisions\/26714"}],"wp:featuredmedia":[{"embeddable":true,"href":"https:\/\/akdenizolaygazetesi.com\/index.php?rest_route=\/wp\/v2\/media\/26713"}],"wp:attachment":[{"href":"https:\/\/akdenizolaygazetesi.com\/index.php?rest_route=%2Fwp%2Fv2%2Fmedia&parent=26712"}],"wp:term":[{"taxonomy":"category","embeddable":true,"href":"https:\/\/akdenizolaygazetesi.com\/index.php?rest_route=%2Fwp%2Fv2%2Fcategories&post=26712"},{"taxonomy":"post_tag","embeddable":true,"href":"https:\/\/akdenizolaygazetesi.com\/index.php?rest_route=%2Fwp%2Fv2%2Ftags&post=26712"}],"curies":[{"name":"wp","href":"https:\/\/api.w.org\/{rel}","templated":true}]}}