{"id":26736,"date":"2023-07-12T13:28:35","date_gmt":"2023-07-12T10:28:35","guid":{"rendered":"http:\/\/akdenizolaygazetesi.com\/?p=26736"},"modified":"2023-07-12T13:28:35","modified_gmt":"2023-07-12T10:28:35","slug":"buyuksehirden-cumhuriyetin-100-yilina-ozel-odullu-fotograf-yarismasi","status":"publish","type":"post","link":"https:\/\/akdenizolaygazetesi.com\/?p=26736","title":{"rendered":"B\u00dcY\u00dcK\u015eEH\u0130R&#8217;DEN CUMHUR\u0130YET&#8217;\u0130N 100. YILINA \u00d6ZEL \u00d6D\u00dcLL\u00dc FOTO\u011eRAF YARI\u015eMASI"},"content":{"rendered":"<p>Mersin B\u00fcy\u00fck\u015fehir Belediyesi, Cumhuriyet&#8217;in 100. y\u0131l\u0131na \u00f6zel \u00f6d\u00fcll\u00fc foto\u011fraf yar\u0131\u015fmas\u0131 d\u00fczenliyor. &#8216;Liseli G\u00f6z\u00fcnden Mersin&#8217; mottosuyla d\u00fczenlenecek olan yar\u0131\u015fma i\u00e7in son g\u00f6nderim tarihi 31 A\u011fustos 2023.<br \/>\nK\u00fclt\u00fcr ve Sosyal \u0130\u015fler Dairesi b\u00fcnyesinde, Mersin&#8217;e De\u011fer Katanlar Kurulu&#8217;nun (MEDEKA) katk\u0131lar\u0131yla d\u00fczenlenen yar\u0131\u015fmaya lise \u00f6\u011frencileri kat\u0131labilecek. Gen\u00e7ler, Cumhuriyet&#8217;in 100. y\u0131l\u0131nda Mersin&#8217;i foto\u011fraflarla anlatacak.<br \/>\nBirinciye foto\u011fraf makinesi hediye edilecek<br \/>\nBa\u015fvurular www.mersin.bel.tr ve Teksin uygulamas\u0131ndaki yar\u0131\u015fma ba\u015fvuru linkinden yap\u0131labilecek. Kat\u0131l\u0131m\u0131n \u00fccretsiz oldu\u011fu yar\u0131\u015fman\u0131n sonu\u00e7lar\u0131n\u0131n ise, 15 Eyl\u00fcl 2023&#8217;te a\u00e7\u0131klanmas\u0131 planlan\u0131yor.<\/p>\n<p>Birinciye 15 bin TL de\u011ferinde dijital foto\u011fraf makinesi, ikinciye 10 bin TL de\u011ferinde dijital kompakt foto\u011fraf makinesi, \u00fc\u00e7\u00fcnc\u00fcye 7 bin 500 TL de\u011ferinde polaroid mini foto\u011fraf makinesi 10&#8217;lu film verilecek.<br \/>\nYar\u0131\u015fmada ayr\u0131ca &#8216;Cumhuriyet \u00d6zel \u00d6d\u00fcl\u00fc&#8217; kapsam\u0131nda 7 bin 500 TL de\u011ferinde teknolojik market al\u0131\u015fveri\u015f \u00e7ekinin yan\u0131 s\u0131ra, &#8216;Mansiyon \u00d6d\u00fcl\u00fc&#8217; kapsam\u0131nda 3 adet de 3 bin 500 TL de\u011ferinde teknolojik market al\u0131\u015fveri\u015f \u00e7eki verilecek.<\/p>\n","protected":false},"excerpt":{"rendered":"<p>Mersin B\u00fcy\u00fck\u015fehir Belediyesi, Cumhuriyet&#8217;in 100. y\u0131l\u0131na \u00f6zel \u00f6d\u00fcll\u00fc foto\u011fraf yar\u0131\u015fmas\u0131 d\u00fczenliyor. &#8216;Liseli G\u00f6z\u00fcnden Mersin&#8217; mottosuyla d\u00fczenlenecek olan yar\u0131\u015fma i\u00e7in son g\u00f6nderim tarihi 31 A\u011fustos 2023. K\u00fclt\u00fcr ve Sosyal \u0130\u015fler Dairesi &hellip; <a href=\"https:\/\/akdenizolaygazetesi.com\/?p=26736\" class=\"more-link\">Devam\u0131n\u0131 Oku&#8230;<\/a><\/p>\n","protected":false},"author":2,"featured_media":26737,"comment_status":"open","ping_status":"open","sticky":false,"template":"","format":"standard","meta":[],"categories":[2,3],"tags":[],"_links":{"self":[{"href":"https:\/\/akdenizolaygazetesi.com\/index.php?rest_route=\/wp\/v2\/posts\/26736"}],"collection":[{"href":"https:\/\/akdenizolaygazetesi.com\/index.php?rest_route=\/wp\/v2\/posts"}],"about":[{"href":"https:\/\/akdenizolaygazetesi.com\/index.php?rest_route=\/wp\/v2\/types\/post"}],"author":[{"embeddable":true,"href":"https:\/\/akdenizolaygazetesi.com\/index.php?rest_route=\/wp\/v2\/users\/2"}],"replies":[{"embeddable":true,"href":"https:\/\/akdenizolaygazetesi.com\/index.php?rest_route=%2Fwp%2Fv2%2Fcomments&post=26736"}],"version-history":[{"count":1,"href":"https:\/\/akdenizolaygazetesi.com\/index.php?rest_route=\/wp\/v2\/posts\/26736\/revisions"}],"predecessor-version":[{"id":26738,"href":"https:\/\/akdenizolaygazetesi.com\/index.php?rest_route=\/wp\/v2\/posts\/26736\/revisions\/26738"}],"wp:featuredmedia":[{"embeddable":true,"href":"https:\/\/akdenizolaygazetesi.com\/index.php?rest_route=\/wp\/v2\/media\/26737"}],"wp:attachment":[{"href":"https:\/\/akdenizolaygazetesi.com\/index.php?rest_route=%2Fwp%2Fv2%2Fmedia&parent=26736"}],"wp:term":[{"taxonomy":"category","embeddable":true,"href":"https:\/\/akdenizolaygazetesi.com\/index.php?rest_route=%2Fwp%2Fv2%2Fcategories&post=26736"},{"taxonomy":"post_tag","embeddable":true,"href":"https:\/\/akdenizolaygazetesi.com\/index.php?rest_route=%2Fwp%2Fv2%2Ftags&post=26736"}],"curies":[{"name":"wp","href":"https:\/\/api.w.org\/{rel}","templated":true}]}}