{"id":26739,"date":"2023-07-12T13:29:55","date_gmt":"2023-07-12T10:29:55","guid":{"rendered":"http:\/\/akdenizolaygazetesi.com\/?p=26739"},"modified":"2023-07-12T13:29:55","modified_gmt":"2023-07-12T10:29:55","slug":"akdeniz-belediyesinin-yaz-okulu-kapsaminda-verdigi-ucretsiz-yuzme-kurslari-basladi","status":"publish","type":"post","link":"https:\/\/akdenizolaygazetesi.com\/?p=26739","title":{"rendered":"Akdeniz Belediyesi\u2019nin yaz okulu kapsam\u0131nda verdi\u011fi \u00fccretsiz y\u00fczme kurslar\u0131 ba\u015flad\u0131"},"content":{"rendered":"<p>Akdeniz Belediyesi\u2019nin d\u00fczenledi\u011fi yaz okulu kapsam\u0131nda verilen \u00fccretsiz y\u00fczme kursu ba\u015flad\u0131. Mad\u0131mak Park\u0131\u2019nda kurulan portatif y\u00fczme havuzuna giren \u00e7ocuklar hem y\u00fczmeyi \u00f6\u011freniyor hem de s\u0131cak havada serinliyor. \u00c7ocuklar\u0131n\u0131 kursa getiren annelerin de farkl\u0131 kentlere d\u00fczenlenecek geziler i\u00e7in kay\u0131tlar\u0131 al\u0131n\u0131yor.<br \/>\nK\u00fclt\u00fcr ve Sosyal \u0130\u015fler M\u00fcd\u00fcrl\u00fc\u011f\u00fc\u2019n\u00fcn d\u00fczenledi\u011fi \u00fccretsiz y\u00fczme kursuna bu y\u0131l; 2010 ila 2016 y\u0131llar\u0131 aras\u0131 do\u011fumlu \u00e7ocuklar\u0131n kay\u0131tlar\u0131 yap\u0131ld\u0131. Y\u00fczme kursuna kat\u0131lan \u00e7ocuklar, uzman e\u011fitmenler g\u00f6zetiminde bir yandan y\u00fczme \u00f6\u011frenirken; di\u011fer yandan da 40 dereceye varan s\u0131caklarda hem serinledi hem de ya\u015f\u0131tlar\u0131yla birlikte keyifli dakikalar ge\u00e7irdi. Akdenizli \u00e7ocuklar, kendilerine bu imk\u00e2n\u0131 sa\u011flad\u0131\u011f\u0131 i\u00e7in Akdeniz Belediye Ba\u015fkan\u0131 M. Mustafa G\u00fcltak\u2019a te\u015fekk\u00fcr etti.<br \/>\nMad\u0131mak Bar\u0131\u015f ve Karde\u015flik Park\u0131 i\u00e7inde bulunan belediyeye ait hal\u0131 saha yan\u0131nda kurulan portatif havuzunda verilen \u00fccretsiz y\u00fczme kursuna \u00e7ocuklar\u0131n\u0131 getiren anneler de daha \u00f6nce tan\u0131k olmad\u0131klar\u0131 bu hizmetten b\u00fcy\u00fck sevin\u00e7 ve memnuniyet duyduklar\u0131n\u0131 ifade ederek, Akdeniz Belediye Ba\u015fkan\u0131 M. Mustafa G\u00fcltak ve eme\u011fi ge\u00e7enlere te\u015fekk\u00fcrlerini dile getirdi.<br \/>\nAnneler de geziye g\u00f6t\u00fcr\u00fclecek<br \/>\nYaz okullar\u0131na gelen \u00e7ocuklar, hem yaz tatilini en verimli \u015fekilde ge\u00e7irip arkada\u015flar\u0131yla e\u011fleniyor, hem de y\u00fczmede kendilerini geli\u015ftirebiliyor. \u00d6te yandan; y\u00fczme kursuna gelen \u00e7ocuklar\u0131n anneleri, Akdeniz Belediyesi\u2019nin d\u00fczenledi\u011fi ve kad\u0131nlar\u0131n farkl\u0131 kentlerde bulunan tarihi, turistik, k\u00fclt\u00fcrel ve do\u011fal mek\u00e2nlar\u0131 gezme imk\u00e2n\u0131 buldu\u011fu gezilere kat\u0131lmak istediklerini s\u00f6ylediler. Kad\u0131n ve Aile Hizmetleri M\u00fcd\u00fcrl\u00fc\u011f\u00fc\u2019n\u00fcn \u00fccretsiz sundu\u011fu gezilere b\u00fcy\u00fck ilgi duyduklar\u0131n\u0131 ve kat\u0131lmak istediklerini dile getiren annelerin kay\u0131tlar\u0131 yetkililerce al\u0131narak, ger\u00e7ekle\u015fecek en yak\u0131n gezi program\u0131na kat\u0131lmalar\u0131 sa\u011flanacak. <\/p>\n","protected":false},"excerpt":{"rendered":"<p>Akdeniz Belediyesi\u2019nin d\u00fczenledi\u011fi yaz okulu kapsam\u0131nda verilen \u00fccretsiz y\u00fczme kursu ba\u015flad\u0131. Mad\u0131mak Park\u0131\u2019nda kurulan portatif y\u00fczme havuzuna giren \u00e7ocuklar hem y\u00fczmeyi \u00f6\u011freniyor hem de s\u0131cak havada serinliyor. \u00c7ocuklar\u0131n\u0131 kursa getiren &hellip; <a href=\"https:\/\/akdenizolaygazetesi.com\/?p=26739\" class=\"more-link\">Devam\u0131n\u0131 Oku&#8230;<\/a><\/p>\n","protected":false},"author":2,"featured_media":26740,"comment_status":"open","ping_status":"open","sticky":false,"template":"","format":"standard","meta":[],"categories":[2,3,10],"tags":[],"_links":{"self":[{"href":"https:\/\/akdenizolaygazetesi.com\/index.php?rest_route=\/wp\/v2\/posts\/26739"}],"collection":[{"href":"https:\/\/akdenizolaygazetesi.com\/index.php?rest_route=\/wp\/v2\/posts"}],"about":[{"href":"https:\/\/akdenizolaygazetesi.com\/index.php?rest_route=\/wp\/v2\/types\/post"}],"author":[{"embeddable":true,"href":"https:\/\/akdenizolaygazetesi.com\/index.php?rest_route=\/wp\/v2\/users\/2"}],"replies":[{"embeddable":true,"href":"https:\/\/akdenizolaygazetesi.com\/index.php?rest_route=%2Fwp%2Fv2%2Fcomments&post=26739"}],"version-history":[{"count":1,"href":"https:\/\/akdenizolaygazetesi.com\/index.php?rest_route=\/wp\/v2\/posts\/26739\/revisions"}],"predecessor-version":[{"id":26741,"href":"https:\/\/akdenizolaygazetesi.com\/index.php?rest_route=\/wp\/v2\/posts\/26739\/revisions\/26741"}],"wp:featuredmedia":[{"embeddable":true,"href":"https:\/\/akdenizolaygazetesi.com\/index.php?rest_route=\/wp\/v2\/media\/26740"}],"wp:attachment":[{"href":"https:\/\/akdenizolaygazetesi.com\/index.php?rest_route=%2Fwp%2Fv2%2Fmedia&parent=26739"}],"wp:term":[{"taxonomy":"category","embeddable":true,"href":"https:\/\/akdenizolaygazetesi.com\/index.php?rest_route=%2Fwp%2Fv2%2Fcategories&post=26739"},{"taxonomy":"post_tag","embeddable":true,"href":"https:\/\/akdenizolaygazetesi.com\/index.php?rest_route=%2Fwp%2Fv2%2Ftags&post=26739"}],"curies":[{"name":"wp","href":"https:\/\/api.w.org\/{rel}","templated":true}]}}