{"id":26748,"date":"2023-07-13T12:57:39","date_gmt":"2023-07-13T09:57:39","guid":{"rendered":"http:\/\/akdenizolaygazetesi.com\/?p=26748"},"modified":"2023-07-13T12:57:39","modified_gmt":"2023-07-13T09:57:39","slug":"tarsus-ta-orman-yangini","status":"publish","type":"post","link":"https:\/\/akdenizolaygazetesi.com\/?p=26748","title":{"rendered":"Tarsus \u2018ta Orman Yang\u0131n\u0131"},"content":{"rendered":"<p>Mersin Orman B\u00f6lge M\u00fcd\u00fcrl\u00fc\u011f\u00fcne ba\u011fl\u0131 Tarsus Orman \u0130\u015fletme M\u00fcd\u00fcrl\u00fc\u011f\u00fc\u2019n\u00fcn s\u0131n\u0131rlar\u0131 dahilinde bulanan \u00c7avu\u015flu mahallesinde 11 Temmuz 2023 tarihinde saat 14:00 civar\u0131nda nedeni hen\u00fcz belirlenemeyen orman  yang\u0131n \u00e7\u0131km\u0131\u015ft\u0131r. Gelen ihbar \u00fczerine ilk m\u00fcdahale ekibi y\u00f6nlendirilmi\u015ftir. \u0130hbarla birlikte Mersin B\u00f6lge M\u00fcd\u00fcrl\u00fc\u011f\u00fcne ba\u011fl\u0131 yang\u0131n s\u00f6nd\u00fcrme ekipleri sevk edilmi\u015ftir.<br \/>\n \u00c7\u0131kan Orman Yang\u0131na 2 u\u00e7ak, 4 helikopter, 8 aras\u00f6z, 6 su ikmal arac\u0131, 3 ilk m\u00fcdahale arac\u0131,12 pikap, 2 yer ekibi birlikte 187 personel ve 43 yang\u0131n g\u00f6n\u00fcll\u00fcs\u00fc ile h\u0131zl\u0131 ve \u00f6zverili bir \u00e7al\u0131\u015fma sonunda yang\u0131n kontrol alt\u0131na al\u0131narak daha geni\u015f orman alan\u0131n\u0131n yanmas\u0131n\u0131 \u00f6nlendi.<br \/>\nHava \u015fartlar\u0131n\u0131n orman yang\u0131nlar\u0131 a\u00e7\u0131s\u0131nda \u00e7ok riskli oldu\u011fu bu g\u00fcnlerde vatanda\u015flar\u0131m\u0131zdan bu konuda daha dikkatli olmalar\u0131 konusunda hassasiyet bekliyoruz.<br \/>\n\tYang\u0131nda ye\u015fil vatan\u0131 savunmak i\u00e7in \u00fcst\u00fcn gayret ve ba\u015far\u0131 g\u00f6stererek k\u0131sa s\u00fcrede yang\u0131n\u0131 kontrol alt\u0131na alan ate\u015f sava\u015f\u00e7\u0131lar\u0131na te\u015fekk\u00fcr ederiz.<\/p>\n","protected":false},"excerpt":{"rendered":"<p>Mersin Orman B\u00f6lge M\u00fcd\u00fcrl\u00fc\u011f\u00fcne ba\u011fl\u0131 Tarsus Orman \u0130\u015fletme M\u00fcd\u00fcrl\u00fc\u011f\u00fc\u2019n\u00fcn s\u0131n\u0131rlar\u0131 dahilinde bulanan \u00c7avu\u015flu mahallesinde 11 Temmuz 2023 tarihinde saat 14:00 civar\u0131nda nedeni hen\u00fcz belirlenemeyen orman yang\u0131n \u00e7\u0131km\u0131\u015ft\u0131r. Gelen ihbar \u00fczerine &hellip; <a href=\"https:\/\/akdenizolaygazetesi.com\/?p=26748\" class=\"more-link\">Devam\u0131n\u0131 Oku&#8230;<\/a><\/p>\n","protected":false},"author":2,"featured_media":26749,"comment_status":"open","ping_status":"open","sticky":false,"template":"","format":"standard","meta":[],"categories":[1,2,3],"tags":[],"_links":{"self":[{"href":"https:\/\/akdenizolaygazetesi.com\/index.php?rest_route=\/wp\/v2\/posts\/26748"}],"collection":[{"href":"https:\/\/akdenizolaygazetesi.com\/index.php?rest_route=\/wp\/v2\/posts"}],"about":[{"href":"https:\/\/akdenizolaygazetesi.com\/index.php?rest_route=\/wp\/v2\/types\/post"}],"author":[{"embeddable":true,"href":"https:\/\/akdenizolaygazetesi.com\/index.php?rest_route=\/wp\/v2\/users\/2"}],"replies":[{"embeddable":true,"href":"https:\/\/akdenizolaygazetesi.com\/index.php?rest_route=%2Fwp%2Fv2%2Fcomments&post=26748"}],"version-history":[{"count":1,"href":"https:\/\/akdenizolaygazetesi.com\/index.php?rest_route=\/wp\/v2\/posts\/26748\/revisions"}],"predecessor-version":[{"id":26750,"href":"https:\/\/akdenizolaygazetesi.com\/index.php?rest_route=\/wp\/v2\/posts\/26748\/revisions\/26750"}],"wp:featuredmedia":[{"embeddable":true,"href":"https:\/\/akdenizolaygazetesi.com\/index.php?rest_route=\/wp\/v2\/media\/26749"}],"wp:attachment":[{"href":"https:\/\/akdenizolaygazetesi.com\/index.php?rest_route=%2Fwp%2Fv2%2Fmedia&parent=26748"}],"wp:term":[{"taxonomy":"category","embeddable":true,"href":"https:\/\/akdenizolaygazetesi.com\/index.php?rest_route=%2Fwp%2Fv2%2Fcategories&post=26748"},{"taxonomy":"post_tag","embeddable":true,"href":"https:\/\/akdenizolaygazetesi.com\/index.php?rest_route=%2Fwp%2Fv2%2Ftags&post=26748"}],"curies":[{"name":"wp","href":"https:\/\/api.w.org\/{rel}","templated":true}]}}