{"id":26751,"date":"2023-07-13T13:13:22","date_gmt":"2023-07-13T10:13:22","guid":{"rendered":"http:\/\/akdenizolaygazetesi.com\/?p=26751"},"modified":"2023-07-13T13:13:22","modified_gmt":"2023-07-13T10:13:22","slug":"anamurda-orman-yangini-2","status":"publish","type":"post","link":"https:\/\/akdenizolaygazetesi.com\/?p=26751","title":{"rendered":"Anamur\u2019da Orman Yang\u0131n\u0131"},"content":{"rendered":"<p>Mersin Orman B\u00f6lge M\u00fcd\u00fcrl\u00fc\u011f\u00fc, Anamur Orman \u0130\u015fletme M\u00fcd\u00fcrl\u00fc\u011f\u00fcne ba\u011fl\u0131 G\u00f6k\u00e7esu Orman \u0130\u015fletme \u015eefli\u011fi, s\u0131n\u0131rlar\u0131 i\u00e7inde kalan A\u015fa\u011f\u0131k\u00fck\u00fcr mahallesi belen sazak mevkiinde 11 Temmuz 2023 g\u00fcn\u00fc saat 01:30 civar\u0131nda enerji nakil hatt\u0131ndan \u00e7\u0131kt\u0131\u011f\u0131 tahmin edilen yang\u0131nda 1 helikopter, 6 aras\u00f6z 4 su tank\u0131 3 ilk m\u00fcdahale arac\u0131 4 pikap 1 belediye su tank ile birlikte 7 m\u00fchendis 16 muhafaza memuru ve 35 yang\u0131n i\u015f\u00e7isi g\u00f6rev ald\u0131.<br \/>\n Hava ara\u00e7lar\u0131 ve yer ekiplerinin \u00fcst\u00fcn gayretleriyle 07:00 saatlerinde kontrol alt\u0131na al\u0131nd\u0131. 44 500 M2 si meyve bah\u00e7esi olan tar\u0131m alan\u0131 7 000 M2 si orman olmak \u00fczere toplam 51 500 m2 lik arazi zarar g\u00f6rd\u00fc.  Yang\u0131nda bir ev   ile ah\u0131r kullan\u0131lamaz hale geldi.<br \/>\nKritik yang\u0131n sezonunda bulunulmas\u0131 itibariyle vatanda\u015flar\u0131n \u00e7ok dikkatli olmas\u0131 ve g\u00f6r\u00fclen her duman\u0131 \u00fccretsiz ALO 112 orman yang\u0131n\u0131 ihbar hatt\u0131na bildirmeleri vatanda\u015fl\u0131k g\u00f6revidir.<\/p>\n","protected":false},"excerpt":{"rendered":"<p>Mersin Orman B\u00f6lge M\u00fcd\u00fcrl\u00fc\u011f\u00fc, Anamur Orman \u0130\u015fletme M\u00fcd\u00fcrl\u00fc\u011f\u00fcne ba\u011fl\u0131 G\u00f6k\u00e7esu Orman \u0130\u015fletme \u015eefli\u011fi, s\u0131n\u0131rlar\u0131 i\u00e7inde kalan A\u015fa\u011f\u0131k\u00fck\u00fcr mahallesi belen sazak mevkiinde 11 Temmuz 2023 g\u00fcn\u00fc saat 01:30 civar\u0131nda enerji nakil &hellip; <a href=\"https:\/\/akdenizolaygazetesi.com\/?p=26751\" class=\"more-link\">Devam\u0131n\u0131 Oku&#8230;<\/a><\/p>\n","protected":false},"author":2,"featured_media":26752,"comment_status":"open","ping_status":"open","sticky":false,"template":"","format":"standard","meta":[],"categories":[2,3],"tags":[],"_links":{"self":[{"href":"https:\/\/akdenizolaygazetesi.com\/index.php?rest_route=\/wp\/v2\/posts\/26751"}],"collection":[{"href":"https:\/\/akdenizolaygazetesi.com\/index.php?rest_route=\/wp\/v2\/posts"}],"about":[{"href":"https:\/\/akdenizolaygazetesi.com\/index.php?rest_route=\/wp\/v2\/types\/post"}],"author":[{"embeddable":true,"href":"https:\/\/akdenizolaygazetesi.com\/index.php?rest_route=\/wp\/v2\/users\/2"}],"replies":[{"embeddable":true,"href":"https:\/\/akdenizolaygazetesi.com\/index.php?rest_route=%2Fwp%2Fv2%2Fcomments&post=26751"}],"version-history":[{"count":1,"href":"https:\/\/akdenizolaygazetesi.com\/index.php?rest_route=\/wp\/v2\/posts\/26751\/revisions"}],"predecessor-version":[{"id":26753,"href":"https:\/\/akdenizolaygazetesi.com\/index.php?rest_route=\/wp\/v2\/posts\/26751\/revisions\/26753"}],"wp:featuredmedia":[{"embeddable":true,"href":"https:\/\/akdenizolaygazetesi.com\/index.php?rest_route=\/wp\/v2\/media\/26752"}],"wp:attachment":[{"href":"https:\/\/akdenizolaygazetesi.com\/index.php?rest_route=%2Fwp%2Fv2%2Fmedia&parent=26751"}],"wp:term":[{"taxonomy":"category","embeddable":true,"href":"https:\/\/akdenizolaygazetesi.com\/index.php?rest_route=%2Fwp%2Fv2%2Fcategories&post=26751"},{"taxonomy":"post_tag","embeddable":true,"href":"https:\/\/akdenizolaygazetesi.com\/index.php?rest_route=%2Fwp%2Fv2%2Ftags&post=26751"}],"curies":[{"name":"wp","href":"https:\/\/api.w.org\/{rel}","templated":true}]}}