{"id":26754,"date":"2023-07-13T13:14:36","date_gmt":"2023-07-13T10:14:36","guid":{"rendered":"http:\/\/akdenizolaygazetesi.com\/?p=26754"},"modified":"2023-07-13T13:14:36","modified_gmt":"2023-07-13T10:14:36","slug":"kucukbas-hayvan-desteginde-geri-toplamalar-basladi","status":"publish","type":"post","link":"https:\/\/akdenizolaygazetesi.com\/?p=26754","title":{"rendered":"K\u00dc\u00c7\u00dcKBA\u015e HAYVAN DESTE\u011e\u0130NDE GER\u0130 TOPLAMALAR BA\u015eLADI"},"content":{"rendered":"<p>Ba\u015fkan Vahap Se\u00e7er \u00f6nc\u00fcl\u00fc\u011f\u00fcnde, \u00fcretimin her alan\u0131nda Mersinli \u00e7ift\u00e7ilerin yan\u0131nda olan Mersin B\u00fcy\u00fck\u015fehir Belediyesi, tarafl\u0131-tarafs\u0131z her kesim taraf\u0131ndan b\u00fcy\u00fck takdirle takip edilen &#8216;Hadi Gel K\u00f6y\u00fcm\u00fcze Destek Verelim&#8217; projesi kapsam\u0131nda \u00fccretsiz olarak da\u011f\u0131tt\u0131\u011f\u0131 k\u00fc\u00e7\u00fckba\u015f hayvanlarda 2023 y\u0131l\u0131 geri toplama i\u015flemlerini ba\u015flatt\u0131. Toplanan hayvanlar bak\u0131mlar\u0131n\u0131n ard\u0131ndan yeni yeti\u015ftiricilere verilecek.<\/p>\n<p>\u00c7al\u0131\u015fmalar hakk\u0131nda bilgi veren Tar\u0131msal Hizmetler Dairesi Ba\u015fkan\u0131 Sel\u00e7uk \u015eahuto\u011flu, projenin ba\u015flad\u0131\u011f\u0131 2020 y\u0131l\u0131ndan itibaren 4 bin 500 k\u00fc\u00e7\u00fckba\u015f hayvan\u0131n \u00fcreticiye verildi\u011fini s\u00f6yledi. \u015eahuto\u011flu, 60 \u00e7ift\u00e7i ile ba\u015flayan projede her bir \u00fcreticiye 24 di\u015fi bir erkek olmak \u00fczere 25&#8217;er adet k\u00fc\u00e7\u00fckba\u015f hayvan\u0131n yan\u0131 s\u0131ra 4 ton yem ve 1 y\u0131ll\u0131k a\u015f\u0131 hizmetinin de \u00fccretsiz olarak verildi\u011fini kaydetti.<\/p>\n<p>Projede 2021 y\u0131l\u0131nda da da\u011f\u0131t\u0131m yapt\u0131klar\u0131n\u0131 ve 2022 y\u0131l\u0131nda geri toplama i\u015flemlerine ba\u015flad\u0131klar\u0131n\u0131 ifade eden \u015eahuto\u011flu, &#8220;2022 y\u0131l\u0131 itibariyle 540 hayvan\u0131m\u0131z\u0131 \u00fcreticilerden teslim ald\u0131k. Kalan\u0131n\u0131 sat\u0131n alarak 60 \u00fcretici i\u00e7in 1500 hayvan\u0131 tamamlam\u0131\u015ft\u0131k. Geldi\u011fimiz an itibariyle de \u00fc\u00e7 y\u0131l i\u00e7erisinde 4 bin 500 hayvan\u0131 180 ayr\u0131 \u00fcreticimizle bulu\u015fturmu\u015ftuk. Bu senede 2020 ve 2021 y\u0131l\u0131nda teslim etti\u011fimiz hayvanlardan \u00fcreticilerimizin \u00fcretmi\u015f oldu\u011fu ve dam\u0131zl\u0131k de\u011feri olan hayvanlar\u0131 bu sene toplamaya devam ediyoruz&#8221; dedi.<\/p>\n<p>2023 y\u0131l\u0131nda da yakla\u015f\u0131k 1200 hayvan\u0131 \u00fcreticilerden toplayacaklar\u0131n\u0131 dile getiren \u015eahuto\u011flu &#8220;Toplad\u0131\u011f\u0131m\u0131z bu hayvanlar\u0131 da 2023 y\u0131l\u0131ndaki yeni yeti\u015ftiricilerimizle bulu\u015fturaca\u011f\u0131z. Bu alanda toplam\u0131\u015f oldu\u011fumuz 1200 hayvan\u0131, karantina s\u00fcrecini ge\u00e7irmeleri i\u00e7in Belediyemize ait olan hayvan pazar\u0131m\u0131za getirdik. Burada hayvanlar\u0131n k\u0131rk\u0131m, t\u0131rnak bak\u0131m\u0131 ve a\u015f\u0131lar\u0131n\u0131 yapmak \u00fczere bak\u0131mlar\u0131n\u0131 bizler \u00fcstlenece\u011fiz&#8221; diye konu\u015ftu.<\/p>\n","protected":false},"excerpt":{"rendered":"<p>Ba\u015fkan Vahap Se\u00e7er \u00f6nc\u00fcl\u00fc\u011f\u00fcnde, \u00fcretimin her alan\u0131nda Mersinli \u00e7ift\u00e7ilerin yan\u0131nda olan Mersin B\u00fcy\u00fck\u015fehir Belediyesi, tarafl\u0131-tarafs\u0131z her kesim taraf\u0131ndan b\u00fcy\u00fck takdirle takip edilen &#8216;Hadi Gel K\u00f6y\u00fcm\u00fcze Destek Verelim&#8217; projesi kapsam\u0131nda \u00fccretsiz &hellip; <a href=\"https:\/\/akdenizolaygazetesi.com\/?p=26754\" class=\"more-link\">Devam\u0131n\u0131 Oku&#8230;<\/a><\/p>\n","protected":false},"author":2,"featured_media":26755,"comment_status":"open","ping_status":"open","sticky":false,"template":"","format":"standard","meta":[],"categories":[2,3],"tags":[],"_links":{"self":[{"href":"https:\/\/akdenizolaygazetesi.com\/index.php?rest_route=\/wp\/v2\/posts\/26754"}],"collection":[{"href":"https:\/\/akdenizolaygazetesi.com\/index.php?rest_route=\/wp\/v2\/posts"}],"about":[{"href":"https:\/\/akdenizolaygazetesi.com\/index.php?rest_route=\/wp\/v2\/types\/post"}],"author":[{"embeddable":true,"href":"https:\/\/akdenizolaygazetesi.com\/index.php?rest_route=\/wp\/v2\/users\/2"}],"replies":[{"embeddable":true,"href":"https:\/\/akdenizolaygazetesi.com\/index.php?rest_route=%2Fwp%2Fv2%2Fcomments&post=26754"}],"version-history":[{"count":1,"href":"https:\/\/akdenizolaygazetesi.com\/index.php?rest_route=\/wp\/v2\/posts\/26754\/revisions"}],"predecessor-version":[{"id":26756,"href":"https:\/\/akdenizolaygazetesi.com\/index.php?rest_route=\/wp\/v2\/posts\/26754\/revisions\/26756"}],"wp:featuredmedia":[{"embeddable":true,"href":"https:\/\/akdenizolaygazetesi.com\/index.php?rest_route=\/wp\/v2\/media\/26755"}],"wp:attachment":[{"href":"https:\/\/akdenizolaygazetesi.com\/index.php?rest_route=%2Fwp%2Fv2%2Fmedia&parent=26754"}],"wp:term":[{"taxonomy":"category","embeddable":true,"href":"https:\/\/akdenizolaygazetesi.com\/index.php?rest_route=%2Fwp%2Fv2%2Fcategories&post=26754"},{"taxonomy":"post_tag","embeddable":true,"href":"https:\/\/akdenizolaygazetesi.com\/index.php?rest_route=%2Fwp%2Fv2%2Ftags&post=26754"}],"curies":[{"name":"wp","href":"https:\/\/api.w.org\/{rel}","templated":true}]}}