{"id":26760,"date":"2023-07-13T13:17:07","date_gmt":"2023-07-13T10:17:07","guid":{"rendered":"http:\/\/akdenizolaygazetesi.com\/?p=26760"},"modified":"2023-07-13T13:17:07","modified_gmt":"2023-07-13T10:17:07","slug":"mahalle-ziyaretlerinde-baskan-yilmaza-cocuklardan-yogun-ilgi","status":"publish","type":"post","link":"https:\/\/akdenizolaygazetesi.com\/?p=26760","title":{"rendered":"MAHALLE Z\u0130YARETLER\u0130NDE BA\u015eKAN YILMAZ&#8217;A \u00c7OCUKLARDAN YO\u011eUN \u0130LG\u0130"},"content":{"rendered":"<p>Mahalle ziyaretleri ile sahadaki \u00e7al\u0131\u015fmalar\u0131 inceleyen Toroslar Belediye Ba\u015fkan\u0131 Ats\u0131z Af\u015f\u0131n Y\u0131lmaz; Yusuf K\u0131l\u0131\u00e7 ve Osmaniye Mahalleleri&#8217;nde \u00e7ocuklar\u0131n yo\u011fun ilgisiyle kar\u015f\u0131la\u015ft\u0131.<\/p>\n<p>Yusuf K\u0131l\u0131\u00e7 Mahallesi&#8217;nde devam eden yol bak\u0131m \u00e7al\u0131\u015fmalar\u0131n\u0131 takip ederek ekiplerden bilgiler alan Ba\u015fkan Y\u0131lmaz, Osmaniye Mahallesi&#8217;nde bulunan semt sahas\u0131nda ise incelemelerde bulunarak antrenman yapan gen\u00e7lerle bir araya geldi.<\/p>\n<p>Osmaniye Mahalle Muhtar\u0131 Cengiz \u015eahpaz&#8217;\u0131n da bulundu\u011fu incelemeler s\u0131ras\u0131nda \u00e7ocuklarla ve gen\u00e7lerle sohbet eden Ba\u015fkan Y\u0131lmaz, g\u00fcn\u00fcn an\u0131s\u0131na hat\u0131ra foto\u011fraf\u0131 da \u00e7ektirdi. \u00c7ocuklara e\u011flenirken \u00f6\u011frenecekleri boyama kitab\u0131 da hediye eden Ba\u015fkan Y\u0131lmaz, onlara gelecekteki hedeflerini sordu ve nasihatlarda bulundu.<\/p>\n<p>&#8220;\u00c7OCUKLARIMIZ, GEN\u00c7LER\u0130M\u0130Z B\u0130Z\u0130M EN B\u00dcY\u00dcK G\u00dcC\u00dcM\u00dcZ&#8221;<\/p>\n<p>Ba\u015fkan Y\u0131lmaz, Toroslar Belediyesi olarak \u00e7ocuklar\u0131, gen\u00e7leri ve e\u011fitimi \u00f6nemsediklerini ve bu do\u011frultuda \u00e7al\u0131\u015fmalar yapt\u0131klar\u0131n\u0131 belirterek; &#8220;Mahalle ziyaretlerimiz s\u0131ras\u0131nda vatanda\u015flar\u0131m\u0131za isteklerini sordu\u011fumuz gibi \u00e7ocuklar\u0131m\u0131zla da sohbet ederek bizlerden neler istediklerini \u00f6\u011freniyoruz. Kentimizde, il\u00e7emizde hayata ge\u00e7irdi\u011fimiz her bir proje ve \u00e7al\u0131\u015fma \u00e7ocuklar\u0131m\u0131z\u0131n gelece\u011fini de ilgilendiriyor. Onlar\u0131n g\u00f6r\u00fc\u015fleri de bizim i\u00e7in \u00e7ok k\u0131ymetli. Onlar mutlu, huzurlu ve sa\u011fl\u0131kl\u0131 olsunlar diye il\u00e7emizde hizmetlerimizi hassasiyetle s\u00fcrd\u00fcr\u00fcyoruz&#8221; dedi.<\/p>\n","protected":false},"excerpt":{"rendered":"<p>Mahalle ziyaretleri ile sahadaki \u00e7al\u0131\u015fmalar\u0131 inceleyen Toroslar Belediye Ba\u015fkan\u0131 Ats\u0131z Af\u015f\u0131n Y\u0131lmaz; Yusuf K\u0131l\u0131\u00e7 ve Osmaniye Mahalleleri&#8217;nde \u00e7ocuklar\u0131n yo\u011fun ilgisiyle kar\u015f\u0131la\u015ft\u0131. Yusuf K\u0131l\u0131\u00e7 Mahallesi&#8217;nde devam eden yol bak\u0131m \u00e7al\u0131\u015fmalar\u0131n\u0131 takip &hellip; <a href=\"https:\/\/akdenizolaygazetesi.com\/?p=26760\" class=\"more-link\">Devam\u0131n\u0131 Oku&#8230;<\/a><\/p>\n","protected":false},"author":2,"featured_media":26761,"comment_status":"open","ping_status":"open","sticky":false,"template":"","format":"standard","meta":[],"categories":[1,3],"tags":[],"_links":{"self":[{"href":"https:\/\/akdenizolaygazetesi.com\/index.php?rest_route=\/wp\/v2\/posts\/26760"}],"collection":[{"href":"https:\/\/akdenizolaygazetesi.com\/index.php?rest_route=\/wp\/v2\/posts"}],"about":[{"href":"https:\/\/akdenizolaygazetesi.com\/index.php?rest_route=\/wp\/v2\/types\/post"}],"author":[{"embeddable":true,"href":"https:\/\/akdenizolaygazetesi.com\/index.php?rest_route=\/wp\/v2\/users\/2"}],"replies":[{"embeddable":true,"href":"https:\/\/akdenizolaygazetesi.com\/index.php?rest_route=%2Fwp%2Fv2%2Fcomments&post=26760"}],"version-history":[{"count":1,"href":"https:\/\/akdenizolaygazetesi.com\/index.php?rest_route=\/wp\/v2\/posts\/26760\/revisions"}],"predecessor-version":[{"id":26762,"href":"https:\/\/akdenizolaygazetesi.com\/index.php?rest_route=\/wp\/v2\/posts\/26760\/revisions\/26762"}],"wp:featuredmedia":[{"embeddable":true,"href":"https:\/\/akdenizolaygazetesi.com\/index.php?rest_route=\/wp\/v2\/media\/26761"}],"wp:attachment":[{"href":"https:\/\/akdenizolaygazetesi.com\/index.php?rest_route=%2Fwp%2Fv2%2Fmedia&parent=26760"}],"wp:term":[{"taxonomy":"category","embeddable":true,"href":"https:\/\/akdenizolaygazetesi.com\/index.php?rest_route=%2Fwp%2Fv2%2Fcategories&post=26760"},{"taxonomy":"post_tag","embeddable":true,"href":"https:\/\/akdenizolaygazetesi.com\/index.php?rest_route=%2Fwp%2Fv2%2Ftags&post=26760"}],"curies":[{"name":"wp","href":"https:\/\/api.w.org\/{rel}","templated":true}]}}