{"id":26769,"date":"2023-07-14T12:57:29","date_gmt":"2023-07-14T09:57:29","guid":{"rendered":"http:\/\/akdenizolaygazetesi.com\/?p=26769"},"modified":"2023-07-14T12:57:54","modified_gmt":"2023-07-14T09:57:54","slug":"26769","status":"publish","type":"post","link":"https:\/\/akdenizolaygazetesi.com\/?p=26769","title":{"rendered":"iL M\u0130LL\u0130 E\u011e\u0130T\u0130M M\u00dcD\u00dcR\u00dc ADEM KOCA\u2019DAN \u201d15 TEMMUZ DEMOKRAS\u0130 VE M\u0130LL\u0130 B\u0130RL\u0130K G\u00dcN\u00dc\u201d MESAJI"},"content":{"rendered":"<p>Bug\u00fcn, y\u00fcreklerimizin hala yang\u0131n gibi yand\u0131\u011f\u0131 bir g\u00fcn; 15 Temmuz. Bug\u00fcn, hain bir darbe giri\u015fimiyle kar\u015f\u0131 kar\u015f\u0131ya kald\u0131\u011f\u0131m\u0131z, ama asla boyun e\u011fmedi\u011fimiz o karanl\u0131k g\u00fcn\u00fcn y\u0131ld\u00f6n\u00fcm\u00fc. Bug\u00fcn, bir milletin, g\u00f6vdelerini siper ederek demokrasisine, ba\u011f\u0131ms\u0131zl\u0131\u011f\u0131na, onuruna ve gelece\u011fine sahip \u00e7\u0131k\u0131\u015f\u0131n\u0131n kutlu zafer g\u00fcn\u00fc.<\/p>\n<p>Halk\u0131m\u0131z\u0131n o gece g\u00f6sterdi\u011fi cesaret, kararl\u0131l\u0131k ve inan\u00e7, t\u00fcm d\u00fcnyaya demokrasiye olan ba\u011fl\u0131l\u0131\u011f\u0131m\u0131z\u0131 ve vatan sevgimizi g\u00f6stermi\u015ftir. Darbeciler, T\u00fcrk milletinin kararl\u0131l\u0131\u011f\u0131 ve direni\u015fi kar\u015f\u0131s\u0131nda aciz kalm\u0131\u015f, halk\u0131n g\u00fcc\u00fcn\u00fcn \u00fcst\u00fcnde hi\u00e7bir g\u00fcc\u00fcn olamayaca\u011f\u0131n\u0131 ac\u0131 bir \u015fekilde g\u00f6rm\u00fc\u015flerdir.<\/p>\n<p>15 Temmuz, sadece bir zafer g\u00fcn\u00fc de\u011fil, ayn\u0131 zamanda bir birlik ve beraberlik g\u00fcn\u00fcd\u00fcr. Milletimiz, herhangi bir siyasi, ideolojik veya etnik ayr\u0131m g\u00f6zetmeksizin kenetlenmi\u015f, tek y\u00fcrek olmu\u015ftur. Bu kahramanl\u0131k destan\u0131, tarihimize alt\u0131n harflerle yaz\u0131lm\u0131\u015f, asla unutulmayacak bir an\u0131 olarak kalacakt\u0131r.<\/p>\n<p>Bug\u00fcn, aziz \u015fehitlerimizin ve gazilerimizin fedakarl\u0131klar\u0131n\u0131 minnetle anma g\u00fcn\u00fcd\u00fcr. Onlar, canlar\u0131n\u0131 bu topraklar i\u00e7in feda ettiler ve bizlere \u00f6zg\u00fcrl\u00fck, ba\u011f\u0131ms\u0131zl\u0131k ve demokrasi miras\u0131n\u0131 b\u0131rakt\u0131lar. Onlar\u0131n kahramanl\u0131k hikayeleri, kalplerimizde sonsuza kadar ya\u015fayacak ve gelecek nesillerimize ilham kayna\u011f\u0131 olacakt\u0131r.<\/p>\n<p>15 Temmuz, bizlere her zaman hat\u0131rlamam\u0131z gereken \u00f6nemli dersler vermektedir. Birlik olman\u0131n g\u00fcc\u00fcn\u00fc, vatan sevgisinin de\u011ferini, demokrasinin k\u0131ymetini bir kez daha anl\u0131yoruz. Bu anlaml\u0131 g\u00fcn, milletimize bir kez daha hat\u0131rlat\u0131yor ki, biz birlik oldu\u011fumuz s\u00fcrece hi\u00e7bir zorluk \u00fcstesinden gelemeyece\u011fimiz kadar b\u00fcy\u00fck de\u011fildir.<\/p>\n<p>Bu vesileyle, y\u00fcce T\u00fcrk milletinin &#8220;15 Temmuz Demokrasi ve Milli Birlik G\u00fcn\u00fc&#8221;n\u00fc kutluyor, aziz \u015fehitlerimize Allah&#8217;tan rahmet diliyor, gazilerimize \u015f\u00fckranlar\u0131m\u0131 sunuyorum. Devletimize ve milletimize zeval gelmesin, birlik ve beraberli\u011fimiz daim olsun!<\/p>\n<p>&#8221;Vatan bir bayrakt\u0131r, bayrak dalgalanmakt\u0131r!<\/p>\n<p>Vatan bir \u015fark\u0131d\u0131r, dinmek bilmez s\u00f6ylenir!<\/p>\n<p>Vatan bir destand\u0131r, unutulmaz okunur!<\/p>\n<p>Vatan bir duygudur, g\u00f6n\u00fcllerde ya\u015far!<\/p>\n<p>Vatan bir a\u015fkt\u0131r, sevdik\u00e7e b\u00fcy\u00fcr!<\/p>\n<p>Vatan bir ate\u015ftir, s\u00f6nmek bilmez yanar!&#8221;<\/p>\n<p>Bu topraklar i\u00e7in canlar\u0131n\u0131 feda eden t\u00fcm kahramanlar\u0131m\u0131z\u0131n ruhu \u015fad olsun. Onlar\u0131n emaneti olan bu g\u00fczel vatan\u0131 sonsuza kadar koruyacak, demokrasi ve \u00f6zg\u00fcrl\u00fck me\u015falesini her zaman y\u00fcksek tutaca\u011f\u0131z. Allah yar ve yard\u0131mc\u0131m\u0131z olsun!<\/p>\n","protected":false},"excerpt":{"rendered":"<p>Bug\u00fcn, y\u00fcreklerimizin hala yang\u0131n gibi yand\u0131\u011f\u0131 bir g\u00fcn; 15 Temmuz. Bug\u00fcn, hain bir darbe giri\u015fimiyle kar\u015f\u0131 kar\u015f\u0131ya kald\u0131\u011f\u0131m\u0131z, ama asla boyun e\u011fmedi\u011fimiz o karanl\u0131k g\u00fcn\u00fcn y\u0131ld\u00f6n\u00fcm\u00fc. Bug\u00fcn, bir milletin, g\u00f6vdelerini &hellip; <a href=\"https:\/\/akdenizolaygazetesi.com\/?p=26769\" class=\"more-link\">Devam\u0131n\u0131 Oku&#8230;<\/a><\/p>\n","protected":false},"author":2,"featured_media":26770,"comment_status":"open","ping_status":"open","sticky":false,"template":"","format":"standard","meta":[],"categories":[3],"tags":[],"_links":{"self":[{"href":"https:\/\/akdenizolaygazetesi.com\/index.php?rest_route=\/wp\/v2\/posts\/26769"}],"collection":[{"href":"https:\/\/akdenizolaygazetesi.com\/index.php?rest_route=\/wp\/v2\/posts"}],"about":[{"href":"https:\/\/akdenizolaygazetesi.com\/index.php?rest_route=\/wp\/v2\/types\/post"}],"author":[{"embeddable":true,"href":"https:\/\/akdenizolaygazetesi.com\/index.php?rest_route=\/wp\/v2\/users\/2"}],"replies":[{"embeddable":true,"href":"https:\/\/akdenizolaygazetesi.com\/index.php?rest_route=%2Fwp%2Fv2%2Fcomments&post=26769"}],"version-history":[{"count":2,"href":"https:\/\/akdenizolaygazetesi.com\/index.php?rest_route=\/wp\/v2\/posts\/26769\/revisions"}],"predecessor-version":[{"id":26772,"href":"https:\/\/akdenizolaygazetesi.com\/index.php?rest_route=\/wp\/v2\/posts\/26769\/revisions\/26772"}],"wp:featuredmedia":[{"embeddable":true,"href":"https:\/\/akdenizolaygazetesi.com\/index.php?rest_route=\/wp\/v2\/media\/26770"}],"wp:attachment":[{"href":"https:\/\/akdenizolaygazetesi.com\/index.php?rest_route=%2Fwp%2Fv2%2Fmedia&parent=26769"}],"wp:term":[{"taxonomy":"category","embeddable":true,"href":"https:\/\/akdenizolaygazetesi.com\/index.php?rest_route=%2Fwp%2Fv2%2Fcategories&post=26769"},{"taxonomy":"post_tag","embeddable":true,"href":"https:\/\/akdenizolaygazetesi.com\/index.php?rest_route=%2Fwp%2Fv2%2Ftags&post=26769"}],"curies":[{"name":"wp","href":"https:\/\/api.w.org\/{rel}","templated":true}]}}