{"id":26773,"date":"2023-07-14T12:59:28","date_gmt":"2023-07-14T09:59:28","guid":{"rendered":"http:\/\/akdenizolaygazetesi.com\/?p=26773"},"modified":"2023-07-14T12:59:28","modified_gmt":"2023-07-14T09:59:28","slug":"akdeniz-belediye-baskani-tum-mersinlileri-demokrasi-nobeti-icin-15-temmuzda-cumhuriyet-meydanina-davet-etti","status":"publish","type":"post","link":"https:\/\/akdenizolaygazetesi.com\/?p=26773","title":{"rendered":"Akdeniz Belediye Ba\u015fkan\u0131, t\u00fcm Mersinlileri \u201cDemokrasi N\u00f6beti\u201d i\u00e7in 15 Temmuz\u2019da Cumhuriyet Meydan\u0131\u2019na davet etti"},"content":{"rendered":"<p>Ba\u015fkan G\u00fcltak, \u201cFET\u00d6 ter\u00f6r \u00f6rg\u00fct\u00fc mensuplar\u0131 taraf\u0131ndan 15 Temmuz 2016 gecesinde ger\u00e7ekle\u015ftirilmek istenen kalk\u0131\u015fma kar\u015f\u0131s\u0131nda aziz ve fedak\u00e2r milletimiz; devletine, \u00fclkesine, egemenli\u011fi ve istikbaline sahip \u00e7\u0131karak hain darbecilere, i\u00e7erideki ve d\u0131\u015far\u0131daki i\u015fbirlik\u00e7ilerine unutamayacaklar\u0131 bir ders vermi\u015ftir\u201d dedi. Ba\u015fkan G\u00fcltak, 15 Temmuz\u2019da Cumhuriyet Meydan\u0131\u2019nda tutulacak demokrasi n\u00f6betine de t\u00fcm Mersinlileri davet etti.<br \/>\nAkdeniz Belediye Ba\u015fkan\u0131 M. Mustafa G\u00fcltak, 15 Temmuz Darbe giri\u015fiminin 7\u2019inci y\u0131ld\u00f6n\u00fcm\u00fc dolay\u0131s\u0131yla yapt\u0131\u011f\u0131 yaz\u0131l\u0131 a\u00e7\u0131klamada; \u201cA\u011f\u0131r silahlarla masum ve sivil insanlar\u0131m\u0131z\u0131 hedef alarak hain emellerine ula\u015faca\u011f\u0131n\u0131 sanan zavall\u0131, hain FET\u00d6 mensuplar\u0131, o g\u00fcn Cumhuriyetimizin temel de\u011ferlerine, milli irademize, birli\u011fimize ve karde\u015fli\u011fimize kar\u015f\u0131 giri\u015ftikleri hain sald\u0131r\u0131 ile \u00fclkemize diz \u00e7\u00f6kt\u00fcrmeyi hedeflemi\u015ftir. Ancak o tarihi gecede, Cumhurba\u015fkan\u0131m\u0131z Say\u0131n Recep Tayyip Erdo\u011fan\u2019\u0131n \u00e7a\u011fr\u0131s\u0131yla \u00fclkemizin d\u00f6rt bir yan\u0131nda demokrasi, \u00f6zg\u00fcrl\u00fck ve ba\u011f\u0131ms\u0131zl\u0131k i\u00e7in meydanlara inen kahramanlar\u0131m\u0131z, hain darbecilere ve destek\u00e7ilerine hi\u00e7 ummad\u0131klar\u0131 bir yan\u0131t vermi\u015ftir\u201d ifadelerini kulland\u0131.<br \/>\nMesaj\u0131nda; \u201cMilletimizin b\u00fcy\u00fck azim ve kararl\u0131l\u0131\u011f\u0131yla 15 Temmuz 2016 gecesinde Kurtulu\u015f Sava\u015f\u0131\u2019m\u0131z\u0131n da \u00f6z\u00fc olan \u2018\u00c7anakkale Ruhu\u2019 yeniden canlanm\u0131\u015f ve T\u00fcrk Milleti yeni bir kahramanl\u0131k hik\u00e2yesi, yeni bir destan daha yaz\u0131p insanl\u0131k tarihine hediye etmi\u015ftir\u201d diyen Ba\u015fkan G\u00fcltak, devam\u0131nda \u015fu ifadeleri kaydetti; \u201cAziz milletimiz g\u00f6sterdi\u011fi direni\u015fiyle hem darbe giri\u015fimini p\u00fcsk\u00fcrtm\u00fc\u015f, hem de \u00fclkemizi teslim almay\u0131 hedefleyen i\u015fgal te\u015febb\u00fcs\u00fcn\u00fc engellemi\u015ftir. Aziz T\u00fcrk Milleti, ne FET\u00d6, ne PKK destek\u00e7ileri ne de i\u00e7erideki veya d\u0131\u015far\u0131daki uzant\u0131lar\u0131na asla pabu\u00e7 b\u0131rakmam\u0131\u015ft\u0131r, bundan sonra da b\u0131rakmayacakt\u0131r. \u00c7anakkale Ruhu ile darbecilere kar\u015f\u0131 yekv\u00fccut olup direni\u015fe ge\u00e7en; vatan\u0131, \u00f6zg\u00fcrl\u00fc\u011f\u00fc, demokrasi ve istikbali i\u00e7in \u00e7ekinmeden canlar\u0131n\u0131 veren \u015fehitlerimize Allah\u2019tan rahmet diliyor, gazilerimize de minnetlerimi sunuyorum.<br \/>\nMilletimizin g\u00fcc\u00fc ve iradesinin \u00fcst\u00fcnde bir irade veya kuvvet olmam\u0131\u015ft\u0131r, bundan sonra da olmayacakt\u0131r. Devletimize, Cumhuriyetimize, demokrasimize ve aziz milletimizin y\u00fcce iradesine kar\u015f\u0131 hain FET\u00d6 ter\u00f6r \u00f6rg\u00fct\u00fc ve yanda\u015flar\u0131 taraf\u0131ndan ger\u00e7ekle\u015fen kalk\u0131\u015fma giri\u015fimini lanetliyorum. T\u00fcrk Milleti yenilmeyecek, T\u00fcrkiye Cumhuriyeti asla b\u00f6l\u00fcnmeyecek, y\u0131k\u0131lmayacak ve ilelebet ya\u015fayacakt\u0131r. 15 Temmuz\u2019u unutmayaca\u011f\u0131z ve unutturmayaca\u011f\u0131z. Bu duygu ve d\u00fc\u015f\u00fcncelerle; t\u00fcm Mersinlileri o g\u00fcn Cumhuriyet Meydan\u0131\u2019nda tutaca\u011f\u0131m\u0131z demokrasi n\u00f6betine davet ediyorum. 15 Temmuz Milli Birlik ve Demokrasi G\u00fcn\u00fcm\u00fcz\u00fc kutluyor, bu tarihi destan\u0131 elbirli\u011fiyle yazan, tanklara ve u\u00e7aklara g\u00f6\u011fs\u00fcn\u00fc siper eden 7\u2019den 70\u2019e cesur ve kahraman milletimizi en kalbi duygular\u0131mla selaml\u0131yor, sayg\u0131lar\u0131m\u0131 arz ediyorum.\u201d<\/p>\n","protected":false},"excerpt":{"rendered":"<p>Ba\u015fkan G\u00fcltak, \u201cFET\u00d6 ter\u00f6r \u00f6rg\u00fct\u00fc mensuplar\u0131 taraf\u0131ndan 15 Temmuz 2016 gecesinde ger\u00e7ekle\u015ftirilmek istenen kalk\u0131\u015fma kar\u015f\u0131s\u0131nda aziz ve fedak\u00e2r milletimiz; devletine, \u00fclkesine, egemenli\u011fi ve istikbaline sahip \u00e7\u0131karak hain darbecilere, i\u00e7erideki ve &hellip; <a href=\"https:\/\/akdenizolaygazetesi.com\/?p=26773\" class=\"more-link\">Devam\u0131n\u0131 Oku&#8230;<\/a><\/p>\n","protected":false},"author":2,"featured_media":26774,"comment_status":"open","ping_status":"open","sticky":false,"template":"","format":"standard","meta":[],"categories":[3],"tags":[],"_links":{"self":[{"href":"https:\/\/akdenizolaygazetesi.com\/index.php?rest_route=\/wp\/v2\/posts\/26773"}],"collection":[{"href":"https:\/\/akdenizolaygazetesi.com\/index.php?rest_route=\/wp\/v2\/posts"}],"about":[{"href":"https:\/\/akdenizolaygazetesi.com\/index.php?rest_route=\/wp\/v2\/types\/post"}],"author":[{"embeddable":true,"href":"https:\/\/akdenizolaygazetesi.com\/index.php?rest_route=\/wp\/v2\/users\/2"}],"replies":[{"embeddable":true,"href":"https:\/\/akdenizolaygazetesi.com\/index.php?rest_route=%2Fwp%2Fv2%2Fcomments&post=26773"}],"version-history":[{"count":1,"href":"https:\/\/akdenizolaygazetesi.com\/index.php?rest_route=\/wp\/v2\/posts\/26773\/revisions"}],"predecessor-version":[{"id":26775,"href":"https:\/\/akdenizolaygazetesi.com\/index.php?rest_route=\/wp\/v2\/posts\/26773\/revisions\/26775"}],"wp:featuredmedia":[{"embeddable":true,"href":"https:\/\/akdenizolaygazetesi.com\/index.php?rest_route=\/wp\/v2\/media\/26774"}],"wp:attachment":[{"href":"https:\/\/akdenizolaygazetesi.com\/index.php?rest_route=%2Fwp%2Fv2%2Fmedia&parent=26773"}],"wp:term":[{"taxonomy":"category","embeddable":true,"href":"https:\/\/akdenizolaygazetesi.com\/index.php?rest_route=%2Fwp%2Fv2%2Fcategories&post=26773"},{"taxonomy":"post_tag","embeddable":true,"href":"https:\/\/akdenizolaygazetesi.com\/index.php?rest_route=%2Fwp%2Fv2%2Ftags&post=26773"}],"curies":[{"name":"wp","href":"https:\/\/api.w.org\/{rel}","templated":true}]}}