{"id":26777,"date":"2023-07-14T16:43:34","date_gmt":"2023-07-14T13:43:34","guid":{"rendered":"http:\/\/akdenizolaygazetesi.com\/?p=26777"},"modified":"2023-07-14T16:43:34","modified_gmt":"2023-07-14T13:43:34","slug":"baskan-yilmazin-15-temmuz-mesaji","status":"publish","type":"post","link":"https:\/\/akdenizolaygazetesi.com\/?p=26777","title":{"rendered":"BA\u015eKAN YILMAZ&#8217;IN 15 TEMMUZ MESAJI"},"content":{"rendered":"<p>Toroslar Belediye Ba\u015fkan\u0131 Ats\u0131z Af\u015f\u0131n Y\u0131lmaz, 15 Temmuz Demokrasi ve Milli Birlik G\u00fcn\u00fc dolay\u0131s\u0131yla bir mesaj yay\u0131nlad\u0131.<\/p>\n<p>Aziz T\u00fcrk Millet i\u00e7in milli birlik ve egemenli\u011fin \u00f6nemini dile getiren Ba\u015fkan Y\u0131lmaz, 15 Temmuz g\u00fcn\u00fcn\u00fcn tarihe alt\u0131n harflerle yaz\u0131lm\u0131\u015f b\u00fcy\u00fck bir demokrasi m\u00fccadelesi oldu\u011funu belirterek, destans\u0131 m\u00fccadelenin hi\u00e7bir zaman unutulmayaca\u011f\u0131n\u0131 s\u00f6yledi.<\/p>\n<p>&#8220;Lider \u00dclke T\u00fcrkiye Hedefiyle ve G\u00fc\u00e7l\u00fc Ad\u0131mlarla Y\u00fcr\u00fcmeye Devam Edece\u011fiz&#8221;<\/p>\n<p>&#8220;15 Temmuz 2016 g\u00fcn\u00fc milletimiz bir kez daha \u015fanl\u0131 duru\u015funu sergileme\u015ftir&#8221; diyen Ba\u015fkan Y\u0131lmaz; &#8220;15 Temmuz 2016 tarihinde ger\u00e7ekle\u015fen hain darbe giri\u015fiminde milletimiz, vatana ve millete olan ba\u011fl\u0131l\u0131\u011f\u0131n\u0131 bir kez daha g\u00f6stermi\u015f, demokrasimize kast edenlere kar\u015f\u0131 iman\u0131yla, cesaretiyle, milli iradeyle destan yazm\u0131\u015ft\u0131r. Vatan\u0131m\u0131z s\u00f6z konusuysa, bizler millet olmaktan da \u00f6te tek v\u00fccuduz. &#8220;G\u00fcn iradeye sahip \u00e7\u0131kma g\u00fcn\u00fcd\u00fcr&#8221; diyerek meydanlara \u00e7\u0131kan ve hainlere f\u0131rsat vermeyen t\u00fcm vatanda\u015flar\u0131m\u0131za minnettar\u0131z. Kurulan tuzak ve ihanetlere ra\u011fmen bizler etle t\u0131rnak gibiyiz. Bizi hi\u00e7 kimse ay\u0131ramaz ve b\u00f6lemez. Lider \u00dclke T\u00fcrkiye hedefiyle ve g\u00fc\u00e7l\u00fc ad\u0131mlarla y\u00fcr\u00fcmeye devam edece\u011fiz. 15 Temmuz Demokrasi ve Milli Birlik G\u00fcn\u00fc&#8217;n\u00fcn y\u0131l d\u00f6n\u00fcm\u00fcnde t\u00fcm hem\u015fehrilerimi sevgi ve sayg\u0131yla selaml\u0131yorum. \u00dclkemizin birli\u011fi ve devletimizin bekas\u0131 i\u00e7in canlar\u0131n\u0131 feda ederek \u015fehadet \u015ferbeti i\u00e7en aziz \u015fehitlerimizi bir kez daha rahmet ve minnetle an\u0131yor, gazilerimize \u015f\u00fckranlar\u0131m\u0131 sunuyorum. 15 Temmuz Demokrasi Destan\u0131n\u0131 unutmayaca\u011f\u0131z, unutturmayaca\u011f\u0131z&#8221; diye konu\u015ftu.<\/p>\n","protected":false},"excerpt":{"rendered":"<p>Toroslar Belediye Ba\u015fkan\u0131 Ats\u0131z Af\u015f\u0131n Y\u0131lmaz, 15 Temmuz Demokrasi ve Milli Birlik G\u00fcn\u00fc dolay\u0131s\u0131yla bir mesaj yay\u0131nlad\u0131. Aziz T\u00fcrk Millet i\u00e7in milli birlik ve egemenli\u011fin \u00f6nemini dile getiren Ba\u015fkan Y\u0131lmaz, &hellip; <a href=\"https:\/\/akdenizolaygazetesi.com\/?p=26777\" class=\"more-link\">Devam\u0131n\u0131 Oku&#8230;<\/a><\/p>\n","protected":false},"author":2,"featured_media":26778,"comment_status":"open","ping_status":"open","sticky":false,"template":"","format":"standard","meta":[],"categories":[3],"tags":[],"_links":{"self":[{"href":"https:\/\/akdenizolaygazetesi.com\/index.php?rest_route=\/wp\/v2\/posts\/26777"}],"collection":[{"href":"https:\/\/akdenizolaygazetesi.com\/index.php?rest_route=\/wp\/v2\/posts"}],"about":[{"href":"https:\/\/akdenizolaygazetesi.com\/index.php?rest_route=\/wp\/v2\/types\/post"}],"author":[{"embeddable":true,"href":"https:\/\/akdenizolaygazetesi.com\/index.php?rest_route=\/wp\/v2\/users\/2"}],"replies":[{"embeddable":true,"href":"https:\/\/akdenizolaygazetesi.com\/index.php?rest_route=%2Fwp%2Fv2%2Fcomments&post=26777"}],"version-history":[{"count":1,"href":"https:\/\/akdenizolaygazetesi.com\/index.php?rest_route=\/wp\/v2\/posts\/26777\/revisions"}],"predecessor-version":[{"id":26779,"href":"https:\/\/akdenizolaygazetesi.com\/index.php?rest_route=\/wp\/v2\/posts\/26777\/revisions\/26779"}],"wp:featuredmedia":[{"embeddable":true,"href":"https:\/\/akdenizolaygazetesi.com\/index.php?rest_route=\/wp\/v2\/media\/26778"}],"wp:attachment":[{"href":"https:\/\/akdenizolaygazetesi.com\/index.php?rest_route=%2Fwp%2Fv2%2Fmedia&parent=26777"}],"wp:term":[{"taxonomy":"category","embeddable":true,"href":"https:\/\/akdenizolaygazetesi.com\/index.php?rest_route=%2Fwp%2Fv2%2Fcategories&post=26777"},{"taxonomy":"post_tag","embeddable":true,"href":"https:\/\/akdenizolaygazetesi.com\/index.php?rest_route=%2Fwp%2Fv2%2Ftags&post=26777"}],"curies":[{"name":"wp","href":"https:\/\/api.w.org\/{rel}","templated":true}]}}