{"id":26780,"date":"2023-07-14T16:44:58","date_gmt":"2023-07-14T13:44:58","guid":{"rendered":"http:\/\/akdenizolaygazetesi.com\/?p=26780"},"modified":"2023-07-14T16:44:58","modified_gmt":"2023-07-14T13:44:58","slug":"baskan-secer-aydinlik-gelecek-icin-var-gucumuzle-calismaya-devam-edecegiz","status":"publish","type":"post","link":"https:\/\/akdenizolaygazetesi.com\/?p=26780","title":{"rendered":"BA\u015eKAN SE\u00c7ER: &#8220;AYDINLIK GELECEK \u0130\u00c7\u0130N VAR G\u00dcC\u00dcM\u00dcZLE \u00c7ALI\u015eMAYA DEVAM EDECE\u011e\u0130Z&#8221;"},"content":{"rendered":"<p>Mersin B\u00fcy\u00fck\u015fehir Belediye Meclisi&#8217;nin 2023 Y\u0131l\u0131 Temmuz Ay\u0131 Ola\u011fan Toplant\u0131s\u0131n\u0131n 2. Birle\u015fimi Kongre ve Sergi Saray\u0131 \u00c7ok Ama\u00e7l\u0131 Salon&#8217;da Ba\u015fkan Vahap Se\u00e7er ba\u015fkanl\u0131\u011f\u0131nda ger\u00e7ekle\u015ftirildi.<br \/>\nMeclis Toplant\u0131s\u0131&#8217;nda komisyonlara havale edilen 10 ve birimlerden gelen 2 madde olmak \u00fczere toplam 12 madde g\u00f6r\u00fc\u015f\u00fcld\u00fc.<br \/>\nToplant\u0131n\u0131n g\u00fcndem d\u0131\u015f\u0131 konu\u015fmalar b\u00f6l\u00fcm\u00fcnde a\u00e7\u0131klamalarda bulunan Ba\u015fkan Se\u00e7er, 15 Temmuz darbe giri\u015fiminin y\u0131ld\u00f6n\u00fcm\u00fc olmas\u0131 sebebiyle; &#8221; Darbe giri\u015fiminin 7. y\u0131l d\u00f6n\u00fcm\u00fc. Demokrasi ve Milli Birlik G\u00fcn\u00fc&#8217;nde \u015fehitlerimizi rahmetle an\u0131yorum, gazilerimize de sayg\u0131lar\u0131m\u0131 sunuyorum. Milletimizin birlik ve beraberli\u011fi ile T\u00fcrkiye Cumhuriyeti&#8217;nin ayd\u0131nl\u0131k gelece\u011fini in\u015fa etmek i\u00e7in var g\u00fcc\u00fcm\u00fczle \u00e7al\u0131\u015fmaya devam edece\u011fiz&#8221; ifadelerine yer verdi.<br \/>\nBir Meclis \u00fcyesinin \u00f6zel toplu ta\u015f\u0131ma ara\u00e7lar\u0131nda klima a\u00e7\u0131lmad\u0131\u011f\u0131 ile ilgili \u015fikayetlerin geldi\u011fini iletmesi \u00fczerine Ba\u015fkan Se\u00e7er, denetimlerin B\u00fcy\u00fck\u015fehir&#8217;in Zab\u0131ta Dairesi Ba\u015fkanl\u0131\u011f\u0131&#8217;nda oldu\u011funu belirterek, &#8220;Daha s\u0131k\u0131 denetim yapaca\u011f\u0131z \u00f6yle g\u00f6r\u00fcn\u00fcyor. Di\u011fer kurumlar da varsa di\u011fer kurumlara g\u00f6rev d\u00fc\u015f\u00fcyorsa da onlardan da isteyece\u011fiz ama bu tamamen bizimle ilgili bir durumsa biz Zab\u0131ta ekiplerimiz ile bu konuda tedbirimizi alaca\u011f\u0131z&#8221; dedi. Ba\u015fkan Se\u00e7er, belediye otob\u00fcslerinde de klima s\u0131k\u0131nt\u0131s\u0131 ya\u015fayan vatanda\u015flar\u0131n B\u00fcy\u00fck\u015fehir&#8217;e bildirmelerini isteyerek, &#8220;Klima sorunu ya\u015fad\u0131\u011f\u0131n\u0131z otob\u00fcslerin plakas\u0131 ya da sefer say\u0131s\u0131yla Alo 185&#8217;e bildirmelerini istiyoruz m\u00fcdahale edelim diye&#8221; diye konu\u015ftu.<br \/>\n&#8220;Uygulama \u0130mar Planlar\u0131nda temel prensip belirleyelim&#8221;<br \/>\nToroslar 1. Etap Arpa\u00e7sakarlar Mahallesi ve \u00c7evresi 1\/1000 \u00d6l\u00e7ekli Revizyon Uygulama \u0130mar Plan\u0131&#8217;na ili\u015fkin konu da Meclis&#8217;te g\u00f6r\u00fc\u015f\u00fcld\u00fc. Komisyon&#8217;dan geldi\u011fi \u015fekliyle oylanan ilgili madde Meclis toplant\u0131s\u0131nda oy \u00e7oklu\u011fuyla kabul edildi. Ba\u015fkan Se\u00e7er de konuyla ilgili; &#8220;Konuyu b\u00fct\u00fcn bir Mersin ili olarak d\u00fc\u015f\u00fcn\u00fcp, temel bir prensip belirleyelim ve bunun \u00e7al\u0131\u015fmas\u0131n\u0131 yapal\u0131m. Meclis&#8217;te onaylatal\u0131m ve il\u00e7eler de o \u00e7er\u00e7evede \u00e7al\u0131\u015fma yaps\u0131n. O zaman bu tart\u0131\u015fmalar olmaz diye d\u00fc\u015f\u00fcn\u00fcyorum. Ayn\u0131 hinterland, ayn\u0131 topografya, ayn\u0131 zemin ama birinin s\u0131n\u0131rlar\u0131 A il\u00e7esi,  bir di\u011ferinin B il\u00e7esi. Birinde 15 kat, birinde 21 kat olmas\u0131 rahats\u0131z edici. Hi\u00e7bir s\u00f6z\u00fcm yok. Ama 21 kat da genel anlamda rahats\u0131z verici ise ona bir kota koyal\u0131m. Diyelim ki; &#8216;Mersin&#8217;de 15 kat\u0131 ge\u00e7mesin, 18 kat\u0131 ge\u00e7mesin.&#8217; Bu konuda da g\u00f6r\u00fc\u015f\u00fcn\u00fc alal\u0131m. Cumhur \u0130ttifak\u0131 olarak siz de olumlu bak\u0131yorsan\u0131z biz de hemen bir \u00e7al\u0131\u015fma ba\u015flatal\u0131m bu konuda ve Meclis&#8217;e sunal\u0131m&#8221; dedi.<br \/>\nYeni\u015fehir 1. Etap 1\/1000 \u00f6l\u00e7ekli revizyon uygulama imar plan\u0131na ask\u0131 ilan s\u00fcresi i\u00e7erisinde gelen itirazlar ile ilgili farkl\u0131 komisyonlara m\u00fc\u015ftereken havale edilen konu Meclis toplant\u0131s\u0131nda g\u00f6r\u00fc\u015f\u00fcld\u00fc.  Kot parselleriyle ilgili tart\u0131\u015fmaya konu olan 43 ve 44.2 No&#8217;lu itirazlar oylara sunuldu ve komisyon raporu Meclis toplant\u0131s\u0131nda oy \u00e7oklu\u011fuyla kabul edildi. Oy birli\u011fiyle gelen t\u00fcm maddeler de Meclis toplant\u0131s\u0131nda oy birli\u011fiyle kabul edildi.<\/p>\n","protected":false},"excerpt":{"rendered":"<p>Mersin B\u00fcy\u00fck\u015fehir Belediye Meclisi&#8217;nin 2023 Y\u0131l\u0131 Temmuz Ay\u0131 Ola\u011fan Toplant\u0131s\u0131n\u0131n 2. Birle\u015fimi Kongre ve Sergi Saray\u0131 \u00c7ok Ama\u00e7l\u0131 Salon&#8217;da Ba\u015fkan Vahap Se\u00e7er ba\u015fkanl\u0131\u011f\u0131nda ger\u00e7ekle\u015ftirildi. Meclis Toplant\u0131s\u0131&#8217;nda komisyonlara havale edilen 10 &hellip; <a href=\"https:\/\/akdenizolaygazetesi.com\/?p=26780\" class=\"more-link\">Devam\u0131n\u0131 Oku&#8230;<\/a><\/p>\n","protected":false},"author":2,"featured_media":26781,"comment_status":"open","ping_status":"open","sticky":false,"template":"","format":"standard","meta":[],"categories":[2,3],"tags":[],"_links":{"self":[{"href":"https:\/\/akdenizolaygazetesi.com\/index.php?rest_route=\/wp\/v2\/posts\/26780"}],"collection":[{"href":"https:\/\/akdenizolaygazetesi.com\/index.php?rest_route=\/wp\/v2\/posts"}],"about":[{"href":"https:\/\/akdenizolaygazetesi.com\/index.php?rest_route=\/wp\/v2\/types\/post"}],"author":[{"embeddable":true,"href":"https:\/\/akdenizolaygazetesi.com\/index.php?rest_route=\/wp\/v2\/users\/2"}],"replies":[{"embeddable":true,"href":"https:\/\/akdenizolaygazetesi.com\/index.php?rest_route=%2Fwp%2Fv2%2Fcomments&post=26780"}],"version-history":[{"count":1,"href":"https:\/\/akdenizolaygazetesi.com\/index.php?rest_route=\/wp\/v2\/posts\/26780\/revisions"}],"predecessor-version":[{"id":26782,"href":"https:\/\/akdenizolaygazetesi.com\/index.php?rest_route=\/wp\/v2\/posts\/26780\/revisions\/26782"}],"wp:featuredmedia":[{"embeddable":true,"href":"https:\/\/akdenizolaygazetesi.com\/index.php?rest_route=\/wp\/v2\/media\/26781"}],"wp:attachment":[{"href":"https:\/\/akdenizolaygazetesi.com\/index.php?rest_route=%2Fwp%2Fv2%2Fmedia&parent=26780"}],"wp:term":[{"taxonomy":"category","embeddable":true,"href":"https:\/\/akdenizolaygazetesi.com\/index.php?rest_route=%2Fwp%2Fv2%2Fcategories&post=26780"},{"taxonomy":"post_tag","embeddable":true,"href":"https:\/\/akdenizolaygazetesi.com\/index.php?rest_route=%2Fwp%2Fv2%2Ftags&post=26780"}],"curies":[{"name":"wp","href":"https:\/\/api.w.org\/{rel}","templated":true}]}}