{"id":26783,"date":"2023-07-14T16:46:05","date_gmt":"2023-07-14T13:46:05","guid":{"rendered":"http:\/\/akdenizolaygazetesi.com\/?p=26783"},"modified":"2023-07-14T16:46:05","modified_gmt":"2023-07-14T13:46:05","slug":"akdenizde-okuma-yazma-ogrenen-kadinlar-sertifikalarini-aldi","status":"publish","type":"post","link":"https:\/\/akdenizolaygazetesi.com\/?p=26783","title":{"rendered":"AKDEN\u0130Z\u2019DE OKUMA YAZMA \u00d6\u011eRENEN KADINLAR SERT\u0130F\u0130KALARINI ALDI"},"content":{"rendered":"<p>Akdeniz Belediyesi K\u00fclt\u00fcr ve Sosyal \u0130\u015fler M\u00fcd\u00fcrl\u00fc\u011f\u00fc\u2019ne ba\u011fl\u0131 \u00c7ilek Mahallesi K\u00fclt\u00fcr ve Sanat Evi\u2019nde okuma ve yazma \u00f6\u011frenen 20 kursiyer kad\u0131n, birinci kademeden mezun olarak sertifikalar\u0131n\u0131 t\u00f6renle ald\u0131.<br \/>\nCumhurba\u015fkan\u0131 Recep Tayyip Erdo\u011fan&#8217;\u0131n e\u015fi Emine Erdo\u011fan&#8217;\u0131n himayesinde, Milli E\u011fitim Bakanl\u0131\u011f\u0131\u2019n\u0131n i\u015fbirli\u011fi ile hayata ge\u00e7irilen \u2018Nerede Kalm\u0131\u015ft\u0131k?\u2019 projesi \u00e7er\u00e7evesinde, Akdeniz Belediyesi K\u00fclt\u00fcr ve Sosyal \u0130\u015fler M\u00fcd\u00fcrl\u00fc\u011f\u00fc\u2019ne ba\u011fl\u0131 k\u00fclt\u00fcr ve sanat evlerinde verilen okuma yazma kurslar\u0131 devam ediyor.<br \/>\nBu \u00e7er\u00e7evede \u00c7ilek Mahallesi K\u00fclt\u00fcr ve Sanat Evi\u2019nde okuma yazma kursu alan ve birinci kademeyi ba\u015far\u0131yla tamamlayan mahalleli 20 kad\u0131n mezun oldu.  Sertifikalar\u0131n\u0131 Akdeniz Belediye Ba\u015fkan\u0131 Mustafa G\u00fcltak\u2019\u0131n e\u015fi Behiye G\u00fcltak\u2019tan alan kad\u0131nlar, y\u00f6resel k\u0131yafetleriyle s\u0131ra gecesi d\u00fczenledi.<br \/>\n\u201cMutlaka okumaya devam etsinler\u201d<br \/>\nBir arkada\u015f\u0131 vesilesiyle okuma-yazma kursundan haberdar oldu\u011funu s\u00f6yleyen kursiyerlerden Oya Mede, \u201cAkdeniz Belediyesi\u2019ne ve hocalar\u0131m\u0131za b\u00f6yle bir yer a\u00e7t\u0131klar\u0131 i\u00e7in te\u015fekk\u00fcr ederiz. \u00c7ocuklar\u0131m\u0131z\u0131n e\u011fitimlerinde \u00e7ok zorlan\u0131yorduk. Onlara yard\u0131mc\u0131 olam\u0131yorduk. \u015eimdi bir nebze de olsa yard\u0131mc\u0131 olabiliyoruz\u201d dedi. Mede, di\u011fer kad\u0131nlara da mutlaka okumay\u0131 \u00f6\u011frenmelerini tavsiye ederek, \u201cSadece belge al\u0131p b\u0131rakmas\u0131nlar, mutlaka okumaya devam etsinler\u201d  ifadelerini kulland\u0131.<br \/>\n\u201c\u00d6zel gereksinimli k\u0131z\u0131m i\u00e7in okuma yazma \u00f6\u011freniyorum\u201d<br \/>\nRemziye Fidan adl\u0131 kursiyer ise, \u00f6zel gereksinimli k\u0131z\u0131 dolay\u0131s\u0131yla okuma-yazma \u00f6\u011frenmeyi \u00e7ok istedi\u011finin alt\u0131n\u0131 \u00e7izerek, \u201cK\u0131z\u0131m\u0131n sa\u011fl\u0131k sorunlar\u0131 \u00e7ok oldu\u011fu i\u00e7in hastaneye giderken veya servislere binerken s\u0131k\u0131nt\u0131 ya\u015f\u0131yordum. \u0130nsanlara sordu\u011fumuzda bize tepki g\u00f6steriyorlard\u0131. \u2018Bu ya\u015fa gelmi\u015fsin niye okuman\u0131z yok\u2019 diye. Benim amac\u0131m okuma-yazmay\u0131 tam \u00f6\u011frenip, k\u0131z\u0131m\u0131n da e\u011fitimini y\u00fckseltmek. Okuman\u0131n ya\u015f\u0131 yok. Ya\u015f\u0131m\u0131z ge\u00e7mi\u015f demesinler, \u00f6zg\u00fcvenleri de yerlerine gelir\u201d \u015feklinde konu\u015ftu.<\/p>\n","protected":false},"excerpt":{"rendered":"<p>Akdeniz Belediyesi K\u00fclt\u00fcr ve Sosyal \u0130\u015fler M\u00fcd\u00fcrl\u00fc\u011f\u00fc\u2019ne ba\u011fl\u0131 \u00c7ilek Mahallesi K\u00fclt\u00fcr ve Sanat Evi\u2019nde okuma ve yazma \u00f6\u011frenen 20 kursiyer kad\u0131n, birinci kademeden mezun olarak sertifikalar\u0131n\u0131 t\u00f6renle ald\u0131. Cumhurba\u015fkan\u0131 Recep &hellip; <a href=\"https:\/\/akdenizolaygazetesi.com\/?p=26783\" class=\"more-link\">Devam\u0131n\u0131 Oku&#8230;<\/a><\/p>\n","protected":false},"author":2,"featured_media":26784,"comment_status":"open","ping_status":"open","sticky":false,"template":"","format":"standard","meta":[],"categories":[3],"tags":[],"_links":{"self":[{"href":"https:\/\/akdenizolaygazetesi.com\/index.php?rest_route=\/wp\/v2\/posts\/26783"}],"collection":[{"href":"https:\/\/akdenizolaygazetesi.com\/index.php?rest_route=\/wp\/v2\/posts"}],"about":[{"href":"https:\/\/akdenizolaygazetesi.com\/index.php?rest_route=\/wp\/v2\/types\/post"}],"author":[{"embeddable":true,"href":"https:\/\/akdenizolaygazetesi.com\/index.php?rest_route=\/wp\/v2\/users\/2"}],"replies":[{"embeddable":true,"href":"https:\/\/akdenizolaygazetesi.com\/index.php?rest_route=%2Fwp%2Fv2%2Fcomments&post=26783"}],"version-history":[{"count":1,"href":"https:\/\/akdenizolaygazetesi.com\/index.php?rest_route=\/wp\/v2\/posts\/26783\/revisions"}],"predecessor-version":[{"id":26785,"href":"https:\/\/akdenizolaygazetesi.com\/index.php?rest_route=\/wp\/v2\/posts\/26783\/revisions\/26785"}],"wp:featuredmedia":[{"embeddable":true,"href":"https:\/\/akdenizolaygazetesi.com\/index.php?rest_route=\/wp\/v2\/media\/26784"}],"wp:attachment":[{"href":"https:\/\/akdenizolaygazetesi.com\/index.php?rest_route=%2Fwp%2Fv2%2Fmedia&parent=26783"}],"wp:term":[{"taxonomy":"category","embeddable":true,"href":"https:\/\/akdenizolaygazetesi.com\/index.php?rest_route=%2Fwp%2Fv2%2Fcategories&post=26783"},{"taxonomy":"post_tag","embeddable":true,"href":"https:\/\/akdenizolaygazetesi.com\/index.php?rest_route=%2Fwp%2Fv2%2Ftags&post=26783"}],"curies":[{"name":"wp","href":"https:\/\/api.w.org\/{rel}","templated":true}]}}