{"id":26786,"date":"2023-07-15T20:48:19","date_gmt":"2023-07-15T17:48:19","guid":{"rendered":"http:\/\/akdenizolaygazetesi.com\/?p=26786"},"modified":"2023-07-15T20:48:19","modified_gmt":"2023-07-15T17:48:19","slug":"baskan-secer-ve-esi-meral-secer-15-temmuz-anmasinda-sehit-aileleri-gaziler-ve-gazi-aileleri-ile-yemekte-bulustu","status":"publish","type":"post","link":"https:\/\/akdenizolaygazetesi.com\/?p=26786","title":{"rendered":"BA\u015eKAN SE\u00c7ER VE E\u015e\u0130 MERAL SE\u00c7ER,  15 TEMMUZ ANMASINDA \u015eEH\u0130T A\u0130LELER\u0130, GAZ\u0130LER VE GAZ\u0130 A\u0130LELER\u0130 \u0130LE YEMEKTE BULU\u015eTU"},"content":{"rendered":"<p>Mersin B\u00fcy\u00fck\u015fehir Belediye Ba\u015fkan\u0131 Vahap Se\u00e7er ve e\u015fi Meral Se\u00e7er, Mersin Valili\u011fi taraf\u0131ndan &#8217;15 Temmuz Demokrasi ve Milli Birlik G\u00fcn\u00fc&#8217; kapsam\u0131nda \u015fehit aileleri, gaziler ve gazi aileleri onuruna d\u00fczenlenen yemek program\u0131na kat\u0131ld\u0131.<\/p>\n<p>Divan Otel&#8217;de d\u00fczenlenen programa; Mersin Valisi Ali Hamza Pehlivan ve e\u015fi Y\u0131ld\u0131z Pehlivan, Akdeniz B\u00f6lge ve Garnizon Komutan\u0131 Tu\u011famiral Fuat Gedik ve e\u015fi Oya Gedik, Mersin B\u00fcy\u00fck\u015fehir Belediye Ba\u015fkan\u0131 Vahap Se\u00e7er ve e\u015fi Meral Se\u00e7er, Cumhuriyet Halk Partisi (CHP) Mersin Milletvekili Talat Din\u00e7er ile kent protokol\u00fc kat\u0131l\u0131m sa\u011flad\u0131.<\/p>\n<p>15 Temmuz Demokrasi ve Milli Birlik G\u00fcn\u00fc Anma Etkinlikleri kapsam\u0131nda \u015fehit aileleri, gaziler ve gazi aileleri onuruna verilen yemek program\u0131nda, G\u00f6\u00e7men Cami&#8217;si Din G\u00f6revlisi Ramazan \u015eim\u015fek taraf\u0131ndan Kuran&#8217;\u0131 Kerim tilaveti yap\u0131l\u0131rken, Mersin Valisi Ali Hamza Pehlivan da bir konu\u015fma ger\u00e7ekle\u015ftirdi.<\/p>\n","protected":false},"excerpt":{"rendered":"<p>Mersin B\u00fcy\u00fck\u015fehir Belediye Ba\u015fkan\u0131 Vahap Se\u00e7er ve e\u015fi Meral Se\u00e7er, Mersin Valili\u011fi taraf\u0131ndan &#8217;15 Temmuz Demokrasi ve Milli Birlik G\u00fcn\u00fc&#8217; kapsam\u0131nda \u015fehit aileleri, gaziler ve gazi aileleri onuruna d\u00fczenlenen yemek &hellip; <a href=\"https:\/\/akdenizolaygazetesi.com\/?p=26786\" class=\"more-link\">Devam\u0131n\u0131 Oku&#8230;<\/a><\/p>\n","protected":false},"author":2,"featured_media":26787,"comment_status":"open","ping_status":"open","sticky":false,"template":"","format":"standard","meta":[],"categories":[2,3],"tags":[],"_links":{"self":[{"href":"https:\/\/akdenizolaygazetesi.com\/index.php?rest_route=\/wp\/v2\/posts\/26786"}],"collection":[{"href":"https:\/\/akdenizolaygazetesi.com\/index.php?rest_route=\/wp\/v2\/posts"}],"about":[{"href":"https:\/\/akdenizolaygazetesi.com\/index.php?rest_route=\/wp\/v2\/types\/post"}],"author":[{"embeddable":true,"href":"https:\/\/akdenizolaygazetesi.com\/index.php?rest_route=\/wp\/v2\/users\/2"}],"replies":[{"embeddable":true,"href":"https:\/\/akdenizolaygazetesi.com\/index.php?rest_route=%2Fwp%2Fv2%2Fcomments&post=26786"}],"version-history":[{"count":1,"href":"https:\/\/akdenizolaygazetesi.com\/index.php?rest_route=\/wp\/v2\/posts\/26786\/revisions"}],"predecessor-version":[{"id":26788,"href":"https:\/\/akdenizolaygazetesi.com\/index.php?rest_route=\/wp\/v2\/posts\/26786\/revisions\/26788"}],"wp:featuredmedia":[{"embeddable":true,"href":"https:\/\/akdenizolaygazetesi.com\/index.php?rest_route=\/wp\/v2\/media\/26787"}],"wp:attachment":[{"href":"https:\/\/akdenizolaygazetesi.com\/index.php?rest_route=%2Fwp%2Fv2%2Fmedia&parent=26786"}],"wp:term":[{"taxonomy":"category","embeddable":true,"href":"https:\/\/akdenizolaygazetesi.com\/index.php?rest_route=%2Fwp%2Fv2%2Fcategories&post=26786"},{"taxonomy":"post_tag","embeddable":true,"href":"https:\/\/akdenizolaygazetesi.com\/index.php?rest_route=%2Fwp%2Fv2%2Ftags&post=26786"}],"curies":[{"name":"wp","href":"https:\/\/api.w.org\/{rel}","templated":true}]}}