{"id":26789,"date":"2023-07-15T20:51:29","date_gmt":"2023-07-15T17:51:29","guid":{"rendered":"http:\/\/akdenizolaygazetesi.com\/?p=26789"},"modified":"2023-07-15T20:51:29","modified_gmt":"2023-07-15T17:51:29","slug":"yenisehir-belediyesi-atik-ayristirma-tesisini-acti-cevreci-halk-kart-projesini-baslatti","status":"publish","type":"post","link":"https:\/\/akdenizolaygazetesi.com\/?p=26789","title":{"rendered":"Yeni\u015fehir Belediyesi at\u0131k ayr\u0131\u015ft\u0131rma tesisini a\u00e7t\u0131, \u00e7evreci halk kart projesini ba\u015flatt\u0131"},"content":{"rendered":"<p>Mersin Yeni\u015fehir Belediyesi, Ambalaj At\u0131\u011f\u0131 Toplama ve Ayr\u0131\u015ft\u0131rma Tesisi\u2019nin a\u00e7\u0131l\u0131\u015f\u0131n\u0131 ger\u00e7ekle\u015ftirerek, geri d\u00f6n\u00fc\u015f\u00fcm konusunda fark\u0131ndal\u0131k yaratacak yeni projesi olan Yeni\u015fehir \u00c7evreci Halk Kart\u2019\u0131 da hayata ge\u00e7irdi. Tesisin a\u00e7\u0131l\u0131\u015f\u0131 ve Yeni\u015fehir \u00c7evreci Halk Kart\u2019\u0131n lansman\u0131 Mersin B\u00fcy\u00fck\u015fehir Belediye Ba\u015fkan\u0131 Vahap Se\u00e7er ve Yeni\u015fehir Belediye Ba\u015fkan\u0131 Abdullah \u00d6zyi\u011fit\u2019in kat\u0131l\u0131m\u0131yla yap\u0131ld\u0131.<br \/>\nMersin Yeni\u015fehir Belediyesi, geri d\u00f6n\u00fc\u015f\u00fcm, s\u0131f\u0131r at\u0131k ve ekoloji konusunda Yeni\u015fehir\u2019de yeni bir sayfa a\u00e7t\u0131. Yeni\u015fehir Belediyesi geri d\u00f6n\u00fc\u015f\u00fcm\u00fc sa\u011flamak ve aile b\u00fct\u00e7esine katk\u0131 sunmak amac\u0131yla Yeni\u015fehirlilerin at\u0131klardan gelir elde edece\u011fi Yeni\u015fehir \u00c7evreci Halk Kart projesini ba\u015flatt\u0131. Proje kapsam\u0131nda Yeni\u015fehir \u00c7evreci Halk Kart \u00fccretsiz olarak vatanda\u015flara da\u011f\u0131t\u0131lacak. Vatanda\u015flar\u0131n ayr\u0131\u015ft\u0131rarak, biriktirdi\u011fi at\u0131klar ekipler taraf\u0131ndan t\u00fcrlerine g\u00f6re tart\u0131larak toplanacak. Toplanan at\u0131klar\u0131n kar\u015f\u0131l\u0131\u011f\u0131nda kartlara an\u0131nda TL y\u00fcklemesi yap\u0131lacak. Kartlara y\u00fcklenen bakiyeler al\u0131\u015fveri\u015flerde indirim uygulayan yerel esnaflarda kullan\u0131labilecek. Ayr\u0131ca Yeni\u015fehir \u00c7evreci Halk Kart sahipleri evde biriktirdikleri at\u0131klar\u0131n toplanmas\u0131 i\u00e7in proje kapsam\u0131nda geli\u015ftirilen mobil uygulama ile kolayl\u0131kla talep olu\u015fturabilecek.<br \/>\nYeni\u015fehir Belediyesi, s\u0131f\u0131r at\u0131k \u00e7al\u0131\u015fmalar\u0131 kapsam\u0131nda tamamen kapal\u0131 ve 350 metrekarelik alandan olu\u015fan Ambalaj At\u0131\u011f\u0131 Toplama ve Ayr\u0131\u015ft\u0131rma Tesisi\u2019nin a\u00e7\u0131l\u0131\u015f\u0131n\u0131 da yapt\u0131. Cam, plastik, pet, ka\u011f\u0131t, karton, metal ve naylon grubu at\u0131klar\u0131n toplanarak ayr\u0131\u015ft\u0131r\u0131laca\u011f\u0131 tesis, g\u00fcnl\u00fck 10 ton at\u0131k i\u015fleme kapasitesine sahip olacak. T\u00fcrlerine g\u00f6re ayr\u0131\u015ft\u0131r\u0131larak, paketlenecek olan at\u0131klar d\u00fczenli olarak d\u00f6n\u00fc\u015f\u00fcm tesislerine sevk edilerek geri d\u00f6n\u00fc\u015f\u00fcm\u00fc sa\u011flanacak.<br \/>\nS\u0131f\u0131r At\u0131k Projesi kapsam\u0131nda organik at\u0131klar\u0131 toplayarak, kompost \u00fcreten, tekstil ve elektronik at\u0131klar ile bitkisel at\u0131k ya\u011flar\u0131 toplayan Yeni\u015fehir Belediyesi, s\u0131f\u0131r at\u0131k konusunda \u00e7al\u0131\u015fmalar\u0131n\u0131 bir \u00fcst seviyeye ta\u015f\u0131d\u0131. Ambalaj At\u0131\u011f\u0131 Toplama ve Ayr\u0131\u015ft\u0131rma Tesisi\u2019nin a\u00e7\u0131l\u0131\u015f\u0131 yap\u0131larak, Yeni\u015fehir \u00c7evreci Halk Kart\u2019\u0131 tan\u0131t\u0131ld\u0131. A\u00e7\u0131l\u0131\u015f ve tan\u0131t\u0131m toplant\u0131s\u0131na Yeni\u015fehir Belediye Ba\u015fkan\u0131 Abdullah \u00d6zyi\u011fit\u2019in yan\u0131 s\u0131ra Mersin B\u00fcy\u00fck\u015fehir Belediye Ba\u015fkan\u0131 Vahap Se\u00e7er, oda ve sivil toplum kurulu\u015flar\u0131n\u0131n ba\u015fkan ve temsilcileri, meclis \u00fcyeleri, muhtarlar ve vatanda\u015flar kat\u0131ld\u0131.<br \/>\nBa\u015fkan \u00d6zyi\u011fit, \u201c\u00c7evre asl\u0131nda topyek\u00fcn bir m\u00fccadele, at\u0131k diye bir \u015fey olmad\u0131\u011f\u0131n\u0131 hepimizin ke\u015ffetmesi gerekiyor. At\u0131klar d\u00f6n\u00fc\u015febilir, s\u00fcrekli d\u00f6n\u00fc\u015febilir.\u201d<br \/>\nYeni\u015fehir Belediyesi olarak s\u0131f\u0131r at\u0131k ve geri d\u00f6n\u00fc\u015f\u00fcm konusunda kap\u0131 kap\u0131 dola\u015ft\u0131klar\u0131n\u0131 ve bilin\u00e7lendirme \u00e7al\u0131\u015fmalar\u0131 y\u00fcr\u00fctt\u00fcklerini ifade eden Ba\u015fkan Abdullah \u00d6zyi\u011fit, yapt\u0131\u011f\u0131 konu\u015fmada \u015funlar\u0131 s\u00f6yledi: \u201cHacim olarak belki \u00e7ok b\u00fcy\u00fck de\u011fil ama i\u015flevsel olarak bizim ve bizim ama\u00e7lar\u0131m\u0131za ilerleme yolunda bize b\u00fcy\u00fck bir enerji katan bu tesisimizin a\u00e7\u0131l\u0131\u015f\u0131na hepiniz ho\u015f geldiniz. Yeni\u015fehir\u2019de yola \u00e7\u0131karken, y\u00f6netim anlay\u0131\u015f\u0131m\u0131z\u0131 6 temel ilke \u00fczerine kurmu\u015ftuk. Bunlardan biri de \u2018Ekoloji\u2019 ilkemizdi.  Do\u011fay\u0131 ve \u00e7evreyi korumak, gelece\u011fe g\u00fczel ve ya\u015fan\u0131labilir bir d\u00fcnya b\u0131rakmak ad\u0131na bu \u00e7al\u0131\u015fmalar\u0131 y\u00fcr\u00fct\u00fcyoruz. Biz mahallelerde ev ev dola\u015farak,  bilgilendirme \u00e7al\u0131\u015fmalar\u0131 yapt\u0131k. \u00c7evre m\u00fchendisi arkada\u015flar\u0131m\u0131z, S\u0131f\u0131r At\u0131k \u015eirketimizin y\u00f6netim kurulu \u00fcyeleri, meclis \u00fcyelerimiz kap\u0131 kap\u0131 gezdi, anlatt\u0131. \u00d6nemli bir mesafe ald\u0131k. \u00c7evre asl\u0131nda topyek\u00fcn bir m\u00fccadele, at\u0131k diye bir \u015fey olmad\u0131\u011f\u0131n\u0131 hepimizin ke\u015ffetmesi gerekiyor. At\u0131klar d\u00f6n\u00fc\u015febilir, s\u00fcrekli d\u00f6n\u00fc\u015febilir. Onlar yeni kaynaklara evrilir ve tekrar ekonomi olarak hayat\u0131m\u0131za kazand\u0131r\u0131labilir, \u00e7evreyi de korumu\u015f oluruz.\u201d<\/p>\n","protected":false},"excerpt":{"rendered":"<p>Mersin Yeni\u015fehir Belediyesi, Ambalaj At\u0131\u011f\u0131 Toplama ve Ayr\u0131\u015ft\u0131rma Tesisi\u2019nin a\u00e7\u0131l\u0131\u015f\u0131n\u0131 ger\u00e7ekle\u015ftirerek, geri d\u00f6n\u00fc\u015f\u00fcm konusunda fark\u0131ndal\u0131k yaratacak yeni projesi olan Yeni\u015fehir \u00c7evreci Halk Kart\u2019\u0131 da hayata ge\u00e7irdi. Tesisin a\u00e7\u0131l\u0131\u015f\u0131 ve Yeni\u015fehir &hellip; <a href=\"https:\/\/akdenizolaygazetesi.com\/?p=26789\" class=\"more-link\">Devam\u0131n\u0131 Oku&#8230;<\/a><\/p>\n","protected":false},"author":2,"featured_media":26790,"comment_status":"open","ping_status":"open","sticky":false,"template":"","format":"standard","meta":[],"categories":[34,1,2,3],"tags":[],"_links":{"self":[{"href":"https:\/\/akdenizolaygazetesi.com\/index.php?rest_route=\/wp\/v2\/posts\/26789"}],"collection":[{"href":"https:\/\/akdenizolaygazetesi.com\/index.php?rest_route=\/wp\/v2\/posts"}],"about":[{"href":"https:\/\/akdenizolaygazetesi.com\/index.php?rest_route=\/wp\/v2\/types\/post"}],"author":[{"embeddable":true,"href":"https:\/\/akdenizolaygazetesi.com\/index.php?rest_route=\/wp\/v2\/users\/2"}],"replies":[{"embeddable":true,"href":"https:\/\/akdenizolaygazetesi.com\/index.php?rest_route=%2Fwp%2Fv2%2Fcomments&post=26789"}],"version-history":[{"count":1,"href":"https:\/\/akdenizolaygazetesi.com\/index.php?rest_route=\/wp\/v2\/posts\/26789\/revisions"}],"predecessor-version":[{"id":26791,"href":"https:\/\/akdenizolaygazetesi.com\/index.php?rest_route=\/wp\/v2\/posts\/26789\/revisions\/26791"}],"wp:featuredmedia":[{"embeddable":true,"href":"https:\/\/akdenizolaygazetesi.com\/index.php?rest_route=\/wp\/v2\/media\/26790"}],"wp:attachment":[{"href":"https:\/\/akdenizolaygazetesi.com\/index.php?rest_route=%2Fwp%2Fv2%2Fmedia&parent=26789"}],"wp:term":[{"taxonomy":"category","embeddable":true,"href":"https:\/\/akdenizolaygazetesi.com\/index.php?rest_route=%2Fwp%2Fv2%2Fcategories&post=26789"},{"taxonomy":"post_tag","embeddable":true,"href":"https:\/\/akdenizolaygazetesi.com\/index.php?rest_route=%2Fwp%2Fv2%2Ftags&post=26789"}],"curies":[{"name":"wp","href":"https:\/\/api.w.org\/{rel}","templated":true}]}}