{"id":26795,"date":"2023-07-15T20:54:18","date_gmt":"2023-07-15T17:54:18","guid":{"rendered":"http:\/\/akdenizolaygazetesi.com\/?p=26795"},"modified":"2023-07-15T20:54:18","modified_gmt":"2023-07-15T17:54:18","slug":"secer-cevre-sorunu-sadece-mersinin-degil-cagin-dunyanin-ve-turkiyenin-sorunu","status":"publish","type":"post","link":"https:\/\/akdenizolaygazetesi.com\/?p=26795","title":{"rendered":"SE\u00c7ER: &#8220;\u00c7EVRE SORUNU SADECE MERS\u0130N&#8217;\u0130N DE\u011e\u0130L, \u00c7A\u011eIN, D\u00dcNYANIN VE T\u00dcRK\u0130YE&#8217;N\u0130N SORUNU&#8221;"},"content":{"rendered":"<p>Mersin B\u00fcy\u00fck\u015fehir Belediye Ba\u015fkan\u0131 Vahap Se\u00e7er, Yeni\u015fehir Belediyesi taraf\u0131ndan d\u00fczenlenen &#8216;Ambalaj At\u0131\u011f\u0131 Toplama ve Ayr\u0131\u015ft\u0131rma Tesisi A\u00e7\u0131l\u0131\u015f\u0131&#8217; ile &#8216;Yeni\u015fehir \u00c7evreci Halk Kart Lansman\u0131&#8217;na kat\u0131ld\u0131.<\/p>\n<p>Se\u00e7er: &#8220;\u00c7evre sorunu sadece Mersin&#8217;in de\u011fil, \u00e7a\u011f\u0131n, d\u00fcnyan\u0131n ve T\u00fcrkiye&#8217;nin sorunu&#8221;<\/p>\n<p>Yeni\u015fehir Belediyesi Ek Hizmet Binas\u0131&#8217;nda d\u00fczenlenen programa; Mersin B\u00fcy\u00fck\u015fehir Belediye Ba\u015fkan\u0131 Vahap Se\u00e7er, Yeni\u015fehir Belediye Ba\u015fkan\u0131 Abdullah \u00d6zyi\u011fit, Meclis \u00fcyeleri, STK temsilcileri ve muhtarlar kat\u0131l\u0131m sa\u011flad\u0131. Programda; sayg\u0131 duru\u015fu ve \u0130stiklal Mar\u015f\u0131&#8217;n\u0131n ard\u0131ndan, Yeni\u015fehir Belediyesi Temiz \u00c7evre Anonim \u015eirketi M\u00fcd\u00fcr\u00fc Umut \u00d6zsoy taraf\u0131ndan teknik detaylar hakk\u0131nda bilgi verildi.<\/p>\n<p>B\u00fcy\u00fck\u015fehir Belediye Ba\u015fkan\u0131 Vahap Se\u00e7er konu\u015fmas\u0131nda, Mersin B\u00fcy\u00fck\u015fehir Belediyesi olarak \u00e7evreye b\u00fcy\u00fck \u00f6nem verdiklerinden s\u00f6z  ederek &#8220;Sadece Mersin&#8217;in, Yeni\u015fehir&#8217;in ya da \u00fclkemizin sorunu de\u011fil, \u00e7a\u011f\u0131n, d\u00fcnyan\u0131n ve T\u00fcrkiye&#8217;nin sorunu. Bizim de en \u00e7ok kafa yordu\u011fumuz, a\u015fmakta zorland\u0131\u011f\u0131m\u0131z sorunlarla kar\u015f\u0131la\u015ft\u0131\u011f\u0131m\u0131z konu \u00e7evre konusu&#8221; dedi. Ba\u015fkan Se\u00e7er, \u00e7evre kirlili\u011finin tesir etti\u011fi \u00e7ok geni\u015f alanlar oldu\u011fundan s\u00f6z ederek, sivrisinekten karasine\u011fe, \u00e7evre, insan ve toplum sa\u011fl\u0131\u011f\u0131 ile k\u00fcresel \u0131s\u0131nmaya kadar etkiledi\u011fi \u00e7ok fazla alan oldu\u011fundan bahsetti. Se\u00e7er, &#8220;Bu asl\u0131nda \u015fu anda d\u00fcnyan\u0131n ba\u015fat sorunu&#8221; diye konu\u015ftu.<\/p>\n<p>&#8220;Mevzuat gere\u011fi kirleten \u00f6der&#8221;<\/p>\n<p>\u00c7\u00f6p, \u00e7\u00f6p toplama ve ayr\u0131\u015ft\u0131rma konular\u0131na da de\u011finen Ba\u015fkan Se\u00e7er, &#8220;Mevzuat gere\u011fi kirleten \u00f6der. Ana temel ilke bu. Kim kirletiyor? Paray\u0131 verir, vergi olarak \u00f6der, kamu g\u00f6revini yapar. Kim yapar? \u00c7TV \u00f6der, Evsel At\u0131k Vergisi \u00f6der, il\u00e7e belediyeleri \u00e7\u00f6pleri toplar, ayr\u0131\u015ft\u0131r\u0131r. Bu muazzam bir \u00e7al\u0131\u015fma, muazzam bir uygulama. B\u00fcy\u00fck\u015fehir&#8217;in terfi istasyonlar\u0131na ya da d\u00fczenli kat\u0131 at\u0131k depolama ve bertaraf tesislerine g\u00f6t\u00fcr\u00fcr. \u0130\u015f hallolur. Bu tesisler modern tesislerdir. Orada \u00e7a\u011f\u0131n gereklerine g\u00f6re \u00e7\u00f6p depolan\u0131r, \u00f6yle vah\u015fi depolama de\u011fildir, bertaraf edilir, kompost g\u00fcbre tesisiniz varsa onu yapars\u0131n\u0131z, enerji \u00fcretmek istiyorsan\u0131z, tesisiniz varsa bunu yapars\u0131n\u0131z gibi farkl\u0131 fonksiyonlar y\u00fckleyebilirsiniz. Bu muazzam bir \u015fey&#8221; ifadelerini kulland\u0131.<\/p>\n<p>Yasalar\u0131n kimseye &#8216;\u00c7evreyi kirletin&#8217; demedi\u011finden bahseden Se\u00e7er, yasalar\u0131n kirletenin \u00f6demesi gerekti\u011fini belirtti\u011finden s\u00f6z ederek, &#8220;Para da var, para da bize geliyor. Sizler veriyorsunuz. MESK\u0130 vas\u0131tas\u0131yla veriyorsunuz. \u00c7TV \u00f6d\u00fcyorsunuz, evsel at\u0131k vergisi \u00f6d\u00fcyorsunuz. 2 fatura geliyor size, bir su faturas\u0131, bir de evsel at\u0131k bedeli \u00f6d\u00fcyorsunuz. \u0130l\u00e7e belediyeleri o paray\u0131 kullanarak bunlar\u0131 topluyor, bize g\u00f6nderiyor. Biz de bir miktar pay al\u0131yoruz&#8221; dedi.<\/p>\n<p>&#8220;Toplanan at\u0131klar\u0131n ayr\u0131\u015ft\u0131r\u0131larak taraf\u0131m\u0131za ula\u015ft\u0131r\u0131lmas\u0131 bizim i\u00e7in arzu edilen bir durum&#8221;<\/p>\n<p>Yeni\u015fehir Belediye Ba\u015fkan\u0131 Abdullah \u00d6zyi\u011fit ile ekibini kutlayan Ba\u015fkan Se\u00e7er, a\u00e7\u0131l\u0131\u015f\u0131 yap\u0131lan tesisin  \u00f6nemli bir yat\u0131r\u0131m oldu\u011funu vurgulad\u0131. Se\u00e7er, &#8220;Dedi ki; &#8216;Kantitatif, yani boyut ve rakam olarak size k\u00fc\u00e7\u00fck gelebilir. 2 milyonluk bir yat\u0131r\u0131m ama asl\u0131nda \u00e7ok \u00f6nemli bir fark\u0131ndal\u0131k yarat\u0131yor.&#8217; Bunun olmas\u0131 laz\u0131m. Hele hele Mersin&#8217;e hi\u00e7 yak\u0131\u015fmayan bir ortam. Gidin, hangi semte giderseniz gidin, ki Yeni\u015fehir en modern semtlerimizden biri demeyece\u011fim, en ba\u015f\u0131nda geliyor. Ad\u0131 gibi Yeni\u015fehir. \u0130mar\u0131yla, yollar\u0131yla. Konteynerlere bak\u0131n, Say\u0131n Ba\u015fkan&#8217;\u0131n Avrupa \u00f6rne\u011finde oldu\u011fu gibi, bilin\u00e7li bir vatanda\u015f &#8216;bu b\u00f6yle olmaz&#8217; der. Hele hele bayramlarda, seyranlarda, tatillerde, yaylalarda, beldelerde, Kurban Bayramlar\u0131nda i\u015f faciaya d\u00f6n\u00fc\u015f\u00fcyor. Bunu kim sa\u011flayacak? Biz sa\u011flayaca\u011f\u0131z. Toplumu e\u011fitece\u011fiz, g\u00f6revimizi yerine getirece\u011fiz. Yap\u0131lan i\u015f bizim i\u00e7in de \u00f6nemli. Yani toplanan at\u0131klar\u0131n ayr\u0131\u015ft\u0131r\u0131larak taraf\u0131m\u0131za ula\u015ft\u0131r\u0131lmas\u0131 bizim i\u00e7in arzu edilen bir durum. Bizim i\u015fimiz kolayla\u015f\u0131yor. Cam\u0131n, ka\u011f\u0131t par\u00e7as\u0131n\u0131n, organik ve bitkisel at\u0131klar\u0131n ayn\u0131 torba i\u00e7inde olmas\u0131 \u00f6nemli. Asl\u0131nda hepsinin bir ekonomik de\u011feri var. Her birini ayr\u0131\u015ft\u0131rsak tekrar geri d\u00f6n\u00fc\u015f\u00fcm sayesinde ekonomiye kazand\u0131r\u0131yoruz&#8221; diye konu\u015ftu.<\/p>\n<p>&#8220;\u0130\u015fi usul\u00fcne uygun yapmazsak hepimiz i\u015ften zarar ediyoruz&#8221;<\/p>\n<p>Ba\u015fkan \u00d6zyi\u011fit&#8217;in Alanya Soka\u011f\u0131 \u00f6rne\u011finden yola \u00e7\u0131karak konu\u015fmas\u0131n\u0131 s\u00fcrd\u00fcren ve bal\u0131k\u00e7\u0131lar\u0131n at\u0131k ya\u011flar\u0131 oraya att\u0131klar\u0131ndan bahseden Ba\u015fkan Se\u00e7er, &#8220;Fark\u0131nda olmadan \u00e7ok \u00f6nemli bir sorundan bahsetti. Ya\u011fmur suyu sistemleri kanalizasyon de\u011fildir. Ama a\u00e7\u0131n \u015fehrin alt\u0131n\u0131, ya\u011fmur suyu sistemlerine bak\u0131n, bir\u00e7ok noktada ka\u00e7ak ba\u011flanm\u0131\u015f kanalizasyon g\u00f6r\u00fcrs\u00fcn\u00fcz. Biz bunlar\u0131 hep tespit ettik ve kapatt\u0131k. Hani derler ya; &#8216;Bak\u0131n sokaklar kokuyor&#8217;. Sokak kokmuyor, ya\u011fmur suyu sistemlerine ka\u00e7ak ba\u011flanan kanalizasyon, d\u0131\u015far\u0131ya logarlardan veriyor kokuyu ve sokak kokuyor oluyor. Orada eminim ki o esnaf\u0131m\u0131z, bal\u0131k\u00e7\u0131 esnaf\u0131m\u0131z kanalizasyona ba\u011flamas\u0131 gereken sistemini ya\u011fmur suyu sistemine ba\u011flam\u0131\u015f. Ondan sonra tabi ki o at\u0131k ya\u011flar oray\u0131 t\u0131k\u0131yor. Bir de at\u0131k ya\u011flar\u0131n lavabolardan bir\u00e7ok ev kad\u0131n\u0131 belki bunu bilin\u00e7li bilin\u00e7siz yap\u0131yorlar. Hem o sisteme, o apartmandaki sisteme muazzam bir zarar veriyor. Ar\u0131tma sistemimize muazzam ve inan\u0131lmaz boyutlarda zarar veriyor. Demek ki i\u015fi usul\u00fcne uygun yapmazsak bu i\u015ften kimse karl\u0131 \u00e7\u0131km\u0131yor, hepimiz bu i\u015ften zarar ediyoruz. \u00dclke olarak zarar ediyoruz&#8221; ifadelerine yer verdi.<\/p>\n<p>&#8220;D\u00fcnyada belediyecilik, iyi belediyecilik; sosyal demokrat belediyecilik olarak an\u0131l\u0131r&#8221;<\/p>\n<p>CHP belediyecili\u011finin de hakk\u0131n\u0131 vererek yap\u0131ld\u0131\u011f\u0131 zaman ger\u00e7ek bir belediyecilik oldu\u011funu ifade eden Se\u00e7er, &#8220;D\u00fcnyada belediyecilik, iyi belediyecilik; sosyal demokrat belediyecilik olarak an\u0131l\u0131r. Bu konudaki en maruf \u00fclke belediyecilik konusunda Fransa&#8217;d\u0131r. Orada \u00e7ok say\u0131da da belediye vard\u0131r. Bizim irili ufakl\u0131 bir sadele\u015ftirme yapt\u0131\u011f\u0131m\u0131z, kapatt\u0131\u011f\u0131m\u0131z belediyeler d\u00f6nemi vard\u0131; 2008 y\u0131l\u0131. Biliyorsunuz belde belediyeler kapand\u0131. Belediye \u00f6nemli kurumlar, \u00e7ok \u00f6nemli kurumlar. Asl\u0131nda bir toplumun resmini \u00e7iziyor. Belediye bir \u00e7evreyi yarat\u0131yor, yolu yap\u0131yor, insanlara sosyal, k\u00fclt\u00fcrel hizmetler sunuyor, bir toplum yarat\u0131yor. Merkezi h\u00fck\u00fcmet makro anlamda politikalar\u0131 yap\u0131yor ama insanlar\u0131n yan\u0131nda olan yerel y\u00f6netimlerdir. Merkezi y\u00f6netimdeki b\u00fcrokrat\u0131 vatanda\u015f pek g\u00f6rmez, orada g\u00f6revli siyaset\u00e7iyi de g\u00f6rmez. Ama belediye ba\u015fkan\u0131n\u0131, Meclis \u00fcyelerini, muhtarlar\u0131, belediye \u00e7al\u0131\u015fanlar\u0131n\u0131, do\u011fal olarak o b\u00f6lgede, yerelde ya\u015fad\u0131\u011f\u0131 i\u00e7in hep kar\u015f\u0131s\u0131nda g\u00f6r\u00fcr. Soruna hakim olan, halk\u0131 tan\u0131yan belediyedir, belediye ba\u015fkan\u0131d\u0131r, yerel se\u00e7ilmi\u015flerdir&#8221; dedi.<\/p>\n<p>&#8220;Siyasal gerginlikler i\u00e7erisinde g\u00f6rev yapmaya \u00e7al\u0131\u015fan belediye ba\u015fkanlar\u0131 var&#8221;<\/p>\n<p>2019 y\u0131l\u0131nda bug\u00fcne kadar 11 B\u00fcy\u00fck\u015fehir Belediyesi&#8217;nin ve yakla\u015f\u0131k 250 CHP&#8217;li belediyelerin ve belediye ba\u015fkanlar\u0131n\u0131n mevcut ko\u015fullarda ola\u011fan\u00fcst\u00fc i\u015fler \u00e7\u0131kard\u0131klar\u0131ndan s\u00f6z ederek konu\u015fmas\u0131n\u0131 s\u00fcrd\u00fcren Se\u00e7er, &#8220;Ko\u015fullar\u0131m\u0131z kolay de\u011fil. \u0130ktidar ba\u015fka bir anlay\u0131\u015f ve farkl\u0131 bir anlay\u0131\u015f y\u00f6ntemi, gerginle\u015fen siyaset, T\u00fcrkiye&#8217;nin geldi\u011fi siyasal ortam, siyasal atmosfer, bu atmosfer i\u00e7erisinde, siyasal gerginlikler i\u00e7erisinde g\u00f6rev yapmaya \u00e7al\u0131\u015fan belediye ba\u015fkanlar\u0131 var. Empati yapman\u0131z\u0131 istiyorum. Bizim ald\u0131\u011f\u0131m\u0131z kararlar, yapt\u0131\u011f\u0131m\u0131z i\u015flemler, yolda y\u00fcr\u00fcy\u00fc\u015f\u00fcm\u00fcz, aks\u0131rmam\u0131z, t\u0131ks\u0131rmam\u0131z; emin olabilirsiniz ki inan\u0131lmaz bir denetime tabi. Bizim hata yapma \u015fans\u0131m\u0131z yok. Bu ko\u015fullarda, mevcut imkanlarla, hani kimse; &#8216;Y\u00fcr\u00fc ya kulum&#8217; demiyor, kimse destek vermiyor, herhangi bir kurum destek vermiyor. Bu ortamda yap\u0131lan hizmetler i\u00e7in T\u00fcrkiye&#8217;deki t\u00fcm g\u00f6rev yapan belediye ba\u015fkanlar\u0131n\u0131, se\u00e7ilmi\u015f yerel y\u00f6neticileri ve belediye b\u00fcrokratlar\u0131n\u0131 ve \u00e7al\u0131\u015fanlar\u0131n\u0131 kutluyorum. Ger\u00e7ekten ola\u011fan\u00fcst\u00fc bir gayret g\u00f6steriyorlar. Burada Yeni\u015fehir&#8217;de, Mezitli&#8217;de, Tarsus&#8217;ta, Mersin B\u00fcy\u00fck\u015fehir&#8217;de, Adana&#8217;da yine CHP&#8217;li belediyeler ya da \u0130stanbul, Ankara, Antalya bunlar hi\u00e7 fark etmiyor. Sizleri kutluyorum Say\u0131n Ba\u015fkan. Bu projenin daha da geni\u015fletilerek, daha da farkl\u0131, belki de teknolojik y\u00f6ntemler kullan\u0131larak di\u011fer belediyelere de \u00f6rnek olmas\u0131n\u0131 diliyorum. Ba\u015far\u0131lar\u0131n\u0131z\u0131n devam\u0131n\u0131 diliyorum&#8221; ifadelerine yer verdi.<\/p>\n<p>&#8220;\u00c7evre asl\u0131nda topyek\u00fbn bir m\u00fccadele&#8221;<\/p>\n<p>Yeni\u015fehir Belediye Ba\u015fkan\u0131 Abdullah \u00d6zyi\u011fit de, 6 temel ilkelerinden birinin ekoloji oldu\u011funu, do\u011fay\u0131 ve \u00e7evreyi koruyarak gelece\u011fe ya\u015fanabilir bir d\u00fcnya b\u0131rakmak ad\u0131na \u00e7al\u0131\u015fmalar yapt\u0131klar\u0131n\u0131 belirtti. Karde\u015f \u015fehirleri olan Almanya&#8217;ya yapt\u0131klar\u0131 bir gezide belediyenin at\u0131k toplama sisteminin \u00e7ok iyi ve \u00e7ok d\u00fczenli i\u015fledi\u011fini, aksi bir durum oldu\u011funda cezai yapt\u0131r\u0131m uygulad\u0131klar\u0131n\u0131 ve at\u0131k toplama al\u0131\u015fkanl\u0131\u011f\u0131n\u0131n 3 ya\u015f\u0131ndan itibaren topluma kazand\u0131r\u0131ld\u0131\u011f\u0131n\u0131 \u00f6rneklerle anlatt\u0131. \u00d6zyi\u011fit, &#8220;S\u0131f\u0131r at\u0131\u011fa do\u011fru bir yolculu\u011fa \u00e7\u0131kt\u0131\u011f\u0131m\u0131zda sene 2000&#8217;di. Biz mahallelerde site site dola\u015farak bilgilendirme \u00e7al\u0131\u015fmalar\u0131 yap\u0131yorduk. \u00d6nemli bir mesafe ald\u0131k. Mesela at\u0131k ya\u011f hem do\u011fay\u0131 kirletiyor, kanalizasyonu kapat\u0131yor, canl\u0131lara zarar veriyor. H\u00e2lbuki onu ekonomiye \u00e7evirmemiz m\u00fcmk\u00fcn. Bal\u0131k\u00e7\u0131larda, evlerde bu at\u0131k ya\u011flar\u0131 toplayarak 1&#8217;e 4 oran\u0131nda s\u0131v\u0131 ya\u011f ile yemeklik ya\u011f ile de\u011fi\u015ftirme \u015fans\u0131m\u0131z oldu. \u00c7evre asl\u0131nda topyek\u00fbn bir m\u00fccadele. At\u0131k diye bir \u015fey olmad\u0131\u011f\u0131n\u0131 hepimizin ke\u015ffetmesi gerekiyor. S\u00fcrekli d\u00f6n\u00fc\u015febilir. Onlar yeni kaynaklara evrilir ve tekrar ekonomi olarak hayat\u0131m\u0131za kazand\u0131r\u0131labilir. \u00c7evreyi de korumu\u015f oluruz&#8221; dedi.<\/p>\n<p>&#8220;\u00c7evreci Halk Kart Yeni\u015fehir&#8217;de herkesin kulland\u0131\u011f\u0131 bir ara\u00e7 olacak&#8221;<\/p>\n<p>Yeni\u015fehir \u00c7evreci Halk Kart&#8217;\u0131n te\u015fvik olarak kullan\u0131lan g\u00fczel bir ara\u00e7 oldu\u011funu ifade eden Ba\u015fkan \u00d6zyi\u011fit, &#8220;Bir vatanda\u015f istese \u00c7evreci Halk Kart&#8217;la bir ayda 3 bin lira aile ekonomisine katk\u0131 yapabilir. Biraz \u00e7evresinden, biraz kendi at\u0131klar\u0131 gibi. Dolay\u0131s\u0131yla aile ekonomisine \u00f6nemli bir katk\u0131. Bir ta\u015fla birka\u00e7 ku\u015f vurmu\u015f oluyoruz. Hem \u00e7evreyi koruyoruz hem aile ekonomisini g\u00fc\u00e7lendiriyoruz. Bug\u00fcnk\u00fc tesis de bizim toplad\u0131\u011f\u0131m\u0131z ambalaj at\u0131klar\u0131n\u0131 ba\u015fka tesislere vermek yerine i\u015flenmi\u015f, ayr\u0131\u015ft\u0131r\u0131lm\u0131\u015f, s\u0131k\u0131\u015ft\u0131r\u0131lm\u0131\u015f vaziyette direkt ham madde \u00fcreticisine ula\u015ft\u0131rabilece\u011fimiz bir tesis halinde. Bunun arkas\u0131 gelecek. \u0130n\u015fallah bunu geli\u015ftirece\u011fiz. Yeni\u015fehir&#8217;deki 100 bin konutun tamam\u0131nda bu at\u0131k y\u00f6netimini ger\u00e7ekle\u015ftirece\u011fiz. \u00c7evreci halk kart Yeni\u015fehir&#8217;de herkesin kulland\u0131\u011f\u0131 bir ara\u00e7 olacak. Bu yolda ilerleyece\u011fiz&#8221; diye konu\u015ftu.<\/p>\n<p>Protokol konu\u015fmalar\u0131n\u0131n ard\u0131ndan ise kurdele kesimi ile birlikte a\u00e7\u0131l\u0131\u015f ger\u00e7ekle\u015ftirilirken,  Ba\u015fkan Se\u00e7er ve protokol \u00fcyeleri de &#8216;Ambalaj At\u0131\u011f\u0131 Toplama ve Ayr\u0131\u015ft\u0131rma Tesisi&#8217;ni gezdi.<\/p>\n","protected":false},"excerpt":{"rendered":"<p>Mersin B\u00fcy\u00fck\u015fehir Belediye Ba\u015fkan\u0131 Vahap Se\u00e7er, Yeni\u015fehir Belediyesi taraf\u0131ndan d\u00fczenlenen &#8216;Ambalaj At\u0131\u011f\u0131 Toplama ve Ayr\u0131\u015ft\u0131rma Tesisi A\u00e7\u0131l\u0131\u015f\u0131&#8217; ile &#8216;Yeni\u015fehir \u00c7evreci Halk Kart Lansman\u0131&#8217;na kat\u0131ld\u0131. Se\u00e7er: &#8220;\u00c7evre sorunu sadece Mersin&#8217;in de\u011fil, &hellip; <a href=\"https:\/\/akdenizolaygazetesi.com\/?p=26795\" class=\"more-link\">Devam\u0131n\u0131 Oku&#8230;<\/a><\/p>\n","protected":false},"author":2,"featured_media":26796,"comment_status":"open","ping_status":"open","sticky":false,"template":"","format":"standard","meta":[],"categories":[2,3],"tags":[],"_links":{"self":[{"href":"https:\/\/akdenizolaygazetesi.com\/index.php?rest_route=\/wp\/v2\/posts\/26795"}],"collection":[{"href":"https:\/\/akdenizolaygazetesi.com\/index.php?rest_route=\/wp\/v2\/posts"}],"about":[{"href":"https:\/\/akdenizolaygazetesi.com\/index.php?rest_route=\/wp\/v2\/types\/post"}],"author":[{"embeddable":true,"href":"https:\/\/akdenizolaygazetesi.com\/index.php?rest_route=\/wp\/v2\/users\/2"}],"replies":[{"embeddable":true,"href":"https:\/\/akdenizolaygazetesi.com\/index.php?rest_route=%2Fwp%2Fv2%2Fcomments&post=26795"}],"version-history":[{"count":1,"href":"https:\/\/akdenizolaygazetesi.com\/index.php?rest_route=\/wp\/v2\/posts\/26795\/revisions"}],"predecessor-version":[{"id":26797,"href":"https:\/\/akdenizolaygazetesi.com\/index.php?rest_route=\/wp\/v2\/posts\/26795\/revisions\/26797"}],"wp:featuredmedia":[{"embeddable":true,"href":"https:\/\/akdenizolaygazetesi.com\/index.php?rest_route=\/wp\/v2\/media\/26796"}],"wp:attachment":[{"href":"https:\/\/akdenizolaygazetesi.com\/index.php?rest_route=%2Fwp%2Fv2%2Fmedia&parent=26795"}],"wp:term":[{"taxonomy":"category","embeddable":true,"href":"https:\/\/akdenizolaygazetesi.com\/index.php?rest_route=%2Fwp%2Fv2%2Fcategories&post=26795"},{"taxonomy":"post_tag","embeddable":true,"href":"https:\/\/akdenizolaygazetesi.com\/index.php?rest_route=%2Fwp%2Fv2%2Ftags&post=26795"}],"curies":[{"name":"wp","href":"https:\/\/api.w.org\/{rel}","templated":true}]}}