{"id":26798,"date":"2023-07-15T20:56:44","date_gmt":"2023-07-15T17:56:44","guid":{"rendered":"http:\/\/akdenizolaygazetesi.com\/?p=26798"},"modified":"2023-07-15T20:56:44","modified_gmt":"2023-07-15T17:56:44","slug":"toroslar-arpacsakarlar-1-etap-imar-plani-buyuksehir-meclisinde-kabul-edildi","status":"publish","type":"post","link":"https:\/\/akdenizolaygazetesi.com\/?p=26798","title":{"rendered":"&#8220;TOROSLAR ARPA\u00c7SAKARLAR 1.ETAP \u0130MAR PLANI B\u00dcY\u00dcK\u015eEH\u0130R MECL\u0130S\u0130NDE KABUL ED\u0130LD\u0130&#8221;"},"content":{"rendered":"<p>T\u00fcrk M\u00fchendis ve Mimarlar Odalar\u0131 Birli\u011fi (TMMOB) Mersin \u0130l Koordinasyon Kurulu taraf\u0131ndan iptali i\u00e7in dava a\u00e7\u0131lan Toroslar 1. Etap Arpa\u00e7sakarlar Mahallesi ve \u00c7evresi 1\/1000 \u00f6l\u00e7ekli Revizyon Uygulama \u0130mar Plan\u0131, Mersin B\u00fcy\u00fck\u015fehir Belediye Meclisi&#8217;nde yeniden g\u00f6r\u00fc\u015f\u00fclerek, Cumhur \u0130ttifak\u0131 Meclis \u00fcyelerinin oylar\u0131yla kabul edildi. Plan CHP&#8217;li meclis \u00fcyelerince reddedildi. Mecliste konu\u015fan Ba\u015fkan Y\u0131lmaz, &#8220;\u015eehrimizde y\u00fcksek katl\u0131 bina olmas\u0131n diyorsak, hi\u00e7bir yerde olmas\u0131n. Ama bunun sadece Toroslar ve Arpa\u00e7sakarlar ile ilgili yap\u0131lmas\u0131, e\u015fitlik ilkesine uygun de\u011fildir.  Bu \u015fehirde ya\u015fayan, do\u011fan, doyan her vatanda\u015f e\u015fittir. Bu tav\u0131r Arpa\u00e7sakarl\u0131ya zul\u00fcmd\u00fcr&#8221; dedi.<\/p>\n<p>Toroslar Belediye Ba\u015fkan\u0131 Ats\u0131z Af\u015f\u0131n Y\u0131lmaz, Arpa\u00e7sakarlar Mahallesi 1. Etap Uygulama \u0130mar Plan\u0131&#8217;n\u0131n iptali i\u00e7in a\u00e7\u0131lan davan\u0131n soyut sebepleri ve sonu\u00e7lar\u0131yla ilgili bir a\u00e7\u0131klama yapt\u0131.<\/p>\n<p>&#8220;YEN\u0130 B\u0130R \u0130MAR PLANININ HIZLICA YAPILMASI ZARUR\u0130D\u0130R&#8221;<\/p>\n<p>&#8220;Yeni bir imar plan\u0131n\u0131n h\u0131zl\u0131ca yap\u0131lmas\u0131 ve ge\u00e7ilmesi zaruridir&#8221; diyen Ba\u015fkan Y\u0131lmaz; &#8220;Toroslar Arpa\u00e7sakarlar 1. Etap \u0130mar Plan\u0131 ile ilgili muhalefet meclis \u00fcyelerimiz de dahil herkesin kat\u0131l\u0131m\u0131yla t\u00fcm incelemeler yap\u0131ld\u0131 ve bu plan ortaya \u00e7\u0131kt\u0131. Arpa\u00e7sakarlar&#8217;\u0131n g\u00fcneyinde bulunan b\u00f6lgede daha \u00f6nce d\u00fc\u015f\u00fck kat verildi\u011finden, binalar birbirine \u00e7ok yak\u0131n oldu\u011fundan, de\u011fer g\u00f6rmedi\u011finden ve tercih edilmedi\u011finden dolay\u0131 b\u00f6lge insan\u0131 taraf\u0131ndan \u00f6zellikle y\u00fcksek kat talep edildi. Biz de bu planlar\u0131 yaparken bunu dikkate ald\u0131k. Bu \u0130mar Plan\u0131na, T\u00fcrk M\u00fchendis ve Mimarlar Odalar\u0131 Birli\u011fi Mersin \u0130l Koordinasyon Kurulu&#8217;nca dava a\u00e7\u0131ld\u0131. O \u00e7at\u0131 alt\u0131nda bulunan \u015fehir planc\u0131s\u0131 ve bilirki\u015fi taraf\u0131ndan bilirki\u015fi raporu verildi. Ve bu bilirki\u015fi raporuna g\u00f6re karar \u00e7\u0131kt\u0131. Yarg\u0131 karar\u0131na sayg\u0131l\u0131y\u0131z ve ba\u015f\u0131m\u0131z\u0131n tac\u0131d\u0131r. Ancak bu karar de\u011fi\u015ftirilebilir. Bu y\u00fczden itiraz m\u00fcesseseleri vard\u0131r. 30 g\u00fcn i\u00e7erisinde uygulamam\u0131z gerekti\u011finden biz de Toroslar Belediyesi olarak ola\u011fan\u00fcst\u00fc bir meclis toplant\u0131s\u0131 yapt\u0131k ve 30 g\u00fcn i\u00e7erisinde yeni bir uygulama imar plan\u0131n\u0131 ortaya koyma mecburiyetini yerine getirdik. Bunu yaparken isti\u015fare ettik. Bu karar kesinle\u015fmi\u015f de\u011fil. Karar ile ilgili istinaf s\u00fcreci de devam etmektedir. Belki de karar yar\u0131n bozulacak. Bunu bilemiyoruz. Ama kentte bir bo\u015fluk ve kaos olu\u015fmamas\u0131 i\u00e7in yeni bir imar plan\u0131n\u0131n h\u0131zl\u0131ca yap\u0131lmas\u0131 zaruridir&#8221; dedi.<\/p>\n<p>&#8220;AMACIMIZ, VATANDA\u015eLARIMIZI MA\u011eDUR ETMEMEK VE \u0130L\u00c7EM\u0130ZE YAKI\u015eANI YAPMAK&#8221;<\/p>\n<p>Ba\u015fkan Y\u0131lmaz, plan kesinle\u015ftikten sonra ruhsat verilen, in\u015faata ba\u015flayan ve daire sat\u0131n alan vatanda\u015flar\u0131n ma\u011fdur duruma d\u00fc\u015ft\u00fc\u011f\u00fcne dikkat \u00e7ekerek; &#8220;Vatanda\u015flar\u0131m\u0131z bizlere ula\u015ft\u0131lar. Ne yapaca\u011f\u0131z diye sordular. Bu imar plan\u0131, Toroslar Belediye Meclisi&#8217;nin yan\u0131nda bu meclisin de iradesindedir. Peki \u0130mar Plan\u0131 neden iptal edildi? \u0130ki tane ana unsur var. Kent esteti\u011fi ve kent silueti. Mersin esteti\u011fini \u00e7\u0131kar\u0131rsak Ulu Cami, Mu\u011fdat Cami, 52 katl\u0131 Metropol ve deniz kenar\u0131nda sur gibi dizilmi\u015f y\u00fcksek katl\u0131 binalar \u00e7\u0131kar&#8230;<\/p>\n<p>&#8220;SANK\u0130 BU \u015eEH\u0130RDE \u0130LK DEFA 18 KATLI B\u0130NA YAPILACAK!&#8221;<\/p>\n<p>Hatta \u015fehirde 1980&#8217;li y\u0131llarda verilmi\u015f ruhsata g\u00f6re 32 katl\u0131 binalar yap\u0131lacak iken, y\u0131llar i\u00e7erisinde yap\u0131lan yo\u011fun tadilatlar sonucu 18 kata indirilmi\u015ftir. 18 kat\u0131 herkes mutlulukla kar\u015f\u0131larken ve bunu bir zafer olarak g\u00f6sterirken Arpa\u00e7sakarlar&#8217;daki 18 kat \u00f6teleniyor ve iteleniyor.  Sanki bu \u015fehirde ilk defa 18 katl\u0131 bina yap\u0131lacak!  \u00c7iftlikk\u00f6y, Mente\u015f ve Kocavilayet hatt\u0131 ve bu b\u00f6lgenin zemini sa\u011flamd\u0131r. Bu b\u00f6lgede 21 kata izin verilmektedir. Her g\u00fcn \u015fehrin bat\u0131s\u0131ndan do\u011fusuna i\u015f i\u00e7in gelmek zorunda kalan insanlar\u0131m\u0131z\u0131 d\u00fc\u015f\u00fcnerek Arpa\u00e7sakarlar da kaliteli y\u00fcksek standartl\u0131 konut ihtiyac\u0131n\u0131n var oldu\u011fu bir b\u00f6lgedir. Hal b\u00f6yleyken kent silueti ve kent esteti\u011fi gibi soyut, yerel ve subjektif de\u011ferlendirmeler ile bu plan\u0131n\u0131n iptal edilmesi hukuka ve Anayasa&#8217;ya ayk\u0131r\u0131d\u0131r. \u00c7\u00fcnk\u00fc Kocavilayet&#8217;te 21 kat hakk\u0131n\u0131 elde eden arsa sahibi ile Arpa\u00e7sakarlar&#8217;da 18 kat ve y\u00fcksek kat binalara lay\u0131k g\u00f6r\u00fclmeyen vatanda\u015flar\u0131m\u0131z aras\u0131nda hi\u00e7bir fark yoktur ve fark olmamal\u0131d\u0131r.<\/p>\n<p>&#8220;TOROSLAR ARKA MAHALLE DE\u011e\u0130L!&#8221;<\/p>\n<p>Genel olarak Toroslar&#8217;\u0131 arka mahalle olarak g\u00f6rme e\u011filimi vard\u0131r. Bunu ilk g\u00fcnden beri s\u00f6yl\u00fcyoruz ve kabul etmiyoruz. 18 katl\u0131 ve \u00e7ok g\u00fczel yap\u0131lacak binalar sahile, Toroslar&#8217;a d\u00fc\u015f\u00fck kat. Mersin&#8217;de merkez il\u00e7eler aras\u0131nda en az say\u0131da y\u00fcksek katl\u0131 bina olan il\u00e7e Toroslar&#8217;d\u0131r. Ancak bu Toroslar&#8217;\u0131n kaderi de\u011fildir. Geli\u015fim b\u00f6lgelerinde y\u00fcksek katl\u0131 binalar yap\u0131lmakta ve yap\u0131lacakt\u0131r. Yehi\u015fehir \u0130l\u00e7esi Forum AVM&#8217;nin kuzeyinde yap\u0131lan yakla\u015f\u0131k 30 katl\u0131 bina kent silueteni bozmuyor mudur? Arpa\u00e7sakarlar&#8217;da bulunan y\u00fcksek katl\u0131 binalar kent siluetini bozarken bu binalara nas\u0131l izin verilmi\u015ftir? Burada \u00e7ifte standart vard\u0131r. Bu hem Toroslar hem Arpa\u00e7sakarlar halk\u0131na haks\u0131zl\u0131kt\u0131r. Siyasi de\u011ferlendirmelerle bu \u015fekilde fikir ortaya konulmas\u0131 bence uygun de\u011fildir. Bu fikirlere kat\u0131lm\u0131yoruz&#8221; ifadelerini kulland\u0131.<\/p>\n<p>&#8220;BU \u015eEH\u0130RDE YA\u015eAYAN HERKES E\u015e\u0130TT\u0130R! AKS\u0130N\u0130 D\u00dc\u015e\u00dcNMEK ARPA\u00c7SAKARLIYA ZUL\u00dcMD\u00dcR!&#8221;<\/p>\n<p>&#8220;Mersin&#8217;de y\u00fcksek kat olmas\u0131n&#8221; ibaresinin sadece Toroslar ve Arpa\u00e7sakarlar i\u00e7in d\u00fc\u015f\u00fcn\u00fclmesinin son derece e\u015fitsizlik oldu\u011funu ve bunun i\u00e7in m\u00fccadele ettiklerini dile getiren Ba\u015fkan Y\u0131lmaz; &#8220;Depreme dayan\u0131kl\u0131 ciddi miktarda konut ihtiyac\u0131 vard\u0131r. Bu nedenle bu karar\u0131n gerekli ve acil oldu\u011funu de\u011ferlendiriyoruz. \u015eehrimizde y\u00fcksek katl\u0131 bina olmas\u0131n diyorsak, bunun sadece Toroslar ve Arpa\u00e7sakarlar ile ilgili yap\u0131lmas\u0131 e\u015fitlik ilkesine uygun de\u011fildir.  Bu \u015fehirde ya\u015fayan, do\u011fan, doyan her vatanda\u015f e\u015fittir. Dava a\u00e7\u0131lan dosyada zemin ile ilgili hi\u00e7bir bilimsel \u00e7al\u0131\u015fma yoktur. Bu zul\u00fcmd\u00fcr. Sorun tamamen geneldedir. Ben y\u00fcksek yarg\u0131n\u0131n bu karar\u0131 bozaca\u011f\u0131na can\u0131 g\u00f6n\u00fclden inan\u0131yorum. Ma\u011fdur olan vatanda\u015flar\u0131m\u0131z i\u00e7in bu plan\u0131n ge\u00e7mesi gerekti\u011fini d\u00fc\u015f\u00fcn\u00fcyorum&#8221; \u015feklinde konu\u015ftu.<\/p>\n<p>CUMHUR \u0130TT\u0130FAKININ OYLARIYLA KABUL ED\u0130LD\u0130.<\/p>\n<p>Ba\u015fkan Y\u0131lmaz&#8217;\u0131n konu\u015fmas\u0131n\u0131n ard\u0131ndan Toroslar 1. Etap Arpa\u00e7sakarlar Mahallesi ve \u00c7evresini kapsayan 1\/1000 \u00f6l\u00e7ekli Revizyon Uygulama \u0130mar Plan\u0131, B\u00fcy\u00fck\u015fehir Belediye Meclisinde oyland\u0131 ve CHP&#8217;li meclis \u00fcyelerinin red verdi\u011fi plan, Cumhur \u0130ttifak\u0131 Meclis \u00dcyelerinin oy birli\u011fiyle kabul edildi.<\/p>\n","protected":false},"excerpt":{"rendered":"<p>T\u00fcrk M\u00fchendis ve Mimarlar Odalar\u0131 Birli\u011fi (TMMOB) Mersin \u0130l Koordinasyon Kurulu taraf\u0131ndan iptali i\u00e7in dava a\u00e7\u0131lan Toroslar 1. Etap Arpa\u00e7sakarlar Mahallesi ve \u00c7evresi 1\/1000 \u00f6l\u00e7ekli Revizyon Uygulama \u0130mar Plan\u0131, Mersin &hellip; <a href=\"https:\/\/akdenizolaygazetesi.com\/?p=26798\" class=\"more-link\">Devam\u0131n\u0131 Oku&#8230;<\/a><\/p>\n","protected":false},"author":2,"featured_media":26799,"comment_status":"open","ping_status":"open","sticky":false,"template":"","format":"standard","meta":[],"categories":[1,2,3],"tags":[],"_links":{"self":[{"href":"https:\/\/akdenizolaygazetesi.com\/index.php?rest_route=\/wp\/v2\/posts\/26798"}],"collection":[{"href":"https:\/\/akdenizolaygazetesi.com\/index.php?rest_route=\/wp\/v2\/posts"}],"about":[{"href":"https:\/\/akdenizolaygazetesi.com\/index.php?rest_route=\/wp\/v2\/types\/post"}],"author":[{"embeddable":true,"href":"https:\/\/akdenizolaygazetesi.com\/index.php?rest_route=\/wp\/v2\/users\/2"}],"replies":[{"embeddable":true,"href":"https:\/\/akdenizolaygazetesi.com\/index.php?rest_route=%2Fwp%2Fv2%2Fcomments&post=26798"}],"version-history":[{"count":1,"href":"https:\/\/akdenizolaygazetesi.com\/index.php?rest_route=\/wp\/v2\/posts\/26798\/revisions"}],"predecessor-version":[{"id":26800,"href":"https:\/\/akdenizolaygazetesi.com\/index.php?rest_route=\/wp\/v2\/posts\/26798\/revisions\/26800"}],"wp:featuredmedia":[{"embeddable":true,"href":"https:\/\/akdenizolaygazetesi.com\/index.php?rest_route=\/wp\/v2\/media\/26799"}],"wp:attachment":[{"href":"https:\/\/akdenizolaygazetesi.com\/index.php?rest_route=%2Fwp%2Fv2%2Fmedia&parent=26798"}],"wp:term":[{"taxonomy":"category","embeddable":true,"href":"https:\/\/akdenizolaygazetesi.com\/index.php?rest_route=%2Fwp%2Fv2%2Fcategories&post=26798"},{"taxonomy":"post_tag","embeddable":true,"href":"https:\/\/akdenizolaygazetesi.com\/index.php?rest_route=%2Fwp%2Fv2%2Ftags&post=26798"}],"curies":[{"name":"wp","href":"https:\/\/api.w.org\/{rel}","templated":true}]}}