{"id":26801,"date":"2023-07-17T12:54:48","date_gmt":"2023-07-17T09:54:48","guid":{"rendered":"http:\/\/akdenizolaygazetesi.com\/?p=26801"},"modified":"2023-07-17T12:54:48","modified_gmt":"2023-07-17T09:54:48","slug":"baskan-yilmaz-hemsehrileriyle-demokrasi-nobetinde-bulustu","status":"publish","type":"post","link":"https:\/\/akdenizolaygazetesi.com\/?p=26801","title":{"rendered":"BA\u015eKAN YILMAZ, HEM\u015eEHR\u0130LER\u0130YLE DEMOKRAS\u0130 N\u00d6BET\u0130NDE BULU\u015eTU"},"content":{"rendered":"<p>Toroslar Belediye Ba\u015fkan\u0131 Ats\u0131z Af\u015f\u0131n Y\u0131lmaz, Mersin Valili\u011fi&#8217;nce 15 Temmuz Demokrasi ve Milli Birlik G\u00fcn\u00fc etkinlikleri kapsam\u0131nda d\u00fczenlenen Demokrasi Y\u00fcr\u00fcy\u00fc\u015f\u00fc ve N\u00f6betine kat\u0131ld\u0131.<\/p>\n<p>7 y\u0131l \u00f6nce ger\u00e7ekle\u015fen hain darbe giri\u015fiminde demokrasimize kast edenlere kar\u015f\u0131 iman\u0131yla, cesaretiyle, milli iradeyle destan yazan T\u00fcrk Milleti&#8217;nin \u015fanl\u0131 duru\u015funu sergiledi\u011fi 15 Temmuz gecesinin y\u0131l d\u00f6n\u00fcm\u00fcnde t\u00fcm T\u00fcrkiye&#8217;de oldu\u011fu gibi Mersin&#8217;de de ayn\u0131 gurur ve inan\u00e7 ya\u015fand\u0131.<\/p>\n<p>15 Temmuz \u015fehitleri an\u0131s\u0131na d\u00fczenlenen y\u00fcr\u00fcy\u00fc\u015f, Millet Bah\u00e7esi&#8217;nden ba\u015flayarak Cumhuriyet Meydan\u0131&#8217;na kadar s\u00fcrd\u00fc. Ba\u015fkan Y\u0131lmaz, Mersin Valisi Ali Hamza Pehlivan, kent protokol\u00fc ve vatanda\u015flarla birlikte mehteran e\u015fli\u011finde y\u00fcr\u00fcyerek, co\u015fkuya ortak oldu.<\/p>\n<p>Y\u00fcr\u00fcy\u00fc\u015f\u00fcn ard\u0131ndan demokrasi n\u00f6betiyle sonlanan t\u00f6rende Ba\u015fkan Y\u0131lmaz, hem\u015fehrileriyle birlikte birlik ve beraberli\u011fin en g\u00fczel \u00f6rne\u011fini sergiledi.<\/p>\n<p>&#8220;AZ\u0130Z M\u0130LLET\u0130M\u0130Z, O GECE DARBEYE, MANDAYA HAYIR DED\u0130 ve M\u0130LL\u0130 \u0130RADEYE SAH\u0130P \u00c7IKTI&#8221;<\/p>\n<p>Ba\u015fkan Y\u0131lmaz, 15 Temmuz Demokrasi ve Milli Birlik G\u00fcn\u00fc dolay\u0131s\u0131yla d\u00fczenlenen Demokrasi N\u00f6betinde yapt\u0131\u011f\u0131 konu\u015fmada; &#8220;7 y\u0131l \u00f6nce bug\u00fcn canl\u0131 yay\u0131nlarda, meydanlarda, sokaklarda, memleketimizin her yerinde bizzat ya\u015fad\u0131\u011f\u0131m\u0131z bir olay\u0131 bug\u00fcn an\u0131yoruz. Ordumuzla, askerimizle, polisimizle organize olmu\u015f bir grup, 15 Temmuz&#8217;da bir kalk\u0131\u015fma ger\u00e7ekle\u015ftirdi. Bir darbe giri\u015fiminde bulundu. Bu milletin askerini, bu milletin \u00fczerine s\u00fcrd\u00fcler. Bu milletin silahlar\u0131, u\u00e7aklar\u0131 ve her t\u00fcrl\u00fc imk\u00e2nlar\u0131yla milli irademizin tecelli etti\u011fi T\u00fcrkiye B\u00fcy\u00fck Millet Meclisimize ve Cumhurba\u015fkanl\u0131\u011f\u0131 K\u00fclliyesi&#8217;ne sald\u0131rd\u0131lar. Ancak milletimiz buna hay\u0131r dedi ve sokaklara d\u00f6k\u00fcld\u00fc. Milletimiz o gece darbeye ve mandaya hay\u0131r dedi ve milli iradeye sahip \u00e7\u0131kt\u0131 \u00e7ok \u015f\u00fck\u00fcr. Bu da bizim ne kadar nitelikli bir toplum oldu\u011fumuzu, s\u0131k\u0131nt\u0131l\u0131 ve dar zamanlarda birli\u011fimizi, beraberli\u011fimizi, Cumhuriyetimizi, devletimizi nas\u0131l korudu\u011fumuzu bir kez daha ortaya koydu. \u015eehitlerimizi rahmetle an\u0131yor, gazilerimize sa\u011fl\u0131kl\u0131 uzun \u00f6m\u00fcrler diliyorum. Birlik ve beraberli\u011fimiz daim oldu\u011fu, ortak y\u00fcksek gelece\u011fimize do\u011fru emin ad\u0131mlarla ilerleme irademiz oldu\u011fu s\u00fcrece \u00e7\u00f6zemeyece\u011fimiz hi\u00e7bir g\u00fc\u00e7 yoktur in\u015fallah&#8221; dedi.<\/p>\n<p>Ba\u015fkan Y\u0131lmaz, demokrasiye ve milli iradeye kar\u015f\u0131 yap\u0131lan hain sald\u0131r\u0131n\u0131n 7. y\u0131l d\u00f6n\u00fcm\u00fcnde meydanlar\u0131 dolduran t\u00fcm hem\u015fehrilerine te\u015fekk\u00fcr ederek, hat\u0131ra foto\u011fraf\u0131 da \u00e7ektirdi<\/p>\n","protected":false},"excerpt":{"rendered":"<p>Toroslar Belediye Ba\u015fkan\u0131 Ats\u0131z Af\u015f\u0131n Y\u0131lmaz, Mersin Valili\u011fi&#8217;nce 15 Temmuz Demokrasi ve Milli Birlik G\u00fcn\u00fc etkinlikleri kapsam\u0131nda d\u00fczenlenen Demokrasi Y\u00fcr\u00fcy\u00fc\u015f\u00fc ve N\u00f6betine kat\u0131ld\u0131. 7 y\u0131l \u00f6nce ger\u00e7ekle\u015fen hain darbe giri\u015fiminde &hellip; <a href=\"https:\/\/akdenizolaygazetesi.com\/?p=26801\" class=\"more-link\">Devam\u0131n\u0131 Oku&#8230;<\/a><\/p>\n","protected":false},"author":2,"featured_media":26802,"comment_status":"open","ping_status":"open","sticky":false,"template":"","format":"standard","meta":[],"categories":[1,2,3],"tags":[],"_links":{"self":[{"href":"https:\/\/akdenizolaygazetesi.com\/index.php?rest_route=\/wp\/v2\/posts\/26801"}],"collection":[{"href":"https:\/\/akdenizolaygazetesi.com\/index.php?rest_route=\/wp\/v2\/posts"}],"about":[{"href":"https:\/\/akdenizolaygazetesi.com\/index.php?rest_route=\/wp\/v2\/types\/post"}],"author":[{"embeddable":true,"href":"https:\/\/akdenizolaygazetesi.com\/index.php?rest_route=\/wp\/v2\/users\/2"}],"replies":[{"embeddable":true,"href":"https:\/\/akdenizolaygazetesi.com\/index.php?rest_route=%2Fwp%2Fv2%2Fcomments&post=26801"}],"version-history":[{"count":1,"href":"https:\/\/akdenizolaygazetesi.com\/index.php?rest_route=\/wp\/v2\/posts\/26801\/revisions"}],"predecessor-version":[{"id":26803,"href":"https:\/\/akdenizolaygazetesi.com\/index.php?rest_route=\/wp\/v2\/posts\/26801\/revisions\/26803"}],"wp:featuredmedia":[{"embeddable":true,"href":"https:\/\/akdenizolaygazetesi.com\/index.php?rest_route=\/wp\/v2\/media\/26802"}],"wp:attachment":[{"href":"https:\/\/akdenizolaygazetesi.com\/index.php?rest_route=%2Fwp%2Fv2%2Fmedia&parent=26801"}],"wp:term":[{"taxonomy":"category","embeddable":true,"href":"https:\/\/akdenizolaygazetesi.com\/index.php?rest_route=%2Fwp%2Fv2%2Fcategories&post=26801"},{"taxonomy":"post_tag","embeddable":true,"href":"https:\/\/akdenizolaygazetesi.com\/index.php?rest_route=%2Fwp%2Fv2%2Ftags&post=26801"}],"curies":[{"name":"wp","href":"https:\/\/api.w.org\/{rel}","templated":true}]}}