{"id":26804,"date":"2023-07-17T12:56:01","date_gmt":"2023-07-17T09:56:01","guid":{"rendered":"http:\/\/akdenizolaygazetesi.com\/?p=26804"},"modified":"2023-07-17T12:56:01","modified_gmt":"2023-07-17T09:56:01","slug":"buyuksehirden-emeklilere-huzur-veren-geziler","status":"publish","type":"post","link":"https:\/\/akdenizolaygazetesi.com\/?p=26804","title":{"rendered":"B\u00dcY\u00dcK\u015eEH\u0130R&#8217;DEN EMEKL\u0130LERE HUZUR VEREN GEZ\u0130LER"},"content":{"rendered":"<p>Mersin B\u00fcy\u00fck\u015fehir Belediyesi Sosyal Hizmetler Dairesi Ba\u015fkanl\u0131\u011f\u0131 b\u00fcnyesinde faaliyet y\u00fcr\u00fcten Emekli Evleri&#8217;nin imkanlar\u0131ndan faydalanan ya\u015f alm\u0131\u015f yurtta\u015flar, sosyal faaliyetlerle moral bulmaya devam ediyorlar. B\u00fcy\u00fck\u015fehir Belediyesi Kad\u0131n ve Aile Hizmetleri Dairesi Ba\u015fkanl\u0131\u011f\u0131&#8217;na ba\u011fl\u0131 Tarsus Gen\u00e7lik Kamp\u0131&#8217;nda, &#8216;Emekliler Haftas\u0131&#8217; kapsam\u0131nda programlar d\u00fczenlendi.<\/p>\n<p>\u0130ki ayr\u0131 g\u00fcnde ger\u00e7ekle\u015fen programlar\u0131n ilk g\u00fcn\u00fcne Tarsus Emekli Evi&#8217;ne \u00fcye emekliler kat\u0131l\u0131m sa\u011flarken, ikinci programa ise Yeni\u015fehir ile Halkkent Emekli Evi \u00fcyeleri i\u015ftirak etti.<\/p>\n<p>Tarsus Gen\u00e7lik Kamp\u0131&#8217;n\u0131n do\u011fal ortam\u0131nda, \u00e7am a\u011fa\u00e7lar\u0131 alt\u0131nda ger\u00e7ekle\u015fen programa B\u00fcy\u00fck\u015fehir&#8217;in tahsis etti\u011fi otob\u00fcslerle gelen emeklilere, B\u00fcy\u00fck\u015fehir Sa\u011fl\u0131k \u0130\u015fleri Dairesi Ba\u015fkanl\u0131\u011f\u0131 ekipleri taraf\u0131ndan egzersiz hareketleri yapt\u0131r\u0131l\u0131p, ard\u0131ndan tansiyon \u00f6l\u00e7\u00fcmleri ger\u00e7ekle\u015ftirildi.<\/p>\n<p>Sonras\u0131nda \u00e7al\u0131nan m\u00fczik e\u015fli\u011finde halaylar \u00e7ekip, oyunlar oynayarak doyas\u0131ya e\u011flenen emeklilerden Mahmut Serbest fl\u00fct \u00e7alarak, Bekir Karasu ise Ankara havalar\u0131ndan oyun sergileyerek etkinli\u011fe renk katt\u0131lar.<\/p>\n<p>Yeter: &#8220;Bu \u00fclkeye verdikleri hizmetlerden dolay\u0131 emeklilerimize \u015f\u00fckran bor\u00e7luyuz&#8221;<\/p>\n<p>Mersin B\u00fcy\u00fck\u015fehir Belediyesi b\u00fcnyesindeki Emekli Evi \u00fcyelerinin ya\u015fam kalitelerinin ve sosyal refah\u0131n\u0131n artmas\u0131na katk\u0131 sunmak ad\u0131na, Tarsus Gen\u00e7lik Kamp\u0131 gezisini d\u00fczenlediklerini belirten Halkkent Emekli Evi Sorumlusu \u00c7a\u011fda\u015f Yeter, &#8220;Emekliler Haftas\u0131 sebebiyle, t\u00fcm emeklilerin ikinci bahar dedi\u011fimiz d\u00f6nemlerini kutlar\u0131z. Bug\u00fcne kadar aktif i\u015fg\u00fcc\u00fcne kat\u0131l\u0131p, bu \u00fclkenin g\u00fc\u00e7l\u00fc ve daim olmas\u0131n\u0131 sa\u011flamalar\u0131 sebebiyle de, b\u00fct\u00fcn emeklilere \u015f\u00fckran bor\u00e7luyuz&#8221; dedi.<\/p>\n<p>Emekli Mustafa Kele\u015f: &#8220;Burada aile ortam\u0131nda gibiyiz&#8221;<\/p>\n<p>Tarsuslu \u015fairlerden ve Emekli Evi \u00fcyelerinden Mustafa Kele\u015f, ortamdan \u00e7ok memnun oldu\u011funu belirterek, &#8220;Emekli Evi&#8217;ne ilk \u00fcye olanlardan\u0131m. O zamandan bu yana biz \u00e7ocuklar\u0131m\u0131zla, k\u0131zlar\u0131m\u0131zla, personelle beraberiz. Burada aile ortam\u0131nda gibiyiz. Bir \u015fikayetimiz yok, her \u015feyden memnunuz ve devam\u0131n\u0131 istiyoruz&#8221; diye konu\u015ftu.<\/p>\n<p>Emekli Sevilay Ayhan: &#8220;Burada emekli arkada\u015flar\u0131mla olmaktan dolay\u0131 mutluyum&#8221;<\/p>\n<p>Tarsus Emekli Evi&#8217;nin etkinliklerine s\u00fcrekli kat\u0131ld\u0131\u011f\u0131n\u0131 ifade eden Sevilay Ayhan, &#8220;Emekli arkada\u015flar\u0131mla ve dostlar\u0131mla olmaktan dolay\u0131 \u00e7ok mutluyum. Ba\u015fkan\u0131m\u0131z Vahap Se\u00e7er&#8217;e ve g\u00f6sterdikleri ilgiden dolay\u0131 buradaki personele \u00e7ok te\u015fekk\u00fcr ediyorum. Biz emeklilere g\u00fczel ve nezih bir ortam sa\u011flay\u0131p, hayat\u0131m\u0131za anlam katt\u0131lar&#8221; \u015feklinde konu\u015ftu.<\/p>\n<p>Emekli Bayram Bulut. &#8220;Emekli Evi&#8217;nin d\u00fczenledi\u011fi gezilere kat\u0131l\u0131yoruz&#8221;<\/p>\n<p>B\u00fcy\u00fck\u015fehir&#8217;in bu t\u00fcr etkinliklerinin, emekliler i\u00e7in bulunmaz bir nimet oldu\u011funu ifade eden Halkkent Emekli Evi \u00fcyesi Bayram Bulut, Emekli Evi&#8217;nin d\u00fczenledi\u011fi gezilere kat\u0131ld\u0131\u011f\u0131n\u0131 belirterek, &#8220;Daha \u00f6nce gezi kapsam\u0131nda Silifke&#8217;ye, ard\u0131ndan da Arslank\u00f6y&#8217;e gittik. Emekli Evi&#8217;nde oturuyor, arkada\u015flarla sohbet ediyor, televizyon seyrediyor, gazetemizi okuyor, \u00e7ay\u0131m\u0131z\u0131 ve kahvemizi i\u00e7iyoruz. Bu gibi hizmetler tabi ki biz emekliler i\u00e7in g\u00fczel \u015feyler. Bug\u00fcn de bizi Tarsus&#8217;a Gen\u00e7lik Kamp\u0131&#8217;na getirdiler. G\u00fczel bir hava oldu&#8221; dedi.<\/p>\n<p>Emekli Nurcan Akba\u015f: &#8220;Yap\u0131lan hizmetler sadece parayla olacak \u015feyler de\u011fil&#8221;<\/p>\n<p>Emekli banka m\u00fcd\u00fcr\u00fc Nurcan Akba\u015f ise, B\u00fcy\u00fck\u015fehir Belediyesi&#8217;nin t\u00fcm hizmetlerinden memnun oldu\u011funu belirterek, &#8220;Her g\u00fcn sabah erken saatte sahilde spor yap\u0131yoruz. S\u0131k s\u0131k do\u011fa gezilerine gidiyor, \u00e7evre temizli\u011fi yap\u0131yoruz. Bunlar harika \u015feyler. Belediye Ba\u015fkan\u0131m\u0131z\u0131n hayata ge\u00e7irdi\u011fi de\u011fi\u015fik faaliyetler var ve onlar\u0131 da bas\u0131ndan takip ediyoruz. Vahap Se\u00e7er ger\u00e7ekten b\u00fcy\u00fck hizmetler veriyor. Kendisine \u00e7ok minnettar\u0131m, te\u015fekk\u00fcr ediyorum. Bunlar sadece parayla olacak \u015feyler de de\u011fil. Bunlar emek gerektiren, \u00f6zveri gerektiren \u00e7al\u0131\u015fmalar. Daha \u00f6nce g\u00f6rev yapan belediye ba\u015fkanlar\u0131n\u0131n da baz\u0131 etkinlikleri oldu, ama Vahap Se\u00e7er hepsinden \u00e7ok farkl\u0131. Direk tabana inebiliyor ve onlar\u0131n bu t\u00fcr faaliyetlere kat\u0131lmas\u0131n\u0131 sa\u011fl\u0131yor&#8221; ifadelerini kulland\u0131.<\/p>\n<p>Emekli Semiha Serbest: &#8220;Gezi i\u00e7in Ba\u015fkan\u0131m\u0131za \u00e7ok te\u015fekk\u00fcr ediyorum&#8221;<\/p>\n<p>Emekli Evi \u00fcyelerinden Semiha Serbest, &#8220;Yatalak bir annem var. O&#8217;na B\u00fcy\u00fck\u015fehir taraf\u0131ndan yemek hizmeti veriliyor. Bug\u00fcnk\u00fc gezi i\u00e7in de Ba\u015fkan\u0131m\u0131za \u00e7ok te\u015fekk\u00fcr ediyorum. \u0130kramlar, sa\u011fl\u0131k taramas\u0131 ve spor aktiviteleri \u00e7ok g\u00fczeldi&#8221; diye konu\u015ftu.<\/p>\n","protected":false},"excerpt":{"rendered":"<p>Mersin B\u00fcy\u00fck\u015fehir Belediyesi Sosyal Hizmetler Dairesi Ba\u015fkanl\u0131\u011f\u0131 b\u00fcnyesinde faaliyet y\u00fcr\u00fcten Emekli Evleri&#8217;nin imkanlar\u0131ndan faydalanan ya\u015f alm\u0131\u015f yurtta\u015flar, sosyal faaliyetlerle moral bulmaya devam ediyorlar. B\u00fcy\u00fck\u015fehir Belediyesi Kad\u0131n ve Aile Hizmetleri Dairesi &hellip; <a href=\"https:\/\/akdenizolaygazetesi.com\/?p=26804\" class=\"more-link\">Devam\u0131n\u0131 Oku&#8230;<\/a><\/p>\n","protected":false},"author":2,"featured_media":26805,"comment_status":"open","ping_status":"open","sticky":false,"template":"","format":"standard","meta":[],"categories":[1,2,3],"tags":[],"_links":{"self":[{"href":"https:\/\/akdenizolaygazetesi.com\/index.php?rest_route=\/wp\/v2\/posts\/26804"}],"collection":[{"href":"https:\/\/akdenizolaygazetesi.com\/index.php?rest_route=\/wp\/v2\/posts"}],"about":[{"href":"https:\/\/akdenizolaygazetesi.com\/index.php?rest_route=\/wp\/v2\/types\/post"}],"author":[{"embeddable":true,"href":"https:\/\/akdenizolaygazetesi.com\/index.php?rest_route=\/wp\/v2\/users\/2"}],"replies":[{"embeddable":true,"href":"https:\/\/akdenizolaygazetesi.com\/index.php?rest_route=%2Fwp%2Fv2%2Fcomments&post=26804"}],"version-history":[{"count":1,"href":"https:\/\/akdenizolaygazetesi.com\/index.php?rest_route=\/wp\/v2\/posts\/26804\/revisions"}],"predecessor-version":[{"id":26806,"href":"https:\/\/akdenizolaygazetesi.com\/index.php?rest_route=\/wp\/v2\/posts\/26804\/revisions\/26806"}],"wp:featuredmedia":[{"embeddable":true,"href":"https:\/\/akdenizolaygazetesi.com\/index.php?rest_route=\/wp\/v2\/media\/26805"}],"wp:attachment":[{"href":"https:\/\/akdenizolaygazetesi.com\/index.php?rest_route=%2Fwp%2Fv2%2Fmedia&parent=26804"}],"wp:term":[{"taxonomy":"category","embeddable":true,"href":"https:\/\/akdenizolaygazetesi.com\/index.php?rest_route=%2Fwp%2Fv2%2Fcategories&post=26804"},{"taxonomy":"post_tag","embeddable":true,"href":"https:\/\/akdenizolaygazetesi.com\/index.php?rest_route=%2Fwp%2Fv2%2Ftags&post=26804"}],"curies":[{"name":"wp","href":"https:\/\/api.w.org\/{rel}","templated":true}]}}