{"id":26807,"date":"2023-07-17T12:57:26","date_gmt":"2023-07-17T09:57:26","guid":{"rendered":"http:\/\/akdenizolaygazetesi.com\/?p=26807"},"modified":"2023-07-17T12:57:26","modified_gmt":"2023-07-17T09:57:26","slug":"mersin-buyuksehirin-mercekleri-meslek-edindiriyor","status":"publish","type":"post","link":"https:\/\/akdenizolaygazetesi.com\/?p=26807","title":{"rendered":"MERS\u0130N B\u00dcY\u00dcK\u015eEH\u0130R&#8217;\u0130N MERCEK&#8217;LER\u0130 MESLEK ED\u0130ND\u0130R\u0130YOR"},"content":{"rendered":"<p>Mersin B\u00fcy\u00fck\u015fehir Belediyesi Sosyal Hizmetler Dairesi Ba\u015fkanl\u0131\u011f\u0131 E\u011fitim Hizmetleri \u015eube M\u00fcd\u00fcrl\u00fc\u011f\u00fc&#8217;ne ba\u011fl\u0131 olarak hizmet veren Yeni\u015fehir, Hal, Halkkent ve T\u0131rm\u0131l MERCEK Mesleki E\u011fitim Merkezleri, 18 ya\u015f \u00fcst\u00fc t\u00fcm vatanda\u015flara teorik ve pratik e\u011fitimler vererek, istihdamlar\u0131na destek sa\u011fl\u0131yor. MERCEK&#8217;ler, ba\u015fta \u00f6\u011frenciler olmak \u00fczere t\u00fcm vatanda\u015flar\u0131n meslek \u00f6\u011frenebilmelerini sa\u011flarken, bir\u00e7ok sekt\u00f6r\u00fcn de kalifiye eleman ihtiyac\u0131n\u0131 kar\u015f\u0131l\u0131yor ve istihdama katk\u0131 sunuyor.<br \/>\nMaya: &#8220;Her MERCEK&#8217;in bulundu\u011fu lokasyona ba\u011fl\u0131 olarak e\u011fitimler planl\u0131yoruz&#8221;<br \/>\nMERCEK Mesleki E\u011fitim Merkezleri E\u011fitim Koordinat\u00f6r\u00fc G\u00fcl Kadem Maya, MERCEK Mesleki E\u011fitim Merkezlerinin 4 \u015fubesi bulundu\u011fundan s\u00f6z ederek, &#8220;Her MERCEK&#8217;in bulundu\u011fu lokasyona ba\u011fl\u0131 olarak e\u011fitimler planl\u0131yoruz. Yeni\u015fehir MERCEK&#8217;te daha \u00e7ok dijital, bili\u015fim, yabanc\u0131 dil, muhasebe, lojistik gibi kurslara a\u011f\u0131rl\u0131k veriyoruz. Halkkent MERCEK&#8217;te t\u0131rnak s\u00fcsleme, el bak\u0131m, \u00e7ocuk geli\u015fimi, hasta ve ya\u015fl\u0131 \u00f6z bak\u0131ma destek olacaklar\u0131n e\u011fitimi ile yabanc\u0131 dil e\u011fitimi devam ediyor. T\u0131rm\u0131l MERCEK&#8217;te sanayinin ihtiya\u00e7lar\u0131 do\u011frultusunda kaynak, metal sac, giyim \u00fcretim teknolojileri e\u011fitimi olmak \u00fczere e\u011fitimlerimize devam ediyoruz. Bunlar\u0131n yan\u0131 s\u0131ra yak\u0131n zamanda in\u015faat, in\u015faat sekt\u00f6r\u00fcne y\u00f6nelik e\u011fitimler ve end\u00fcstriyel ta\u015f\u0131mac\u0131l\u0131\u011fa y\u00f6nelik e\u011fitimler de ba\u015flayacak. Hal MERCEK&#8217;te ise seramik bi\u00e7imlendirme e\u011fitimi vererek, daha \u00e7ok kad\u0131nlar\u0131n \u00fcretime y\u00f6nelmesini tercih ediyoruz. Bunun yan\u0131 s\u0131ra toplu ta\u015f\u0131ma otob\u00fcs s\u00fcr\u00fcc\u00fcs\u00fc yeti\u015ftirme kursu da a\u00e7t\u0131k. Bu kursun akabinde \u00e7ok say\u0131da kursiyerimiz, Mersin B\u00fcy\u00fck\u015fehir Belediyesi&#8217;nde otob\u00fcs \u015fof\u00f6r\u00fc olarak i\u015fe ba\u015flad\u0131&#8221; diye konu\u015ftu.<br \/>\n&#8220;Kursiyerlerimiz uluslararas\u0131 ge\u00e7erlili\u011fi olan sertifikalara kavu\u015fuyor&#8221;<br \/>\nMERCEK&#8217;teki as\u0131l ama\u00e7lar\u0131n\u0131n i\u015f piyasas\u0131n\u0131 g\u00f6zlemleyip, ihtiya\u00e7 do\u011frultusunda kalifiye eleman yeti\u015ftirmek oldu\u011funu s\u00f6zlerine ekleyen Maya, &#8220;Kursiyerlerimizin hem mesleki, hem de ki\u015fisel geli\u015fimlerine katk\u0131 sunmak amac\u0131yla e\u011fitimler veriyoruz. \u0130\u015fverenlerle aralar\u0131nda bir k\u00f6pr\u00fc olmaya \u00e7al\u0131\u015f\u0131yoruz. Bu do\u011frultuda da kursiyerlerimizin ba\u015far\u0131l\u0131 bir \u015fekilde i\u015f hayat\u0131na girdiklerini g\u00f6r\u00fcyoruz&#8221; diye konu\u015ftu.<br \/>\nSon 1,5 y\u0131l i\u00e7erisinde al\u0131nan 5 bin 500 ba\u015fvurudan 2 bin 500 kursiyerin ba\u015far\u0131l\u0131 bir \u015fekilde mezun olup, bir k\u0131sm\u0131n\u0131n da i\u015fe yerle\u015fti\u011fini vurgulayan Maya, &#8220;MERCEK&#8217;te sadece teorik e\u011fitim vermiyoruz. Ayn\u0131 zamanda uygulamal\u0131 e\u011fitim de veriyoruz. Kursiyerlerimiz buradan mezun olduktan sonra Milli E\u011fitim Bakanl\u0131\u011f\u0131 onayl\u0131 sertifikalara sahip oluyorlar. Bunun yan\u0131 s\u0131ra baz\u0131 kurslar\u0131m\u0131zda MYK belgesi de al\u0131yorlar. Uluslararas\u0131 ge\u00e7erlili\u011fi olan sertifikalara kavu\u015fmu\u015f oluyorlar&#8221; dedi.<br \/>\nAkg\u00fcn: &#8220;E\u011fitimlerimiz hem teorik, hem de uygulamal\u0131 olarak veriliyor&#8221;<br \/>\nHalkkent MERCEK Mesleki E\u011fitim Merkezi&#8217;nde \u00c7ocuk Geli\u015fimi Kursu&#8217;nda e\u011fitim veren e\u011fitici Meryem Akg\u00fcn, verilen kursun 0-72 ay \u00e7ocuklar\u0131n geli\u015fimi ile alakal\u0131 bir kurs oldu\u011fundan bahsederken, &#8220;Kursiyerler, Halk E\u011fitim b\u00fcnyesinde alacaklar\u0131 sertifikalar sayesinde yard\u0131mc\u0131 \u00f6\u011fretmen stat\u00fcs\u00fcne kavu\u015fuyorlar. Hem teorik, hem uygulamal\u0131 olarak, 0-72 ayl\u0131k \u00e7ocuklarla ilgili bili\u015fsel, psikomotor ve dil geli\u015fimi alan\u0131nda e\u011fitim veriyoruz. Kursumuza ilgi \u00e7ok g\u00fczel. Kat\u0131lan \u00f6\u011frencilerimiz de zaten lise ve dengi okul \u00f6\u011frencilerinden olu\u015fuyor&#8221; dedi.<br \/>\nKursiyerler MERCEK&#8217;lerden memnun<br \/>\n\u00c7ocuk Geli\u015fimi Kursu kursiyerlerinden Sena \u00d6z\u00f6rnek, &#8220;Hocalar\u0131m\u0131z \u00e7ok iyiler. Samimi bir \u015fekilde yakla\u015f\u0131yorlar. B\u00f6yle bir imkan sundu\u011fu i\u00e7in Vahap Se\u00e7er Ba\u015fkan\u0131m\u0131za da \u00e7ok te\u015fekk\u00fcr ederim&#8221; derken, bir ba\u015fka kursiyer Ela Nur Bilici, &#8220;\u00c7ocuk Geli\u015fimi ilgimi \u00e7eken bir aland\u0131 zaten. Ama belirli bir sekt\u00f6rde \u00e7al\u0131\u015ft\u0131\u011f\u0131m i\u00e7in, bu tarz bir e\u011filimde bulunam\u0131yordum. Yani alabilece\u011fim e\u011fitimler buna yeterli olmuyordu. Buras\u0131 hem \u00e7al\u0131\u015fan, hem de okuyan \u00f6\u011frenciler i\u00e7in gayet etkili bir yer&#8221; dedi. \u0130lgisini \u00e7eken bir alan oldu\u011fu i\u00e7in kursa kat\u0131ld\u0131\u011f\u0131n\u0131 anlatan Bilici, &#8220;Bundan sonraki s\u00fcre\u00e7te hem bu mesle\u011fi yapmak isterim, hem de farkl\u0131 mesleklerde olsam da \u00e7ocuklara kar\u015f\u0131 yakla\u015f\u0131m\u0131ma, ileride kendi \u00e7ocu\u011fumun geli\u015fimine olumlu katk\u0131s\u0131n\u0131n olaca\u011f\u0131n\u0131 d\u00fc\u015f\u00fcn\u00fcyorum&#8221; diye konu\u015ftu.<br \/>\n&#8220;\u00c7al\u0131\u015fma alan\u0131nda Rus\u00e7a&#8217;ya \u00e7ok ihtiya\u00e7 duyuldu\u011fundan dolay\u0131 bu kursa geldim&#8221;<br \/>\nB\u00fcy\u00fck\u015fehir Belediyesi&#8217;nin web sayfas\u0131nda g\u00f6rd\u00fc\u011f\u00fc Rus\u00e7a kursu i\u00e7in Yeni\u015fehir MERCEK&#8217;e gelerek derslere kat\u0131lan \u0130layda Demir, &#8220;Mersin&#8217;e son zamanlarda \u00f6zellikle Rusya&#8217;dan \u00e7ok fazla turist geldi\u011fi i\u00e7in ve \u00e7al\u0131\u015fma alan\u0131nda bu dile \u00e7ok fazla ihtiya\u00e7 duyuldu\u011fundan dolay\u0131 bu kursa geldim. B\u00f6yle bir kurs, bizim i\u00e7in b\u00fcy\u00fck bir avantaj oldu. Hem \u00f6\u011frenciler, hem \u00f6\u011frenmek isteyenler, hem de \u00e7al\u0131\u015fmak isteyenler i\u00e7in \u00e7ok faydas\u0131 oldu. Hocalar\u0131m\u0131z gayet g\u00fczel \u00f6\u011fretiyor. Geldi\u011fimde hi\u00e7bir \u015fey bilmiyordum, fakat \u00e7ok \u015fey \u00f6\u011frenerek ayr\u0131laca\u011f\u0131mdan eminim&#8221; dedi.<br \/>\n&#8220;\u00dccretsiz olarak bize bu imk\u00e2n\u0131 sa\u011flayan Belediyemize te\u015fekk\u00fcr ederim&#8221;<br \/>\nYeni\u015fehir MERCEK&#8217;te Rus\u00e7a kursuna gelen bir di\u011fer kursiyer Ayla Erdem ise, &#8220;\u0130limizde Rus ve Ukrayna&#8217;dan gelen misafirlerimiz var. Bilinen dil \u0130ngilizce, onun yan\u0131na bir de Rus\u00e7a katay\u0131m istedim. \u00c7ok k\u0131sa bir zaman i\u00e7erisinde verilmesine ra\u011fmen, \u015fu anda g\u00fczel ilerleme kaydettik. Ben \u00e7ok memnunum. Bundan sonra kendi kendimize de \u00f6\u011frenmeye devam edebiliriz&#8221; dedi. B\u00fcy\u00fck\u015fehir Belediyesi&#8217;nin bu t\u00fcr imkanlar sunmas\u0131n\u0131n \u00e7ok iyi bir hizmet oldu\u011funu ifade eden Erdem, &#8220;T\u00fcrkiye&#8217;nin ve d\u00fcnyan\u0131n ko\u015fullar\u0131 art\u0131k de\u011fi\u015fiyor ve hayat\u0131m\u0131za her zaman bir art\u0131 eklememiz gerekiyor. Belediyemize bu a\u00e7\u0131dan \u00e7ok te\u015fekk\u00fcr ediyorum. \u00dccretsiz olarak bize bu imk\u00e2nlar\u0131 sa\u011flad\u0131klar\u0131 i\u00e7in \u00e7ok memnunum. Herkes de gelsin&#8221; diye konu\u015ftu. <\/p>\n","protected":false},"excerpt":{"rendered":"<p>Mersin B\u00fcy\u00fck\u015fehir Belediyesi Sosyal Hizmetler Dairesi Ba\u015fkanl\u0131\u011f\u0131 E\u011fitim Hizmetleri \u015eube M\u00fcd\u00fcrl\u00fc\u011f\u00fc&#8217;ne ba\u011fl\u0131 olarak hizmet veren Yeni\u015fehir, Hal, Halkkent ve T\u0131rm\u0131l MERCEK Mesleki E\u011fitim Merkezleri, 18 ya\u015f \u00fcst\u00fc t\u00fcm vatanda\u015flara teorik &hellip; <a href=\"https:\/\/akdenizolaygazetesi.com\/?p=26807\" class=\"more-link\">Devam\u0131n\u0131 Oku&#8230;<\/a><\/p>\n","protected":false},"author":2,"featured_media":26808,"comment_status":"open","ping_status":"open","sticky":false,"template":"","format":"standard","meta":[],"categories":[1,2,3],"tags":[],"_links":{"self":[{"href":"https:\/\/akdenizolaygazetesi.com\/index.php?rest_route=\/wp\/v2\/posts\/26807"}],"collection":[{"href":"https:\/\/akdenizolaygazetesi.com\/index.php?rest_route=\/wp\/v2\/posts"}],"about":[{"href":"https:\/\/akdenizolaygazetesi.com\/index.php?rest_route=\/wp\/v2\/types\/post"}],"author":[{"embeddable":true,"href":"https:\/\/akdenizolaygazetesi.com\/index.php?rest_route=\/wp\/v2\/users\/2"}],"replies":[{"embeddable":true,"href":"https:\/\/akdenizolaygazetesi.com\/index.php?rest_route=%2Fwp%2Fv2%2Fcomments&post=26807"}],"version-history":[{"count":1,"href":"https:\/\/akdenizolaygazetesi.com\/index.php?rest_route=\/wp\/v2\/posts\/26807\/revisions"}],"predecessor-version":[{"id":26809,"href":"https:\/\/akdenizolaygazetesi.com\/index.php?rest_route=\/wp\/v2\/posts\/26807\/revisions\/26809"}],"wp:featuredmedia":[{"embeddable":true,"href":"https:\/\/akdenizolaygazetesi.com\/index.php?rest_route=\/wp\/v2\/media\/26808"}],"wp:attachment":[{"href":"https:\/\/akdenizolaygazetesi.com\/index.php?rest_route=%2Fwp%2Fv2%2Fmedia&parent=26807"}],"wp:term":[{"taxonomy":"category","embeddable":true,"href":"https:\/\/akdenizolaygazetesi.com\/index.php?rest_route=%2Fwp%2Fv2%2Fcategories&post=26807"},{"taxonomy":"post_tag","embeddable":true,"href":"https:\/\/akdenizolaygazetesi.com\/index.php?rest_route=%2Fwp%2Fv2%2Ftags&post=26807"}],"curies":[{"name":"wp","href":"https:\/\/api.w.org\/{rel}","templated":true}]}}