{"id":26810,"date":"2023-07-17T12:58:48","date_gmt":"2023-07-17T09:58:48","guid":{"rendered":"http:\/\/akdenizolaygazetesi.com\/?p=26810"},"modified":"2023-07-17T12:58:48","modified_gmt":"2023-07-17T09:58:48","slug":"karaduvar-mahallesi-2-taziye-evine-kavusuyor","status":"publish","type":"post","link":"https:\/\/akdenizolaygazetesi.com\/?p=26810","title":{"rendered":"KARADUVAR MAHALLES\u0130 2. TAZ\u0130YE EV\u0130NE KAVU\u015eUYOR"},"content":{"rendered":"<p>Akdeniz Belediye Ba\u015fkan\u0131 M. Mustafa G\u00fcltak, Karaduvar Mahallesi\u2019nde yap\u0131m\u0131 devam eden taziye evini inceledi. Taziye evinin bir ay i\u00e7erisinde a\u00e7\u0131laca\u011f\u0131n\u0131 belirten Ba\u015fkan G\u00fcltak, \u201c364 metrekare 2 b\u00f6l\u00fcmden olu\u015fan taziye evi, t\u00fcm Karaduvar halk\u0131na hay\u0131rl\u0131 olsun\u201d dedi.<br \/>\nAkdeniz Belediye Ba\u015fkan\u0131 Mustafa G\u00fcltak, Ba\u015fkan Yard\u0131mc\u0131s\u0131 Onur Ery\u0131lmaz G\u00fcm\u00fc\u015ftok, Ba\u015fkan Yard\u0131mc\u0131s\u0131 \u0130brahim Arslan ve Karaduvar Mahallesi Muhtar\u0131 Fikret Altan ile birlikte Karaduvar Mahallesi\u2019nde ikincisi yap\u0131lan taziye evinde incelemelerde bulundu.<br \/>\n\u201c\u00d6N\u00dcM\u00dcZDEK\u0130 AY A\u00c7ILACAK\u201d<br \/>\nYap\u0131lan \u00e7al\u0131\u015fmalardan bilgi alan Ba\u015fkan G\u00fcltak, 364 metrekare 2 b\u00f6l\u00fcmden olu\u015fan taziye evinin \u00e7ok kullan\u0131\u015fl\u0131 oldu\u011funu kaydederek, \u201c\u0130\u00e7erisinde mescitlerinin, lavabolar\u0131n\u0131n ve mutfak b\u00f6l\u00fcmlerinin oldu\u011fu, yakla\u015f\u0131k 364 metre karelik bir taziye evinin ikincisini Karaduvar\u2019a kazand\u0131rman\u0131n gururunu ya\u015f\u0131yoruz. T\u00fcm Karaduvar halk\u0131na hay\u0131rl\u0131 olsun\u201d dedi.<br \/>\n\u201cGEREKL\u0130 VE ELZEM B\u0130R YERD\u0130\u201d<br \/>\nKaraduvar Mahalle Muhtar\u0131 Fikret Altan ise mahallelerine ikinci taziye evinin yap\u0131ld\u0131\u011f\u0131n\u0131 kaydederek, \u201cBu taziye evi \u00f6zellikle burada ya\u015fayan vatanda\u015flar\u0131m\u0131z\u0131n, \u00e7ok gerekli ve elzem bir yerdi. 364 metrekare 2 b\u00f6l\u00fcmden olu\u015fan taziye evi,  hem kad\u0131nlar\u0131n hem de erkeklerin faydalanaca\u011f\u0131 bir yer oldu. Ba\u015fkan\u0131m\u0131z Mustafa G\u00fcltak\u2019a duyarl\u0131l\u0131\u011f\u0131ndan dolay\u0131 te\u015fekk\u00fcr ederiz\u201d ifadelerini kulland\u0131.<\/p>\n","protected":false},"excerpt":{"rendered":"<p>Akdeniz Belediye Ba\u015fkan\u0131 M. Mustafa G\u00fcltak, Karaduvar Mahallesi\u2019nde yap\u0131m\u0131 devam eden taziye evini inceledi. Taziye evinin bir ay i\u00e7erisinde a\u00e7\u0131laca\u011f\u0131n\u0131 belirten Ba\u015fkan G\u00fcltak, \u201c364 metrekare 2 b\u00f6l\u00fcmden olu\u015fan taziye evi, &hellip; <a href=\"https:\/\/akdenizolaygazetesi.com\/?p=26810\" class=\"more-link\">Devam\u0131n\u0131 Oku&#8230;<\/a><\/p>\n","protected":false},"author":2,"featured_media":26811,"comment_status":"open","ping_status":"open","sticky":false,"template":"","format":"standard","meta":[],"categories":[1,2,3],"tags":[],"_links":{"self":[{"href":"https:\/\/akdenizolaygazetesi.com\/index.php?rest_route=\/wp\/v2\/posts\/26810"}],"collection":[{"href":"https:\/\/akdenizolaygazetesi.com\/index.php?rest_route=\/wp\/v2\/posts"}],"about":[{"href":"https:\/\/akdenizolaygazetesi.com\/index.php?rest_route=\/wp\/v2\/types\/post"}],"author":[{"embeddable":true,"href":"https:\/\/akdenizolaygazetesi.com\/index.php?rest_route=\/wp\/v2\/users\/2"}],"replies":[{"embeddable":true,"href":"https:\/\/akdenizolaygazetesi.com\/index.php?rest_route=%2Fwp%2Fv2%2Fcomments&post=26810"}],"version-history":[{"count":1,"href":"https:\/\/akdenizolaygazetesi.com\/index.php?rest_route=\/wp\/v2\/posts\/26810\/revisions"}],"predecessor-version":[{"id":26812,"href":"https:\/\/akdenizolaygazetesi.com\/index.php?rest_route=\/wp\/v2\/posts\/26810\/revisions\/26812"}],"wp:featuredmedia":[{"embeddable":true,"href":"https:\/\/akdenizolaygazetesi.com\/index.php?rest_route=\/wp\/v2\/media\/26811"}],"wp:attachment":[{"href":"https:\/\/akdenizolaygazetesi.com\/index.php?rest_route=%2Fwp%2Fv2%2Fmedia&parent=26810"}],"wp:term":[{"taxonomy":"category","embeddable":true,"href":"https:\/\/akdenizolaygazetesi.com\/index.php?rest_route=%2Fwp%2Fv2%2Fcategories&post=26810"},{"taxonomy":"post_tag","embeddable":true,"href":"https:\/\/akdenizolaygazetesi.com\/index.php?rest_route=%2Fwp%2Fv2%2Ftags&post=26810"}],"curies":[{"name":"wp","href":"https:\/\/api.w.org\/{rel}","templated":true}]}}