{"id":26813,"date":"2023-07-17T17:05:18","date_gmt":"2023-07-17T14:05:18","guid":{"rendered":"http:\/\/akdenizolaygazetesi.com\/?p=26813"},"modified":"2023-07-17T17:05:18","modified_gmt":"2023-07-17T14:05:18","slug":"mersin-itfaiye-ekipleri-gulnar-orman-yangininda-canla-basla-mucadele-gosteriyor","status":"publish","type":"post","link":"https:\/\/akdenizolaygazetesi.com\/?p=26813","title":{"rendered":"MERS\u0130N \u0130TFA\u0130YE EK\u0130PLER\u0130 G\u00dcLNAR ORMAN YANGININDA CANLA-BA\u015eLA M\u00dcCADELE G\u00d6STER\u0130YOR"},"content":{"rendered":"<p>G\u00fclnar il\u00e7esinde \u00f6nceki g\u00fcn ba\u015flayan orman yang\u0131n\u0131n\u0131n s\u00f6nd\u00fcr\u00fclmesi \u00e7al\u0131\u015fmalar\u0131na kat\u0131lan Mersin B\u00fcy\u00fck\u015fehir Belediyesi \u0130tfaiye Daire Ba\u015fkanl\u0131\u011f\u0131 ekipleri, yang\u0131n\u0131n yerle\u015fim yerlerine s\u0131\u00e7ramamas\u0131 i\u00e7in Mersin Valili\u011fi koordinasyonunda; Orman, AFAD, Jandarma, DS\u0130, Karayollar\u0131, Emniyet, UMKE, 112 Sa\u011fl\u0131k, K\u0131z\u0131lay ve Akkuyu NGS ekipleri ile birlikte canla-ba\u015fla m\u00fccadele g\u00f6sterdi.<\/p>\n<p>Alo 112 hatt\u0131na gelen ihbar\u0131n ard\u0131ndan ilk olarak yak\u0131n noktalardaki ekiplerin m\u00fcdahale etti\u011fi yang\u0131na,  Merkez, Erdemli, Anamur, Mut, Silifke, Bozyaz\u0131 ve Ayd\u0131nc\u0131k ekiplerinin de kat\u0131l\u0131m\u0131 ile 78 personel ve 26 ara\u00e7la m\u00fcdahale eden \u0130tfaiye ekipleri, koordineli \u00e7al\u0131\u015fmas\u0131 sayesinde saatteki h\u0131z\u0131 60 km&#8217;yi bulan r\u00fczgara kar\u015f\u0131n yang\u0131n\u0131n kontrol alt\u0131na al\u0131nmas\u0131nda \u00f6nemli rol \u00fcstlendi.<\/p>\n<p>\u00c7al\u0131\u015fmalar hakk\u0131nda bilgi veren \u0130tfaiye Daire Ba\u015fkanl\u0131\u011f\u0131 M\u00fcdahale ve Koordinasyon \u015eube M\u00fcd\u00fcr\u00fc Alperen Tabak &#8220;D\u00fcn 112&#8217;ye gelen ihbar \u00fczerine Mersin B\u00fcy\u00fck\u015fehir Belediyesi olarak h\u0131zl\u0131 bir \u015fekilde atraksiyon g\u00f6sterdik ve Tepek\u00f6y ile Korucuk mahalleleri aras\u0131nda ki b\u00fcy\u00fck bir yang\u0131n b\u00f6lgesine koordineli bir \u015fekilde da\u011f\u0131ld\u0131k. R\u00fczgar\u0131n h\u0131z\u0131n\u0131n 60 km&#8217;nin \u00fczerinde olmas\u0131 sebebiyle zaman zaman zorland\u0131\u011f\u0131m\u0131z noktalar oldu. Ancak koordineli \u00e7al\u0131\u015fmalar neticesinde kontrol alt\u0131na ald\u0131k&#8221; dedi.<\/p>\n<p>Yang\u0131n\u0131n kontrol alt\u0131na al\u0131nmas\u0131n\u0131n ard\u0131ndan r\u00fczgar\u0131n durumuna g\u00f6re 8 ayr\u0131 noktada \u00fcs b\u00f6lgesi olu\u015fturmaya ba\u015flad\u0131klar\u0131n\u0131 belirten Tabak &#8220;R\u00fczgar nedeniyle yang\u0131n \u015fayet tekrar korlanmaya ba\u015flarsa o b\u00f6lgeye h\u0131zl\u0131 bir \u015fekilde m\u00fcdahale edece\u011fiz. Ancak \u015fu anda kontrol alt\u0131nda. R\u00fczgar\u0131n durumuna g\u00f6re hareket ediyoruz ama so\u011futma \u00e7al\u0131\u015fmalar\u0131nda faaliyetimiz s\u00fcr\u00fcyor&#8221; diye konu\u015ftu.<\/p>\n<p>Yang\u0131n\u0131n \u00e7\u0131k\u0131\u015f nedeninin yap\u0131lacak inceleme sonras\u0131nda belli olaca\u011f\u0131n\u0131 s\u00f6yleyen Tabak &#8220;Yakla\u015f\u0131k 300 hektar civar\u0131nda alan\u0131n zarar g\u00f6rd\u00fc\u011f\u00fcn\u00fc s\u00f6yleyebiliriz. \u00c7\u00fcnk\u00fc s\u0131rt ve vadi hatt\u0131 boyunca meydana geldi \u00e7o\u011funlukla. Zaten bunlar yeni dikimlerin oldu\u011fu yerler&#8221; dedi.<\/p>\n<p>\u00c7al\u0131\u015fmalar esnas\u0131nda b\u00f6lge halk\u0131n\u0131n deste\u011finin kendilerine g\u00fc\u00e7 verdi\u011fini de s\u00f6zlerine ekleyen Tabak &#8220;Vatanda\u015flar\u0131m\u0131z\u0131n \u00f6zellikle orman yang\u0131nlarda g\u00f6sterdikleri yard\u0131mlar\u0131ndan dolay\u0131; bize su, ekmek getirdiler, hepsine \u00e7ok \u00e7ok te\u015fekk\u00fcr ediyoruz&#8221; ifadelerini kulland\u0131.<\/p>\n","protected":false},"excerpt":{"rendered":"<p>G\u00fclnar il\u00e7esinde \u00f6nceki g\u00fcn ba\u015flayan orman yang\u0131n\u0131n\u0131n s\u00f6nd\u00fcr\u00fclmesi \u00e7al\u0131\u015fmalar\u0131na kat\u0131lan Mersin B\u00fcy\u00fck\u015fehir Belediyesi \u0130tfaiye Daire Ba\u015fkanl\u0131\u011f\u0131 ekipleri, yang\u0131n\u0131n yerle\u015fim yerlerine s\u0131\u00e7ramamas\u0131 i\u00e7in Mersin Valili\u011fi koordinasyonunda; Orman, AFAD, Jandarma, DS\u0130, Karayollar\u0131, &hellip; <a href=\"https:\/\/akdenizolaygazetesi.com\/?p=26813\" class=\"more-link\">Devam\u0131n\u0131 Oku&#8230;<\/a><\/p>\n","protected":false},"author":2,"featured_media":26814,"comment_status":"open","ping_status":"open","sticky":false,"template":"","format":"standard","meta":[],"categories":[2,3],"tags":[],"_links":{"self":[{"href":"https:\/\/akdenizolaygazetesi.com\/index.php?rest_route=\/wp\/v2\/posts\/26813"}],"collection":[{"href":"https:\/\/akdenizolaygazetesi.com\/index.php?rest_route=\/wp\/v2\/posts"}],"about":[{"href":"https:\/\/akdenizolaygazetesi.com\/index.php?rest_route=\/wp\/v2\/types\/post"}],"author":[{"embeddable":true,"href":"https:\/\/akdenizolaygazetesi.com\/index.php?rest_route=\/wp\/v2\/users\/2"}],"replies":[{"embeddable":true,"href":"https:\/\/akdenizolaygazetesi.com\/index.php?rest_route=%2Fwp%2Fv2%2Fcomments&post=26813"}],"version-history":[{"count":1,"href":"https:\/\/akdenizolaygazetesi.com\/index.php?rest_route=\/wp\/v2\/posts\/26813\/revisions"}],"predecessor-version":[{"id":26815,"href":"https:\/\/akdenizolaygazetesi.com\/index.php?rest_route=\/wp\/v2\/posts\/26813\/revisions\/26815"}],"wp:featuredmedia":[{"embeddable":true,"href":"https:\/\/akdenizolaygazetesi.com\/index.php?rest_route=\/wp\/v2\/media\/26814"}],"wp:attachment":[{"href":"https:\/\/akdenizolaygazetesi.com\/index.php?rest_route=%2Fwp%2Fv2%2Fmedia&parent=26813"}],"wp:term":[{"taxonomy":"category","embeddable":true,"href":"https:\/\/akdenizolaygazetesi.com\/index.php?rest_route=%2Fwp%2Fv2%2Fcategories&post=26813"},{"taxonomy":"post_tag","embeddable":true,"href":"https:\/\/akdenizolaygazetesi.com\/index.php?rest_route=%2Fwp%2Fv2%2Ftags&post=26813"}],"curies":[{"name":"wp","href":"https:\/\/api.w.org\/{rel}","templated":true}]}}