{"id":26819,"date":"2023-07-17T17:09:44","date_gmt":"2023-07-17T14:09:44","guid":{"rendered":"http:\/\/akdenizolaygazetesi.com\/?p=26819"},"modified":"2023-07-17T17:09:44","modified_gmt":"2023-07-17T14:09:44","slug":"mahalle-muhtarlari-baskanimiz-her-zaman-yanimizda","status":"publish","type":"post","link":"https:\/\/akdenizolaygazetesi.com\/?p=26819","title":{"rendered":"MAHALLE MUHTARLARI; &#8220;BA\u015eKANIMIZ HER ZAMAN YANIMIZDA&#8221;"},"content":{"rendered":"<p>Toroslar Belediye Ba\u015fkan\u0131 Ats\u0131z Af\u015f\u0131n Y\u0131lmaz, il\u00e7edeki yaylalar\u0131 MHP Mersin Milletvekili Levent Uysal ile birlikte ziyaret etti. Mahalle muhtarlar\u0131 ve vatanda\u015flar, Ba\u015fkan Y\u0131lmaz&#8217;a hizmetlerinden \u00f6t\u00fcr\u00fc te\u015fekk\u00fcr etti.<\/p>\n<p>G\u00f6zne, Ayvagedi\u011fi, De\u011firmendere ve G\u00fczelyayla Mahalleleri&#8217;nde hem\u015fehrileriyle bulu\u015fan Ba\u015fkan Y\u0131lmaz, sevgi g\u00f6sterileriyle kar\u015f\u0131land\u0131. Yayla ziyaretlerine; MHP Mersin \u0130l Ba\u015fkan\u0131 Serdar Soydan, eski \u0130l Ba\u015fkan\u0131 Zeynel U\u011fur G\u00f6lgeli, MHP Toroslar \u0130l\u00e7e Ba\u015fkan\u0131 H\u00fcsn\u00fc Do\u011fan, 2019 Cumhur \u0130ttifak\u0131 Mersin B\u00fcy\u00fck\u015fehir Belediye Ba\u015fkan\u0131 Aday\u0131 Hamit Tuna, belediye meclis \u00fcyeleri ve partililer de kat\u0131ld\u0131.<\/p>\n<p>MAHALLE MUHTARLARI; &#8220;BA\u015eKANIMIZ HER ZAMAN YANIMIZDA&#8221;<\/p>\n<p>Mahalle sakinleriyle bir araya gelinen ziyaretlerde konu\u015fan mahalle muhtarlar\u0131 mahallelerindeki ihtiya\u00e7lar\u0131n giderilmesi noktas\u0131nda her zaman yanlar\u0131nda olan Toroslar Belediye Ba\u015fkan\u0131 Ats\u0131z Af\u015f\u0131n Y\u0131lmaz&#8217;a ve ekibine te\u015fekk\u00fcr ederek; &#8220;Yollar\u0131m\u0131z yap\u0131l\u0131yor. Temizlik \u00e7al\u0131\u015fmalar\u0131 d\u00fczenli olarak ger\u00e7ekle\u015ftiriliyor. Ba\u015fkan\u0131m\u0131za ve ekibine te\u015fekk\u00fcr ediyoruz&#8221; diye konu\u015ftu.<\/p>\n<p>G\u00fczelyayla Mahalle Muhtar\u0131 Yasin \u00d6z; Ba\u015fkan Y\u0131lmaz&#8217;dan 20 bin metrekare parke, bin ton s\u0131cak asfalt s\u00f6z\u00fc ald\u0131klar\u0131n\u0131 da ifade ederek, yap\u0131lan ve yap\u0131lacak olan \u00e7al\u0131\u015fmalardan memnuniyetini dile getirdi.<\/p>\n<p>MHP Toroslar \u0130l\u00e7e Ba\u015fkan\u0131 H\u00fcsn\u00fc Do\u011fan da konu\u015fma yaparak, kendilerini g\u00fcler y\u00fczle kar\u015f\u0131layan t\u00fcm mahalle sakinlerine desteklerinden dolay\u0131 te\u015fekk\u00fcr etti.<\/p>\n<p>BA\u015eKAN YILMAZ; &#8220;EL\u0130M\u0130ZDEK\u0130 \u0130MK\u00c2NLARLA H\u0130ZMET\u0130N EN \u0130Y\u0130S\u0130N\u0130 EN HIZLI \u015eEK\u0130LDE YAPIYORUZ&#8221;<\/p>\n<p>Toroslar Belediye Ba\u015fkan\u0131 Ats\u0131z Af\u015f\u0131n Y\u0131lmaz da hem\u015fehrileriyle bulu\u015fmaktan mutluluk duydu\u011funu kaydederek, birlik ve beraberli\u011fe vurgu yapt\u0131. Ba\u015fkan Y\u0131lmaz; &#8220;Allah&#8217;a \u00e7ok \u015f\u00fck\u00fcr herkesle selamla\u015ft\u0131k. Sa\u011fl\u0131kl\u0131 ve iyi g\u00f6r\u00fcn\u00fcyorsunuz. Allah a\u011fz\u0131m\u0131z\u0131n tad\u0131n\u0131, birli\u011fimizi ve beraberli\u011fimizi bozmas\u0131n. Muhtar\u0131m\u0131z\u0131n da s\u00f6yledi\u011fi gibi G\u00fczelyayla Mahallemize 20 bin metrekare parke yapaca\u011f\u0131z ve bin ton s\u0131cak asfalt d\u00f6kece\u011fiz. \u00c7al\u0131\u015fmalar\u0131m\u0131z, So\u011fucak Mahallemiz&#8217;den bu tarafa do\u011fru geliyor. Elimizdeki imkanlarla hizmetin en iyisini, en h\u0131zl\u0131 \u015fekilde yapmaya \u00e7al\u0131\u015ft\u0131k. Bu sene de buna devam ediyoruz. \u0130n\u015fallah hep beraber daha da g\u00fczel \u00e7al\u0131\u015fmalar ger\u00e7ekle\u015ftirece\u011fiz. Bizlerin yan\u0131nda olan k\u0131ymetli milletvekilimiz Say\u0131n Levent Uysal&#8217;a da te\u015fekk\u00fcr ediyorum. Sa\u011f olsun, var olsun&#8221; diye konu\u015ftu.<\/p>\n<p>M\u0130LLETVEK\u0130L\u0130 UYSAL; &#8220;BA\u015eKANIMIZA H\u0130ZMETLER\u0130NDEN DOLAYI TE\u015eEKK\u00dcR EDER\u0130Z&#8221;<\/p>\n<p>MHP Mersin Milletvekil Levent Uysal da Toroslar Belediye Ba\u015fkan\u0131 Ats\u0131z Af\u015f\u0131n Y\u0131lmaz&#8217;a ba\u015far\u0131l\u0131 hizmetlerinden dolay\u0131 te\u015fekk\u00fcr ederek; &#8220;Baz\u0131 eksiklerimiz var. 1 Ekim sonras\u0131 da Devlet B\u00fcrokrasisi, Ula\u015ft\u0131rma Bakanl\u0131\u011f\u0131 ve buna benzer yerlerden b\u00fct\u00e7eler al\u0131p buradaki eksikleri tamamlayaca\u011f\u0131z. \u0130yi ki vars\u0131n\u0131z. Allah sizlerden raz\u0131 olsun&#8221; ifadelerini kulland\u0131.<\/p>\n","protected":false},"excerpt":{"rendered":"<p>Toroslar Belediye Ba\u015fkan\u0131 Ats\u0131z Af\u015f\u0131n Y\u0131lmaz, il\u00e7edeki yaylalar\u0131 MHP Mersin Milletvekili Levent Uysal ile birlikte ziyaret etti. Mahalle muhtarlar\u0131 ve vatanda\u015flar, Ba\u015fkan Y\u0131lmaz&#8217;a hizmetlerinden \u00f6t\u00fcr\u00fc te\u015fekk\u00fcr etti. G\u00f6zne, Ayvagedi\u011fi, De\u011firmendere &hellip; <a href=\"https:\/\/akdenizolaygazetesi.com\/?p=26819\" class=\"more-link\">Devam\u0131n\u0131 Oku&#8230;<\/a><\/p>\n","protected":false},"author":2,"featured_media":26820,"comment_status":"open","ping_status":"open","sticky":false,"template":"","format":"standard","meta":[],"categories":[8,2,3,6],"tags":[],"_links":{"self":[{"href":"https:\/\/akdenizolaygazetesi.com\/index.php?rest_route=\/wp\/v2\/posts\/26819"}],"collection":[{"href":"https:\/\/akdenizolaygazetesi.com\/index.php?rest_route=\/wp\/v2\/posts"}],"about":[{"href":"https:\/\/akdenizolaygazetesi.com\/index.php?rest_route=\/wp\/v2\/types\/post"}],"author":[{"embeddable":true,"href":"https:\/\/akdenizolaygazetesi.com\/index.php?rest_route=\/wp\/v2\/users\/2"}],"replies":[{"embeddable":true,"href":"https:\/\/akdenizolaygazetesi.com\/index.php?rest_route=%2Fwp%2Fv2%2Fcomments&post=26819"}],"version-history":[{"count":1,"href":"https:\/\/akdenizolaygazetesi.com\/index.php?rest_route=\/wp\/v2\/posts\/26819\/revisions"}],"predecessor-version":[{"id":26821,"href":"https:\/\/akdenizolaygazetesi.com\/index.php?rest_route=\/wp\/v2\/posts\/26819\/revisions\/26821"}],"wp:featuredmedia":[{"embeddable":true,"href":"https:\/\/akdenizolaygazetesi.com\/index.php?rest_route=\/wp\/v2\/media\/26820"}],"wp:attachment":[{"href":"https:\/\/akdenizolaygazetesi.com\/index.php?rest_route=%2Fwp%2Fv2%2Fmedia&parent=26819"}],"wp:term":[{"taxonomy":"category","embeddable":true,"href":"https:\/\/akdenizolaygazetesi.com\/index.php?rest_route=%2Fwp%2Fv2%2Fcategories&post=26819"},{"taxonomy":"post_tag","embeddable":true,"href":"https:\/\/akdenizolaygazetesi.com\/index.php?rest_route=%2Fwp%2Fv2%2Ftags&post=26819"}],"curies":[{"name":"wp","href":"https:\/\/api.w.org\/{rel}","templated":true}]}}