{"id":26828,"date":"2023-07-18T13:05:01","date_gmt":"2023-07-18T10:05:01","guid":{"rendered":"http:\/\/akdenizolaygazetesi.com\/?p=26828"},"modified":"2023-07-18T13:05:01","modified_gmt":"2023-07-18T10:05:01","slug":"baskan-gultak-iscilerini-enflasyona-ezdirmedi","status":"publish","type":"post","link":"https:\/\/akdenizolaygazetesi.com\/?p=26828","title":{"rendered":"BA\u015eKAN G\u00dcLTAK \u0130\u015e\u00c7\u0130LER\u0130N\u0130 ENFLASYONA EZD\u0130RMED\u0130"},"content":{"rendered":"<p>Akdeniz Belediyesi, kurum b\u00fcnyesinde bulunan 768 \u015firket i\u015f\u00e7isi ile 64 kadrolu i\u015f\u00e7inin alaca\u011f\u0131 \u00fccretlerde g\u00fcncelleme yapt\u0131. \u00dccretlerdeki art\u0131\u015fla birlikte \u015firket i\u015f\u00e7ilerinin en d\u00fc\u015f\u00fck maa\u015f\u0131, 11 bin 150 liradan 14 bin 586 liraya y\u00fckseldi. Akdeniz Belediyesi\u2019nin kadrolu i\u015f\u00e7ilerinin \u00fccretleri de en d\u00fc\u015f\u00fck 32 bin 100 lira oldu.<br \/>\nAkdeniz Belediye \u015firketinde \u00e7al\u0131\u015fan 768 i\u015f\u00e7iyi kapsayan \u20182023 Y\u0131l\u0131 Temmuz ay\u0131 Maa\u015f G\u00fcncelleme Toplant\u0131s\u0131\u2019 Akdeniz Belediye Ba\u015fkan\u0131 M. Mustafa G\u00fcltak, Hizmet-\u0130\u015f Sendikas\u0131 Mersin \u015eube Ba\u015fkan\u0131 Mehmet Y\u00fcce ve \u015firket personelinin kat\u0131l\u0131m\u0131yla ger\u00e7ekle\u015fti.<br \/>\n\u201c\u0130\u015e\u00c7\u0130LER\u0130M\u0130ZE DE\u011eER VER\u0130YORUZ\u201d<br \/>\nToplant\u0131da, eme\u011fin kutsal oldu\u011funu, eme\u011fe ve emek\u00e7iye b\u00fcy\u00fck k\u0131ymet verdiklerinin alt\u0131n\u0131 \u00e7izen Ba\u015fkan G\u00fcltak, daha \u00f6nce yap\u0131lan s\u00f6zle\u015fmelerde enflasyondan kaynakl\u0131, h\u00fck\u00fcmetin yapt\u0131\u011f\u0131 uygulamalar\u0131n ayn\u0131s\u0131n\u0131 belediye i\u015f\u00e7ilerine yapma s\u00f6z\u00fc verdiklerini hat\u0131rlatt\u0131.  Bug\u00fcne kadar i\u015f\u00e7i \u00e7\u0131karmad\u0131klar\u0131n\u0131 vurgulayan G\u00fcltak, i\u015f\u00e7ilerin en y\u00fcksek promosyonlardan birini ald\u0131\u011f\u0131n\u0131, i\u015f\u00e7ilerle her zaman yak\u0131n ili\u015fkiler i\u00e7erisinde oldu\u011funu dile getirdi.<br \/>\n\u201cEN D\u00dc\u015e\u00dcK \u0130\u015e\u00c7\u0130 MAA\u015eI 14 B\u0130N 586 TL\u201d<br \/>\nBa\u015fkan G\u00fcltak, i\u015f\u00e7ilere y\u00fczde 34 zam yapt\u0131klar\u0131n\u0131 kaydederek, \u201c1Temmuz tarihinden itibaren ge\u00e7erli olmak \u00fczere en d\u00fc\u015f\u00fck maa\u015f 14 bin 586 lira oldu. Ortalama \u00fccret ise 14 bin 960 lira civar\u0131nda. Ayr\u0131ca, yine b\u00f6lgede en y\u00fcksek kadrolu i\u015f\u00e7ilere de maa\u015f\u0131 biz vermekteyiz. Kadrolu i\u015f\u00e7ilerimizin maa\u015flar\u0131n\u0131 ise en d\u00fc\u015f\u00fck 32 bin 100 liraya \u00e7\u0131kartarak g\u00fczel bir rakama getirdi\u011fimizi d\u00fc\u015f\u00fcn\u00fcyorum\u201d dedi.<br \/>\n\u201cKADROLU \u0130\u015e\u00c7\u0130LER\u0130NM\u0130Z\u0130N DE MAA\u015eINI ARTIRDIK\u201d<br \/>\nAkdeniz Belediyesi\u2019ni 232 milyon gibi b\u00fcy\u00fck bir bor\u00e7la ald\u0131klar\u0131n\u0131 belirten G\u00fcltak, \u201cDar imkanlarla ve problemlerle bo\u011fu\u015fmam\u0131za ra\u011fmen, hi\u00e7bir zaman i\u015f\u00e7ilerimizi enflasyona ezdirmedik, ezdirmeyece\u011fiz. Onlar\u0131n 5 y\u0131l boyunca ak\u015famlar\u0131 huzurlu yatmas\u0131n\u0131 sa\u011flad\u0131k. \u00c7\u00fcnk\u00fc onlar her sabah kalkt\u0131klar\u0131nda mutlaka bir i\u015fleri vard\u0131. Ger\u00e7ekle\u015ftirilen zamlar\u0131n i\u015f\u00e7ilerimize ve ailelerine hay\u0131rl\u0131 olmas\u0131n\u0131 temenni ediyorum\u201d ifadelerini kulland\u0131.<br \/>\n\u201cBA\u015eKANIMIZ S\u00d6Z\u00dcN\u00dc B\u0130R KEZ DAHA YER\u0130NE GET\u0130RD\u0130\u201d<br \/>\nHizmet-\u0130\u015f Sendikas\u0131 Mersin \u015eube Ba\u015fkan\u0131 Mehmet Y\u00fcce ise Ba\u015fkan G\u00fcltak\u2019a i\u015f\u00e7ilere verdi\u011fi zam oran\u0131ndan dolay\u0131 te\u015fekk\u00fcr ederek, \u201cBa\u015fkan\u0131m\u0131z, en son yapt\u0131\u011f\u0131m\u0131z s\u00f6zle\u015fmede verdi\u011fi s\u00f6z\u00fc bir kez daha yerine getirdi. Akdeniz Belediyesi \u015fuanda Mersin\u2019de il\u00e7e belediyeleri aras\u0131nda i\u015f\u00e7ilerine en y\u00fcksek maa\u015f\u0131 veren belediye konumunda. \u0130\u015f\u00e7ilerimize hay\u0131rl\u0131 olsun\u201d \u015feklinde konu\u015ftu.<br \/>\n\u0130\u015f\u00e7iler ise ger\u00e7ekle\u015ftirilen zam dolay\u0131s\u0131yla duyduklar\u0131 memnuniyeti dile getirerek, Ba\u015fkan G\u00fcltak\u2019a te\u015fekk\u00fcr etti.<\/p>\n","protected":false},"excerpt":{"rendered":"<p>Akdeniz Belediyesi, kurum b\u00fcnyesinde bulunan 768 \u015firket i\u015f\u00e7isi ile 64 kadrolu i\u015f\u00e7inin alaca\u011f\u0131 \u00fccretlerde g\u00fcncelleme yapt\u0131. \u00dccretlerdeki art\u0131\u015fla birlikte \u015firket i\u015f\u00e7ilerinin en d\u00fc\u015f\u00fck maa\u015f\u0131, 11 bin 150 liradan 14 bin &hellip; <a href=\"https:\/\/akdenizolaygazetesi.com\/?p=26828\" class=\"more-link\">Devam\u0131n\u0131 Oku&#8230;<\/a><\/p>\n","protected":false},"author":2,"featured_media":26829,"comment_status":"open","ping_status":"open","sticky":false,"template":"","format":"standard","meta":[],"categories":[2,3],"tags":[],"_links":{"self":[{"href":"https:\/\/akdenizolaygazetesi.com\/index.php?rest_route=\/wp\/v2\/posts\/26828"}],"collection":[{"href":"https:\/\/akdenizolaygazetesi.com\/index.php?rest_route=\/wp\/v2\/posts"}],"about":[{"href":"https:\/\/akdenizolaygazetesi.com\/index.php?rest_route=\/wp\/v2\/types\/post"}],"author":[{"embeddable":true,"href":"https:\/\/akdenizolaygazetesi.com\/index.php?rest_route=\/wp\/v2\/users\/2"}],"replies":[{"embeddable":true,"href":"https:\/\/akdenizolaygazetesi.com\/index.php?rest_route=%2Fwp%2Fv2%2Fcomments&post=26828"}],"version-history":[{"count":1,"href":"https:\/\/akdenizolaygazetesi.com\/index.php?rest_route=\/wp\/v2\/posts\/26828\/revisions"}],"predecessor-version":[{"id":26830,"href":"https:\/\/akdenizolaygazetesi.com\/index.php?rest_route=\/wp\/v2\/posts\/26828\/revisions\/26830"}],"wp:featuredmedia":[{"embeddable":true,"href":"https:\/\/akdenizolaygazetesi.com\/index.php?rest_route=\/wp\/v2\/media\/26829"}],"wp:attachment":[{"href":"https:\/\/akdenizolaygazetesi.com\/index.php?rest_route=%2Fwp%2Fv2%2Fmedia&parent=26828"}],"wp:term":[{"taxonomy":"category","embeddable":true,"href":"https:\/\/akdenizolaygazetesi.com\/index.php?rest_route=%2Fwp%2Fv2%2Fcategories&post=26828"},{"taxonomy":"post_tag","embeddable":true,"href":"https:\/\/akdenizolaygazetesi.com\/index.php?rest_route=%2Fwp%2Fv2%2Ftags&post=26828"}],"curies":[{"name":"wp","href":"https:\/\/api.w.org\/{rel}","templated":true}]}}