{"id":26839,"date":"2023-07-19T12:58:15","date_gmt":"2023-07-19T09:58:15","guid":{"rendered":"http:\/\/akdenizolaygazetesi.com\/?p=26839"},"modified":"2023-07-19T12:58:15","modified_gmt":"2023-07-19T09:58:15","slug":"baskan-secer-kibrisin-bizim-gonlumuzde-aklimizda-farkli-bir-yeri-var","status":"publish","type":"post","link":"https:\/\/akdenizolaygazetesi.com\/?p=26839","title":{"rendered":"BA\u015eKAN SE\u00c7ER: &#8220;KIBRIS&#8217;IN B\u0130Z\u0130M G\u00d6NL\u00dcM\u00dcZDE, AKLIMIZDA FARKLI B\u0130R YER\u0130 VAR&#8221;"},"content":{"rendered":"<p>Kuzey K\u0131br\u0131s T\u00fcrk Cumhuriyeti (KKTC) Mersin Ba\u015fkonsolosu Zalihe Mendeli ve beraberindeki heyet, 20 Temmuz 1974 K\u0131br\u0131s Bar\u0131\u015f Harek\u00e2t\u0131&#8217;n\u0131n 49. y\u0131ld\u00f6n\u00fcm\u00fc dolay\u0131s\u0131yla Mersin B\u00fcy\u00fck\u015fehir Belediye Ba\u015fkan\u0131 Vahap Se\u00e7er&#8217;i ziyaret etti.<\/p>\n<p>Ziyarette ayr\u0131ca; Muavin Konsolos Serdar Tayan\u00e7l\u0131, KKTC Mersin Ba\u015fkonsoloslu\u011fu Turizm Koordinat\u00f6r\u00fc Kaz\u0131m T\u00fcrkan, T\u00fcrk Mukavemet Te\u015fkilat\u0131 (TMT) M\u00fccahitler Derne\u011fi Temsilcisi Ali Bozda\u011fl\u0131, K\u0131br\u0131s T\u00fcrk K\u00fclt\u00fcr Derne\u011fi Mersin \u015eube Ba\u015fkan\u0131 Bilge Tatver, Muharip Gaziler Derne\u011fi Mersin \u015eubesi Ba\u015fkan\u0131 Kemal C\u0131nd\u0131z, T\u00fcrkiye Harp Malul\u00fc Gaziler-\u015eehit Dul ve Yetimler Derne\u011fi Mersin \u015eube Ba\u015fkan\u0131 Fatih Tuncer yer ald\u0131.<\/p>\n<p>Se\u00e7er: &#8220;K\u0131br\u0131s&#8217;\u0131n bizim g\u00f6nl\u00fcm\u00fczde, akl\u0131m\u0131zda farkl\u0131 bir yeri var&#8221;<\/p>\n<p>Mersin B\u00fcy\u00fck\u015fehir Belediye Ba\u015fkan\u0131 Vahap Se\u00e7er, ziyarette yapt\u0131\u011f\u0131 konu\u015fmas\u0131nda, K\u0131br\u0131s Bar\u0131\u015f Harekat\u0131&#8217;n\u0131n 49. Y\u0131l d\u00f6n\u00fcm\u00fcnde KKTC Mersin Ba\u015fkonsolosu Mendeli ile birlikte beraberindeki heyeti a\u011f\u0131rlamaktan dolay\u0131 duydu\u011fu mutlulu\u011fu ifade etti. Ba\u015fkan Se\u00e7er, &#8220;K\u0131br\u0131s&#8217;\u0131n, Yavru Vatan\u0131m\u0131z\u0131n bizim g\u00f6nl\u00fcm\u00fczde, akl\u0131m\u0131zda farkl\u0131 bir yeri var. 1974 y\u0131l\u0131nda art\u0131k adada katliamlar\u0131n, sald\u0131r\u0131lar\u0131n yo\u011funla\u015ft\u0131\u011f\u0131 ve tahamm\u00fcl edilemez boyutlara geldi\u011fi o d\u00f6nemde ben \u00e7ocuk ya\u015flardayd\u0131m ve K\u0131br\u0131s&#8217;\u0131n b\u00f6lgemize co\u011frafya olarak \u00e7ok yak\u0131n olmas\u0131ndan dolay\u0131 da \u00e7ok derinden hissedilen, etkilenilen bir b\u00f6lgede ya\u015f\u0131yordum. Burada Mersin&#8217;in Tarsus il\u00e7esinde ya\u015f\u0131yordum. O d\u00f6nemleri, Bar\u0131\u015f Harekat\u0131&#8217;na kat\u0131lacak askerlerin istasyondan geli\u015fini, buradan deniz yoluyla, gemilerle K\u0131br\u0131s&#8217;a gidi\u015fini, karartma gecelerini hep an\u0131ms\u0131yorum. Belle\u011fimde \u00e7ok yer etmi\u015ftir. O trende limana yolculuk eden askerlere ta\u015f\u0131d\u0131\u011f\u0131m\u0131z ve annemizin bize haz\u0131rlay\u0131p verdi\u011fi sular\u0131, yiyecekleri bug\u00fcn gibi hat\u0131rl\u0131yorum&#8221; dedi. Se\u00e7er, T\u00fcrk Milleti&#8217;nin vatan\u0131n\u0131, bayra\u011f\u0131n\u0131 seven, birbirine ve askerine sahip \u00e7\u0131kan, kilometre olarak uzakta da olsa soyda\u015flar\u0131na her zaman kucak a\u00e7an, yard\u0131m elini uzatan ve koruyan bir hissiyata sahip bir millet oldu\u011funu vurgulad\u0131 ve K\u0131br\u0131s Bar\u0131\u015f Harek\u00e2t\u0131 zaman\u0131nda da bu \u015fekilde oldu\u011funu dile getirdi.<\/p>\n<p>&#8220;M\u00fczakerelerde kar\u015f\u0131l\u0131kl\u0131 anlay\u0131\u015f, ama hakkaniyet son derece \u00f6nemli&#8221;<\/p>\n<p>K\u0131br\u0131s sorununun da 2 taraf\u0131n da neticelendiremedi\u011fi bir sorun yuma\u011f\u0131 olarak devam etti\u011fini s\u00f6zlerine ekleyen Se\u00e7er, &#8220;Elbette oradaki \u00e7\u00f6z\u00fcm\u00fcn her 2 ulusun da kar\u015f\u0131l\u0131kl\u0131 memnun olabilece\u011fi; hem refah\u0131n payla\u015f\u0131m\u0131 hem y\u00f6netimin payla\u015f\u0131m\u0131 a\u00e7\u0131s\u0131ndan, adan\u0131n sa\u011flad\u0131\u011f\u0131 imkanlar\u0131n her birine e\u015fit olarak da\u011f\u0131lmas\u0131 a\u00e7\u0131s\u0131ndan, yani e\u015fit K\u0131br\u0131s yurtta\u015f\u0131 olma iradesinin ortaya konaca\u011f\u0131 bir \u00e7\u00f6z\u00fcm aray\u0131\u015f\u0131 hala s\u00fcr\u00fcyor. Umut ederim sonu\u00e7lan\u0131r. Bu tip m\u00fczakerelerde mutlaka kar\u015f\u0131l\u0131kl\u0131 anlay\u0131\u015f, ama hakkaniyet son derece \u00f6nemli. Masan\u0131n her 2 taraf\u0131nda olan temsilcilerin de bu temel ilkeler \u00e7er\u00e7evesinde g\u00f6r\u00fc\u015fmeleri, m\u00fczakereleri bundan sonraki kalan s\u00fcre\u00e7te sonu\u00e7land\u0131rmalar\u0131n\u0131 arzu ederiz&#8221; diye konu\u015ftu.<\/p>\n<p>&#8220;Yavru vatan\u0131m\u0131zla ili\u015fkilerimiz de son derece iyidir&#8221;<\/p>\n<p>Ba\u015fkan Se\u00e7er, K\u0131br\u0131s&#8217;\u0131n Mersin&#8217;e b\u00f6lge olarak yak\u0131nl\u0131\u011f\u0131ndan da bahsederek, &#8220;Yavru vatan\u0131m\u0131zla ili\u015fkilerimiz de son derece iyidir. Say\u0131n Cumhurba\u015fkan\u0131 da m\u00fcteakip defalar buraya geldi. Umut ediyorum, \u00f6zellikle tabi ki 1975 y\u0131l\u0131ndan bu yana da varl\u0131\u011f\u0131n\u0131 s\u00fcrd\u00fcren Kuzey K\u0131br\u0131s T\u00fcrk Cumhuriyeti&#8217;nin varl\u0131\u011f\u0131n\u0131n ilelebet s\u00fcrd\u00fcr\u00fclmesi, daha da tahkim olmas\u0131, uluslararas\u0131 camiada kabul g\u00f6rmesi, d\u00fcnyaya a\u00e7\u0131labilmesi, bu anlamda da hakl\u0131 m\u00fccadeleye hepimiz, bizler de katk\u0131 verece\u011fiz. Umut ediyorum bundan sonraki s\u00fcre\u00e7te K\u0131br\u0131s&#8217;ta \u00e7ok daha g\u00fczel, hepimizin ho\u015funa gidecek sonu\u00e7lar\u0131 g\u00f6r\u00fcr\u00fcz&#8221; ifadelerine yer verdi.<\/p>\n<p>Mendeli: &#8220;Bundan tam 49 y\u0131l \u00f6nce K\u0131br\u0131s T\u00fcrk halk\u0131 Bar\u0131\u015f Harekat\u0131&#8217;yla ayd\u0131nl\u0131\u011fa ve \u00f6zg\u00fcrl\u00fc\u011f\u00fcne kavu\u015ftu&#8221;<\/p>\n<p>KKTC Mersin Ba\u015fkonsolosu Zalihe Mendeli, heyet ile birlikte Ba\u015fkan Se\u00e7er&#8217;i ziyaret ettiklerini ifade ederek, &#8220;Sizleri Bar\u0131\u015f Harekat\u0131&#8217;n\u0131n mimarlar\u0131yla ziyaret ediyor olmaktan b\u00fcy\u00fck mutluluk ve onur duyuyoruz. Bizlere vakit ay\u0131rd\u0131\u011f\u0131n\u0131z i\u00e7in \u00e7ok te\u015fekk\u00fcr ediyorum. Bundan tam 49 y\u0131l \u00f6nce K\u0131br\u0131s T\u00fcrk halk\u0131 Bar\u0131\u015f Harekat\u0131&#8217;yla ayd\u0131nl\u0131\u011fa ve \u00f6zg\u00fcrl\u00fc\u011f\u00fcne kavu\u015ftu. Elbette ki bunda liderlerimiz var, onlar\u0131 y\u00e2d etmeden, \u00f6zg\u00fcrl\u00fck liderimiz Doktor Faz\u0131l K\u00fc\u00e7\u00fck, Kurucu Cumhurba\u015fkan\u0131m\u0131z Rauf Denkta\u015f ve d\u00f6nemin T\u00fcrkiye Cumhuriyet Ba\u015fbakan\u0131 B\u00fclent Ecevit ile kabine \u00fcyelerini ve vatan\u0131m\u0131z i\u00e7in canlar\u0131n\u0131 veren t\u00fcm \u015fehitlerimiz bu vesileyle sayg\u0131 ve rahmetle anmak istiyorum&#8221; dedi.<\/p>\n<p>&#8220;Arkam\u0131zda Anavatan T\u00fcrkiye oldu\u011fu s\u00fcrece, \u00fclkemiz ve Mavi Vatan emin ellerdedir&#8221;<\/p>\n<p>Bug\u00fcn K\u0131br\u0131s&#8217;ta b\u00fcy\u00fck m\u00fccadeleler sonras\u0131nda huzur ve g\u00fcven i\u00e7erisinde ya\u015fayabilmelerini K\u0131br\u0131s Bar\u0131\u015f Harekat\u0131&#8217;na bor\u00e7lu olduklar\u0131n\u0131 da vurgulayan Mendeli, &#8220;Bug\u00fcn adada tek eksik kalan \u015fey \u00e7\u00f6z\u00fcmd\u00fcr. Onun da nedeni asl\u0131nda t\u00fcm d\u00fcnyan\u0131n bildi\u011fi, fakat g\u00f6rmezden geldi\u011fi Rum-Yunan ikilisidir. Ancak K\u0131br\u0131s T\u00fcrk halk\u0131n\u0131n daha fazla tahamm\u00fcl\u00fc kalmad\u0131. Y\u0131llard\u0131r federasyon tezi alt\u0131nda bizlerin zaman\u0131n\u0131 \u00e7ald\u0131lar. Ancak bug\u00fcn bakt\u0131\u011f\u0131m\u0131z zaman federasyonun y\u00fcr\u00fcmemesine, federasyonun temelinde taraflar\u0131n birbirlerine ihtiya\u00e7 ve g\u00fcven duymalar\u0131 gerekir. Y\u00f6netimi ve zenginli\u011fi payla\u015fmalar\u0131 gerekir. Ancak bunlar\u0131n hi\u00e7birisi \u015fu anda adada yoktur. Bu ba\u011flamda da yar\u0131m as\u0131rdan fazlad\u0131r m\u00fczakereler ba\u015far\u0131s\u0131zl\u0131kla sonu\u00e7lanm\u0131\u015ft\u0131r. \u00c7\u00f6z\u00fcm olur ya da olmaz, bizler d\u00fcn oldu\u011fu gibi bug\u00fcn de Anavatan T\u00fcrkiye ile omuz omuza m\u00fccadelemizi s\u00fcrd\u00fcrmeye devam edece\u011fiz. Arkam\u0131zda Anavatan T\u00fcrkiye oldu\u011fu s\u00fcrece, \u00fclkemiz ve Mavi Vatan emin ellerdedir. Bunu da buradan bir kez daha onur g\u00fcn\u00fcm\u00fczde vurgulamak istiyorum&#8221; diye konu\u015ftu.<\/p>\n","protected":false},"excerpt":{"rendered":"<p>Kuzey K\u0131br\u0131s T\u00fcrk Cumhuriyeti (KKTC) Mersin Ba\u015fkonsolosu Zalihe Mendeli ve beraberindeki heyet, 20 Temmuz 1974 K\u0131br\u0131s Bar\u0131\u015f Harek\u00e2t\u0131&#8217;n\u0131n 49. y\u0131ld\u00f6n\u00fcm\u00fc dolay\u0131s\u0131yla Mersin B\u00fcy\u00fck\u015fehir Belediye Ba\u015fkan\u0131 Vahap Se\u00e7er&#8217;i ziyaret etti. Ziyarette &hellip; <a href=\"https:\/\/akdenizolaygazetesi.com\/?p=26839\" class=\"more-link\">Devam\u0131n\u0131 Oku&#8230;<\/a><\/p>\n","protected":false},"author":2,"featured_media":26840,"comment_status":"open","ping_status":"open","sticky":false,"template":"","format":"standard","meta":[],"categories":[7,3],"tags":[],"_links":{"self":[{"href":"https:\/\/akdenizolaygazetesi.com\/index.php?rest_route=\/wp\/v2\/posts\/26839"}],"collection":[{"href":"https:\/\/akdenizolaygazetesi.com\/index.php?rest_route=\/wp\/v2\/posts"}],"about":[{"href":"https:\/\/akdenizolaygazetesi.com\/index.php?rest_route=\/wp\/v2\/types\/post"}],"author":[{"embeddable":true,"href":"https:\/\/akdenizolaygazetesi.com\/index.php?rest_route=\/wp\/v2\/users\/2"}],"replies":[{"embeddable":true,"href":"https:\/\/akdenizolaygazetesi.com\/index.php?rest_route=%2Fwp%2Fv2%2Fcomments&post=26839"}],"version-history":[{"count":1,"href":"https:\/\/akdenizolaygazetesi.com\/index.php?rest_route=\/wp\/v2\/posts\/26839\/revisions"}],"predecessor-version":[{"id":26841,"href":"https:\/\/akdenizolaygazetesi.com\/index.php?rest_route=\/wp\/v2\/posts\/26839\/revisions\/26841"}],"wp:featuredmedia":[{"embeddable":true,"href":"https:\/\/akdenizolaygazetesi.com\/index.php?rest_route=\/wp\/v2\/media\/26840"}],"wp:attachment":[{"href":"https:\/\/akdenizolaygazetesi.com\/index.php?rest_route=%2Fwp%2Fv2%2Fmedia&parent=26839"}],"wp:term":[{"taxonomy":"category","embeddable":true,"href":"https:\/\/akdenizolaygazetesi.com\/index.php?rest_route=%2Fwp%2Fv2%2Fcategories&post=26839"},{"taxonomy":"post_tag","embeddable":true,"href":"https:\/\/akdenizolaygazetesi.com\/index.php?rest_route=%2Fwp%2Fv2%2Ftags&post=26839"}],"curies":[{"name":"wp","href":"https:\/\/api.w.org\/{rel}","templated":true}]}}