{"id":2685,"date":"2020-11-04T18:23:11","date_gmt":"2020-11-04T15:23:11","guid":{"rendered":"http:\/\/mersinekonomipolitikagazetesi.com\/?p=2685"},"modified":"2020-11-04T18:23:11","modified_gmt":"2020-11-04T15:23:11","slug":"yenisehir-belediyesi-ataturk-kultur-merkezinde-kurslar-basliyor","status":"publish","type":"post","link":"https:\/\/akdenizolaygazetesi.com\/?p=2685","title":{"rendered":"YEN\u0130\u015eEH\u0130R BELED\u0130YES\u0130 ATAT\u00dcRK K\u00dcLT\u00dcR MERKEZ\u0130NDE KURSLAR BA\u015eLIYOR"},"content":{"rendered":"<p>Yeni\u015fehir Belediyesi Atat\u00fcrk K\u00fclt\u00fcr Merkezi&#8217;nde Yeni\u015fehir Belediyesi\u2019nce Tiyatro, Yarat\u0131c\u0131 Drama, Zumba, Fitness, Klasik Bale ve Jazz Dans\u0131 kurslar\u0131 ba\u015fl\u0131yor.<\/p>\n<p>Yeni\u015fehir Belediyesi \u00a0Atat\u00fcrk K\u00fclt\u00fcr Merkezindeki kurslar; \u00a0Tiyatro, Yarat\u0131c\u0131 Drama e\u011fitmeni Volkan G\u00dcNER\u0130 , Zumba, Fitness e\u011fitmeni Elif Kaynak, Klasik Bale e\u011fitmeni Nihat Er, Jazz Dans e\u011fitmeni \u0130lknur Canberk taraf\u0131ndan verilecek. \u00a0Kay\u0131tlar Yeni\u015fehir Belediyesi \u00a0Atat\u00fcrk K\u00fclt\u00fcr Merkezinde yap\u0131l\u0131yor.\u00a0<\/p>\n<p>Sanat, insanl\u0131k tarihi kadar eski bir kavram ve insanlar aras\u0131ndaki ileti\u015fimin en temel yap\u0131 ta\u015flar\u0131ndand\u0131r diyen Yeni\u015fehir Belediye Ba\u015fkan\u0131 \u0130brahim Gen\u00e7; k\u00fclt\u00fcr\u00fcm\u00fcz\u00fcn temel unsurlar\u0131ndan olan sanat\u0131n her t\u00fcr\u00fcn\u00fc icra ettirmek, geli\u015ftirmek, yaymak en b\u00fcy\u00fck hedefimizdir. Bu hedefler do\u011frultusunda T\u00fcrkiye\u2019nin en b\u00fcy\u00fck k\u00fclt\u00fcr merkezinden biri olan Yeni\u015fehir Belediyesi Atat\u00fcrk K\u00fclt\u00fcr Merkezi\u2019ni yapt\u0131k. Burada, sanat\u0131n bir\u00e7ok dal\u0131n\u0131 \u00e7ocuklara, gen\u00e7lere, yeti\u015fkinlere sevdirerek \u00f6\u011fretecek uzman ki\u015filer ile birlikte \u00e7al\u0131\u015f\u0131yoruz.\u00a0<br \/>\n\u00a0<br \/>\nKurslara kat\u0131lan gen\u00e7lerimiz ve \u00e7ocuklar\u0131m\u0131z y\u0131l boyunca ald\u0131klar\u0131 e\u011fitimin yan\u0131 s\u0131ra birlikte e\u011flenceli vaki de ge\u00e7irmektedirler. \u00d6\u011frencilerimiz, ald\u0131klar\u0131 e\u011fitimlerin sonunda y\u0131lsonu g\u00f6sterisi de sunacaklar, dedi.<\/p>\n","protected":false},"excerpt":{"rendered":"<p>Yeni\u015fehir Belediyesi Atat\u00fcrk K\u00fclt\u00fcr Merkezi&#8217;nde Yeni\u015fehir Belediyesi\u2019nce Tiyatro, Yarat\u0131c\u0131 Drama, Zumba, Fitness, Klasik Bale ve Jazz Dans\u0131 kurslar\u0131 ba\u015fl\u0131yor. Yeni\u015fehir Belediyesi \u00a0Atat\u00fcrk K\u00fclt\u00fcr Merkezindeki kurslar; \u00a0Tiyatro, Yarat\u0131c\u0131 Drama e\u011fitmeni Volkan &hellip; <a href=\"https:\/\/akdenizolaygazetesi.com\/?p=2685\" class=\"more-link\">Devam\u0131n\u0131 Oku&#8230;<\/a><\/p>\n","protected":false},"author":1,"featured_media":0,"comment_status":"open","ping_status":"open","sticky":false,"template":"","format":"standard","meta":[],"categories":[],"tags":[],"_links":{"self":[{"href":"https:\/\/akdenizolaygazetesi.com\/index.php?rest_route=\/wp\/v2\/posts\/2685"}],"collection":[{"href":"https:\/\/akdenizolaygazetesi.com\/index.php?rest_route=\/wp\/v2\/posts"}],"about":[{"href":"https:\/\/akdenizolaygazetesi.com\/index.php?rest_route=\/wp\/v2\/types\/post"}],"author":[{"embeddable":true,"href":"https:\/\/akdenizolaygazetesi.com\/index.php?rest_route=\/wp\/v2\/users\/1"}],"replies":[{"embeddable":true,"href":"https:\/\/akdenizolaygazetesi.com\/index.php?rest_route=%2Fwp%2Fv2%2Fcomments&post=2685"}],"version-history":[{"count":0,"href":"https:\/\/akdenizolaygazetesi.com\/index.php?rest_route=\/wp\/v2\/posts\/2685\/revisions"}],"wp:attachment":[{"href":"https:\/\/akdenizolaygazetesi.com\/index.php?rest_route=%2Fwp%2Fv2%2Fmedia&parent=2685"}],"wp:term":[{"taxonomy":"category","embeddable":true,"href":"https:\/\/akdenizolaygazetesi.com\/index.php?rest_route=%2Fwp%2Fv2%2Fcategories&post=2685"},{"taxonomy":"post_tag","embeddable":true,"href":"https:\/\/akdenizolaygazetesi.com\/index.php?rest_route=%2Fwp%2Fv2%2Ftags&post=2685"}],"curies":[{"name":"wp","href":"https:\/\/api.w.org\/{rel}","templated":true}]}}