{"id":26851,"date":"2023-07-20T13:06:54","date_gmt":"2023-07-20T10:06:54","guid":{"rendered":"http:\/\/akdenizolaygazetesi.com\/?p=26851"},"modified":"2023-07-20T13:06:54","modified_gmt":"2023-07-20T10:06:54","slug":"mersin-sehir-tiyatrosu-usakta-sahne-aliyor","status":"publish","type":"post","link":"https:\/\/akdenizolaygazetesi.com\/?p=26851","title":{"rendered":"MERS\u0130N \u015eEH\u0130R T\u0130YATROSU U\u015eAK&#8217;TA SAHNE ALIYOR"},"content":{"rendered":"<p>Ba\u015fkan Vahap Se\u00e7er&#8217;in sanata ve sanat\u00e7\u0131ya verdi\u011fi \u00f6nemin en \u00f6nemli g\u00f6stergelerinden birisi olan Mersin \u015eehir Tiyatrosu yeni sezonda da Mersinli sanatseverlerin be\u011fenisini toplamaya haz\u0131rlan\u0131yor.<\/p>\n<p>Ge\u00e7ti\u011fimiz sezonla ilgili de\u011ferlendirmede bulunan Mersin B\u00fcy\u00fck\u015fehir Belediyesi \u015eehir Tiyatrosu Genel Sanat Y\u00f6netmeni H\u00fclya Sava\u015f, Mersin \u015eehir Tiyatrosu&#8217;nun birbirinden yetenekli, dinamik ve enerji dolu oyuncu kadrosuna sahip oldu\u011funu belirterek, &#8220;Bu durum hem Mersinliler hem de benim i\u00e7in \u00e7ok k\u0131ymetli ve umut verici&#8221; dedi.<\/p>\n<p>Ocak ay\u0131nda B\u00fcy\u00fck\u015fehir Belediyesi \u015eehir Tiyatrosu kadrosuna d\u00e2hil olan Sava\u015f, &#8220;6 \u015eubat&#8217;ta \u00e7ok ac\u0131 bir deprem ya\u015fad\u0131k ve depremzedelerin b\u00fcy\u00fck bir k\u0131sm\u0131 Mersin&#8217;e geldi. Dolay\u0131s\u0131yla buna kay\u0131ts\u0131z kalmak m\u00fcmk\u00fcn de\u011fildi. Mersin B\u00fcy\u00fck\u015fehir Belediyesi olarak ba\u015fta oyuncu arkada\u015flar\u0131m\u0131z ve belediyemizin b\u00fct\u00fcn personeli depremzedelere yard\u0131m etmek i\u00e7in t\u00fcm zaman\u0131n\u0131 oraya ay\u0131rd\u0131&#8221; diye konu\u015ftu.<\/p>\n<p>6 \u015eubat depremi sonras\u0131 \u015eehir Tiyatrosu olarak \u00e7al\u0131\u015fmalara ara verdiklerini kaydeden Sava\u015f, &#8220;27 Mart&#8217;tan sonra yaralar\u0131m\u0131z\u0131 sanatla sarmaya devam edelim dedik. 5 May\u0131s&#8217;ta &#8216;Kamyon&#8217; oyunumuz pr\u00f6miyer yapt\u0131. Ard\u0131ndan 18 May\u0131s&#8217;ta &#8216;K\u0131rm\u0131z\u0131 Ba\u015fl\u0131kl\u0131 K\u0131z&#8217; oyunumuz pr\u00f6miyer yapt\u0131. Muzaffer \u0130zg\u00fc&#8217;n\u00fcn \u00e7ok sevilen oyunu &#8216;L\u00fctfen K\u0131z\u0131mla Evlenir misiniz?&#8217; oyununun provalar\u0131na ba\u015fland\u0131 ancak teknik sebeplerden dolay\u0131 \u00e7al\u0131\u015fmalar\u0131m\u0131za ara verdik. Teknik sorunlar\u0131n \u00e7\u00f6z\u00fclmesiyle oyunumuzun provalar\u0131na tekrar ba\u015flad\u0131k&#8221; dedi.<\/p>\n<p>U\u015fak Belediyesi&#8217;nin d\u00fczenlemi\u015f oldu\u011fu 5. Uluslararas\u0131 Tiyatro Festivalinde &#8216;L\u00fctfen K\u0131z\u0131mla Evlenir misiniz?&#8217; adl\u0131 oyunla pr\u00f6miyer yapacaklar\u0131n\u0131 duyuran Sava\u015f, oyunu Mersinlilerle Ekim ay\u0131nda bulu\u015fturacaklar\u0131n\u0131 da ekledi.<\/p>\n<p>&#8220;Tiyatromuz \u015fehrimizin her yerinde devam ediyor&#8221;<\/p>\n<p>Yeni sezonda T\u00fcrk tiyatrosunun efsane isimlerinden Y\u00fccel Erten&#8217;le Aziz Nesin&#8217;in oyunlar\u0131ndan biri olan &#8216;Azizname&#8217;yi tiyatro severlerle bulu\u015fturacaklar\u0131n\u0131 belirten Sava\u015f, &#8220;Kas\u0131m ay\u0131nda ise, T\u00fcrkiye&#8217;nin \u00e7ok de\u011ferli kukla sanat\u00e7\u0131lar\u0131ndan biri olan Haluk Y\u00fcce ile oyunlar\u0131m\u0131za devam edece\u011fiz. Ge\u00e7mi\u015f sezonlarda repertuar oyunlar\u0131m\u0131zdan olan &#8216;Matru\u015fka&#8217;, &#8216;G\u00f6zlerimi Kapar\u0131m Vazifemi Yapar\u0131m&#8217;, &#8216;Buzlar \u00c7\u00f6z\u00fclmeden&#8217;, &#8216;Vah\u015fet Tanr\u0131s\u0131&#8217; oyunlar\u0131m\u0131z devam edecek&#8221; diye konu\u015ftu.<\/p>\n<p>Hem merkezde hem il\u00e7elerde oyunlar\u0131n\u0131 b\u00fct\u00fcn Mersinlilerle bulu\u015fturduklar\u0131n\u0131 s\u00f6yleyen Sava\u015f, &#8220;\u015eehrimizin her noktas\u0131na gidece\u011fiz. Ba\u015fka illere gidip, festivallere kat\u0131laca\u011f\u0131z. Tiyatromuz her yerde devam ediyor&#8221; dedi.<\/p>\n","protected":false},"excerpt":{"rendered":"<p>Ba\u015fkan Vahap Se\u00e7er&#8217;in sanata ve sanat\u00e7\u0131ya verdi\u011fi \u00f6nemin en \u00f6nemli g\u00f6stergelerinden birisi olan Mersin \u015eehir Tiyatrosu yeni sezonda da Mersinli sanatseverlerin be\u011fenisini toplamaya haz\u0131rlan\u0131yor. Ge\u00e7ti\u011fimiz sezonla ilgili de\u011ferlendirmede bulunan Mersin &hellip; <a href=\"https:\/\/akdenizolaygazetesi.com\/?p=26851\" class=\"more-link\">Devam\u0131n\u0131 Oku&#8230;<\/a><\/p>\n","protected":false},"author":2,"featured_media":26852,"comment_status":"open","ping_status":"open","sticky":false,"template":"","format":"standard","meta":[],"categories":[3],"tags":[],"_links":{"self":[{"href":"https:\/\/akdenizolaygazetesi.com\/index.php?rest_route=\/wp\/v2\/posts\/26851"}],"collection":[{"href":"https:\/\/akdenizolaygazetesi.com\/index.php?rest_route=\/wp\/v2\/posts"}],"about":[{"href":"https:\/\/akdenizolaygazetesi.com\/index.php?rest_route=\/wp\/v2\/types\/post"}],"author":[{"embeddable":true,"href":"https:\/\/akdenizolaygazetesi.com\/index.php?rest_route=\/wp\/v2\/users\/2"}],"replies":[{"embeddable":true,"href":"https:\/\/akdenizolaygazetesi.com\/index.php?rest_route=%2Fwp%2Fv2%2Fcomments&post=26851"}],"version-history":[{"count":1,"href":"https:\/\/akdenizolaygazetesi.com\/index.php?rest_route=\/wp\/v2\/posts\/26851\/revisions"}],"predecessor-version":[{"id":26853,"href":"https:\/\/akdenizolaygazetesi.com\/index.php?rest_route=\/wp\/v2\/posts\/26851\/revisions\/26853"}],"wp:featuredmedia":[{"embeddable":true,"href":"https:\/\/akdenizolaygazetesi.com\/index.php?rest_route=\/wp\/v2\/media\/26852"}],"wp:attachment":[{"href":"https:\/\/akdenizolaygazetesi.com\/index.php?rest_route=%2Fwp%2Fv2%2Fmedia&parent=26851"}],"wp:term":[{"taxonomy":"category","embeddable":true,"href":"https:\/\/akdenizolaygazetesi.com\/index.php?rest_route=%2Fwp%2Fv2%2Fcategories&post=26851"},{"taxonomy":"post_tag","embeddable":true,"href":"https:\/\/akdenizolaygazetesi.com\/index.php?rest_route=%2Fwp%2Fv2%2Ftags&post=26851"}],"curies":[{"name":"wp","href":"https:\/\/api.w.org\/{rel}","templated":true}]}}