{"id":26870,"date":"2023-07-21T13:37:19","date_gmt":"2023-07-21T10:37:19","guid":{"rendered":"http:\/\/akdenizolaygazetesi.com\/?p=26870"},"modified":"2023-07-21T13:37:19","modified_gmt":"2023-07-21T10:37:19","slug":"baskan-secer-turkiye-olarak-her-zaman-kibrisli-turklerin-yaninda-olacagiz","status":"publish","type":"post","link":"https:\/\/akdenizolaygazetesi.com\/?p=26870","title":{"rendered":"BA\u015eKAN SE\u00c7ER: &#8220;T\u00dcRK\u0130YE OLARAK HER ZAMAN KIBRISLI T\u00dcRKLER\u0130N YANINDA OLACA\u011eIZ&#8221;"},"content":{"rendered":"<p>Mersin B\u00fcy\u00fck\u015fehir Belediye Ba\u015fkan\u0131 Vahap Se\u00e7er, &#8217;20 Temmuz K\u0131br\u0131s Bar\u0131\u015f Harek\u00e2t\u0131&#8217;n\u0131n 49. Y\u0131l D\u00f6n\u00fcm\u00fc&#8217; ile &#8217;20 Temmuz Bar\u0131\u015f ve \u00d6zg\u00fcrl\u00fck Bayram\u0131&#8217; dolay\u0131s\u0131yla, Kuzey K\u0131br\u0131s T\u00fcrk Cumhuriyeti Mersin Ba\u015fkonsoloslu\u011fu&#8217;nun kutlama program\u0131 kapsam\u0131nda Mersin B\u00fcy\u00fck\u015fehir Belediyesi taraf\u0131ndan \u015fehit aileleri, gaziler ve gazi aileleri onuruna d\u00fczenlenen yeme\u011fe kat\u0131ld\u0131.<\/p>\n<p>Mersin Suphi \u00d6ner \u00d6\u011fretmenevi&#8217;nde d\u00fczenlenen programa; Mersin Valisi Ali Hamza Pehlivan ve e\u015fi Y\u0131ld\u0131z Pehlivan, Akdeniz B\u00f6lge ve Garnizon Komutan\u0131 Tu\u011famiral Fuat Gedik ve e\u015fi Oya Gedik, Mersin B\u00fcy\u00fck\u015fehir Belediye Ba\u015fkan\u0131 Vahap Se\u00e7er, Kuzey K\u0131br\u0131s T\u00fcrk Cumhuriyeti (KKTC) Mersin Ba\u015fkonsolosu Zalihe Mendeli ve e\u015fi Salih Mendeli, Cumhuriyet Halk Partisi (CHP) Mersin Milletvekilleri G\u00fclcan K\u0131\u015f ile Talat Din\u00e7er, Meclis \u00fcyeleri, kent protokol\u00fc, Mersin B\u00fcy\u00fck\u015fehir Belediyesi b\u00fcrokratlar\u0131 ve daire ba\u015fkanlar\u0131, \u015fehit aileleri, gaziler ve gazi aileleri kat\u0131l\u0131m sa\u011flad\u0131.<\/p>\n<p>Se\u00e7er: &#8220;K\u0131br\u0131s bizim i\u00e7in yavru vatan&#8221;<\/p>\n<p>Kur-an&#8217;\u0131 Kerim tilavetinin ard\u0131ndan ger\u00e7ekle\u015ftirilen konu\u015fmalarda k\u00fcrs\u00fcye gelen Mersin B\u00fcy\u00fck\u015fehir Belediye Ba\u015fkan\u0131 Vahap Se\u00e7er, K\u0131br\u0131s Bar\u0131\u015f Harek\u00e2t\u0131&#8217;n\u0131n 49. y\u0131l d\u00f6n\u00fcm\u00fcn\u00fc kutlayarak, &#8221; &#8216;Bug\u00fcn adaya sava\u015f i\u00e7in de\u011fil, bar\u0131\u015f i\u00e7in gidiyoruz. Sadece K\u0131br\u0131sl\u0131 T\u00fcrkler i\u00e7in de\u011fil, K\u0131br\u0131sl\u0131 Rumlar i\u00e7in de bar\u0131\u015f\u0131 getirmek istiyoruz&#8217; diyerek Ay\u015fe&#8217;yi tatile \u00e7\u0131karan rahmete ermi\u015f, T\u00fcrkiye Cumhuriyeti&#8217;nin Ba\u015fbakan\u0131 B\u00fclent Ecevit&#8217;in ve onun kabinesinde yer alan sayg\u0131de\u011fer bakanlar\u0131n karar\u0131yla K\u0131br\u0131s&#8217;a yavru vatana soyda\u015flar\u0131m\u0131za, bar\u0131\u015f\u0131, huzuru, refah\u0131 g\u00f6t\u00fcrd\u00fc\u011f\u00fcm\u00fcz y\u0131l d\u00f6n\u00fcm\u00fc hepimize kutlu olsun. K\u0131br\u0131s bizim i\u00e7in yavru vatan. Soyda\u015flar\u0131m\u0131z, karde\u015flerimiz. Elbette ki orada ya\u015fayan Rumlar\u0131n Yunanistan&#8217;\u0131 varsa, \u0130ngiltere&#8217;si varsa K\u0131br\u0131s&#8217;ta ya\u015fayan T\u00fcrklerin de T\u00fcrkiye&#8217;si var, anavatan\u0131 var, bizler var\u0131z. K\u0131br\u0131sl\u0131 T\u00fcrkleri bizden ayr\u0131 tutmay\u0131z. Onlar her zaman kalbimizde, akl\u0131m\u0131zda, fikrimizde, d\u00fcnyam\u0131zda&#8221; dedi.<\/p>\n<p>&#8220;49 y\u0131l sonra bug\u00fcn adada dile\u011fimiz kal\u0131c\u0131 bar\u0131\u015f\u0131n sa\u011flanmas\u0131&#8221;<\/p>\n<p>Konu\u015fmas\u0131nda adada kal\u0131c\u0131 bar\u0131\u015f\u0131n sa\u011flanmas\u0131 dile\u011fini dile getiren Ba\u015fkan Se\u00e7er, iki toplumlu, e\u015fit haklara sahip bir \u00e7\u00f6z\u00fcme ula\u015f\u0131lmas\u0131 gerekti\u011fini belirterek, &#8220;Ancak tabii ki bu meselenin bir mazisi var. 20 Temmuz 1974&#8217;te T\u00fcrk Silahl\u0131 Kuvvetleri&#8217;nin adaya gitme nedeni o g\u00fcn\u00fcn aniden ortaya \u00e7\u0131kan sebepleri de\u011fildi, geriden gelen sebepler. Bir zorunlu m\u00fcdahaleydi, bir zorunlu gidi\u015fti ama iyi ki olmu\u015f. Bug\u00fcn adada bar\u0131\u015f, huzur, \u00f6zellikle T\u00fcrk b\u00f6lgesinde g\u00fcven hissettiriyorsa bar\u0131\u015f harekat\u0131n\u0131n sonu\u00e7lar\u0131d\u0131r&#8221; diye konu\u015ftu.<\/p>\n<p>&#8220;T\u00fcrkiye olarak her zaman K\u0131br\u0131sl\u0131 T\u00fcrklerin yan\u0131nda olaca\u011f\u0131z&#8221;<\/p>\n<p>Ba\u015fkan Se\u00e7er, her zaman K\u0131br\u0131sl\u0131 T\u00fcrklerin yan\u0131nda olacaklar\u0131n\u0131 ifade ederek, &#8220;Bundan sonraki dile\u011fim \u00f6zellikle Kuzey K\u0131br\u0131s T\u00fcrk Cumhuriyeti&#8217;nin uluslararas\u0131 arenada uluslararas\u0131 toplumda tan\u0131nmas\u0131, orada T\u00fcrk toplumunun bir devletinin olmas\u0131, kendi ayaklar\u0131n\u0131n \u00fczerinde duracak kudrette olan bu toplumun uluslararas\u0131 ili\u015fkilerinin geli\u015ftirilmesi ve her ge\u00e7en g\u00fcn daha g\u00fc\u00e7l\u00fc, daha m\u00fcreffeh bir \u00fclke haline gelmesidir. Elbette ki T\u00fcrkiye olarak her zaman K\u0131br\u0131sl\u0131 T\u00fcrklerin yan\u0131nda olaca\u011f\u0131z&#8221; ifadelerine yer verdi. <\/p>\n<p>Vali Pehlivan: &#8220;KKTC&#8217;nin uluslararas\u0131 arenada kendini daha \u00e7ok kabul ettirmi\u015f oldu\u011fu g\u00fcnleri hep beraber g\u00f6rece\u011fiz&#8221;<\/p>\n<p>Mersin Valisi Ali Hamza Pehlivan, yapt\u0131\u011f\u0131 konu\u015fmada, &#8220;Kuzey K\u0131br\u0131s T\u00fcrk Cumhuriyetimizin bar\u0131\u015f ve \u00f6zg\u00fcrl\u00fck g\u00fcn\u00fcn\u00fc kutluyorum&#8221; dedi. KKTC&#8217;nin \u00f6zg\u00fcrl\u00fck tarihi hakk\u0131nda da bilgi vererek uluslararas\u0131 arenada tan\u0131nmas\u0131n\u0131 temenni eden Vali Pehlivan, &#8220;Kuzey K\u0131br\u0131s T\u00fcrk Cumhuriyeti&#8217;ni belki d\u00fcnya tan\u0131m\u0131yor ama T\u00fcrkiye Cumhuriyetimiz tan\u0131yor. Diplomatik ili\u015fkileri ve karde\u015flik hukukunu devam ettiriyor, devam ettirecek. Bu vesileyle her zaman kalbimizde, zihnimizde var olan aziz \u015fehitlerimizi rahmetle, minnetle, \u015f\u00fckranla yad ediyorum. Gazi Mustafa Kemal Atat\u00fcrk ve ebediyete intikal etmi\u015f b\u00fct\u00fcn gazilerimizi yine rahmetle, \u015f\u00fckranla; hayatta olan gazilerimizi de sa\u011fl\u0131k, afiyet dilekleriyle yad ediyorum. \u00d6n\u00fcm\u00fczdeki g\u00fcnlerde Kuzey K\u0131br\u0131s T\u00fcrk Cumhuriyeti&#8217;nin uluslararas\u0131 arenada kendini daha \u00e7ok kabul ettirmi\u015f oldu\u011fu g\u00fcnleri de hep beraber g\u00f6rece\u011fiz. \u015eehitlerimizi, gazilerimizin manevi hat\u0131ralar\u0131n\u0131 hep birlikte ya\u015fataca\u011f\u0131z diyorum. Bug\u00fcn organize eden de\u011ferli B\u00fcy\u00fck\u015fehir Belediye Ba\u015fkan\u0131m\u0131za ve ekibine de ayr\u0131ca te\u015fekk\u00fcr ediyoruz&#8221; diye konu\u015ftu.<\/p>\n<p>Konsolos Mendeli: &#8220;Bizler T\u00fcrk milletin evlatlar\u0131 olarak Anavatan T\u00fcrkiye&#8217;ye y\u00fcrekten ba\u011fl\u0131y\u0131z&#8221;<\/p>\n<p>KKTC Mersin Ba\u015fkonsolosu Zalihe Mendeli ise konu\u015fmas\u0131nda, K\u0131br\u0131s T\u00fcrk halk\u0131n\u0131n huzur ve g\u00fcven i\u00e7erisinde ya\u015famas\u0131n\u0131 hi\u00e7 teredd\u00fct etmeden can\u0131n\u0131 ortaya koyan \u015fehitlere ve kahramanlara bor\u00e7lu oldu\u011funu s\u00f6yledi.<\/p>\n<p>Rum kesimi ile m\u00fczakere masas\u0131na d\u00f6nmenin yolunun KKTC&#8217;nin tan\u0131nmas\u0131ndan ge\u00e7ti\u011fini ifade eden Mendeli &#8220;\u00dclkemiz uluslararas\u0131 toplum taraf\u0131ndan maruz b\u0131rak\u0131lan haks\u0131z bir izolasyonlara ra\u011fmen Anavatan T\u00fcrkiye&#8217;nin deste\u011fiyle her ge\u00e7en g\u00fcn kalk\u0131narak g\u00fc\u00e7lenecektir&#8221; dedi.<\/p>\n<p>K\u0131br\u0131s T\u00fcrklerinin Anavatan T\u00fcrkiye&#8217;ye y\u00fcrekten ba\u011fl\u0131 oldu\u011funu da s\u00f6zlerine ekleyen Mendeli &#8220;Herkesin \u015funu \u00e7ok iyi bilmesi gerekiyor, bizler T\u00fcrk milletin evlatlar\u0131 olarak Anavatan T\u00fcrkiye&#8217;ye y\u00fcrekten ba\u011fl\u0131y\u0131z. Anavatan\u0131m\u0131zla etle t\u0131rnak gibiyiz. Aram\u0131zda bir tek hukuk vard\u0131r; o da karde\u015flik hukukudur. K\u0131br\u0131s T\u00fcrk halk\u0131n\u0131n arkas\u0131nda d\u00fcnya devi T\u00fcrkiye oldu\u011fu s\u00fcrece \u00fclkemiz ve mavi vatan emin ellerdedir. Bundan hi\u00e7 kimsenin \u015f\u00fcphesi olmas\u0131n&#8221; ifadelerini kulland\u0131.<\/p>\n","protected":false},"excerpt":{"rendered":"<p>Mersin B\u00fcy\u00fck\u015fehir Belediye Ba\u015fkan\u0131 Vahap Se\u00e7er, &#8217;20 Temmuz K\u0131br\u0131s Bar\u0131\u015f Harek\u00e2t\u0131&#8217;n\u0131n 49. Y\u0131l D\u00f6n\u00fcm\u00fc&#8217; ile &#8217;20 Temmuz Bar\u0131\u015f ve \u00d6zg\u00fcrl\u00fck Bayram\u0131&#8217; dolay\u0131s\u0131yla, Kuzey K\u0131br\u0131s T\u00fcrk Cumhuriyeti Mersin Ba\u015fkonsoloslu\u011fu&#8217;nun kutlama program\u0131 &hellip; <a href=\"https:\/\/akdenizolaygazetesi.com\/?p=26870\" class=\"more-link\">Devam\u0131n\u0131 Oku&#8230;<\/a><\/p>\n","protected":false},"author":2,"featured_media":26871,"comment_status":"open","ping_status":"open","sticky":false,"template":"","format":"standard","meta":[],"categories":[2,3],"tags":[],"_links":{"self":[{"href":"https:\/\/akdenizolaygazetesi.com\/index.php?rest_route=\/wp\/v2\/posts\/26870"}],"collection":[{"href":"https:\/\/akdenizolaygazetesi.com\/index.php?rest_route=\/wp\/v2\/posts"}],"about":[{"href":"https:\/\/akdenizolaygazetesi.com\/index.php?rest_route=\/wp\/v2\/types\/post"}],"author":[{"embeddable":true,"href":"https:\/\/akdenizolaygazetesi.com\/index.php?rest_route=\/wp\/v2\/users\/2"}],"replies":[{"embeddable":true,"href":"https:\/\/akdenizolaygazetesi.com\/index.php?rest_route=%2Fwp%2Fv2%2Fcomments&post=26870"}],"version-history":[{"count":1,"href":"https:\/\/akdenizolaygazetesi.com\/index.php?rest_route=\/wp\/v2\/posts\/26870\/revisions"}],"predecessor-version":[{"id":26872,"href":"https:\/\/akdenizolaygazetesi.com\/index.php?rest_route=\/wp\/v2\/posts\/26870\/revisions\/26872"}],"wp:featuredmedia":[{"embeddable":true,"href":"https:\/\/akdenizolaygazetesi.com\/index.php?rest_route=\/wp\/v2\/media\/26871"}],"wp:attachment":[{"href":"https:\/\/akdenizolaygazetesi.com\/index.php?rest_route=%2Fwp%2Fv2%2Fmedia&parent=26870"}],"wp:term":[{"taxonomy":"category","embeddable":true,"href":"https:\/\/akdenizolaygazetesi.com\/index.php?rest_route=%2Fwp%2Fv2%2Fcategories&post=26870"},{"taxonomy":"post_tag","embeddable":true,"href":"https:\/\/akdenizolaygazetesi.com\/index.php?rest_route=%2Fwp%2Fv2%2Ftags&post=26870"}],"curies":[{"name":"wp","href":"https:\/\/api.w.org\/{rel}","templated":true}]}}