{"id":26879,"date":"2023-07-21T13:41:57","date_gmt":"2023-07-21T10:41:57","guid":{"rendered":"http:\/\/akdenizolaygazetesi.com\/?p=26879"},"modified":"2023-07-21T13:41:57","modified_gmt":"2023-07-21T10:41:57","slug":"baskan-gultak-engelli-vatandaslarin-yaninda","status":"publish","type":"post","link":"https:\/\/akdenizolaygazetesi.com\/?p=26879","title":{"rendered":"BA\u015eKAN G\u00dcLTAK, ENGELL\u0130 VATANDA\u015eLARIN YANINDA"},"content":{"rendered":"<p>Akdeniz Belediye Ba\u015fkan\u0131 M. Mustafa G\u00fcltak, il\u00e7ede ya\u015fayan ve ihtiya\u00e7 duyulan engelli vatanda\u015flar\u0131n her zaman yanlar\u0131nda olduklar\u0131n\u0131 belirterek, \u201cKad\u0131n ve Aile Hizmetleri M\u00fcd\u00fcrl\u00fc\u011f\u00fc personellerimiz arac\u0131l\u0131\u011f\u0131yla, ihtiyac\u0131 olan vatanda\u015flar\u0131m\u0131za, evde bak\u0131m ve kuaf\u00f6r hizmeti veriyoruz\u201d dedi.<\/p>\n<p>Akdeniz Belediye Ba\u015fkan\u0131 M. Mustafa G\u00fcltak, Kad\u0131n ve Aile Hizmetleri M\u00fcd\u00fcrl\u00fc\u011f\u00fc taraf\u0131ndan evde bak\u0131m hizmeti verilen Karabulut \u00e7iftini ziyaret etti. Ziyarette \u00e7ift ile sohbet eden Ba\u015fkan G\u00fcltak, belediye olarak, her zaman yanlar\u0131nda olduklar\u0131n\u0131 vurgulad\u0131. Karabulut \u00e7ifti ise Ba\u015fkan G\u00fcltak\u2019tan y\u00fcr\u00fcte\u00e7 ve tekerlekli sandalye talep etti. <\/p>\n<p>EVDE BAKIM VE KUAF\u00d6R H\u0130ZMET\u0130 VER\u0130LD\u0130<br \/>\nE\u015fi Mehmet Nuri Karabulut ile ya\u015fayan Fatma Karabulut, 3 y\u0131l \u00f6nce ge\u00e7irdi\u011fi bir rahats\u0131zl\u0131k dolay\u0131s\u0131yla fel\u00e7 ge\u00e7irdi. Yata\u011fa ba\u011f\u0131ml\u0131 kalan, \u00f6z bak\u0131m\u0131n\u0131 kendi yapamayan Karabulut, e\u015finden destek almadan ya\u015fam\u0131n\u0131 s\u00fcrd\u00fcremiyordu. E\u015finin de ge\u00e7irdi\u011fi baz\u0131 rahats\u0131zl\u0131klardan dolay\u0131 sa\u011f elinin fel\u00e7 kalmas\u0131 ve mide ameliyat\u0131 olmas\u0131 dolay\u0131s\u0131yla zor g\u00fcnler ya\u015famaya ba\u015flad\u0131. \u00c7iftin ba\u015fvurusu \u00fczerine Akdeniz Belediyesi Kad\u0131n ve Aile Hizmetleri M\u00fcd\u00fcrl\u00fc\u011f\u00fc ekipleri, evde bak\u0131m hizmeti vermeye ba\u015flad\u0131. G\u0131da kolisi, ev temizli\u011fi ve kuaf\u00f6r hizmeti gibi hizmetler veren ekipler, adeta Karabulut \u00e7iftinin eli aya\u011f\u0131 oldu. <\/p>\n<p>Akdeniz Belediye Ba\u015fkan\u0131 Mustafa G\u00fcltak\u2019\u0131n da ziyaret etti\u011fi \u00e7ift, y\u00fcr\u00fcte\u00e7 ve tekerlekli sandalye istedi. Akdeniz Belediyesi\u2019ne ba\u011fl\u0131 personeller Ba\u015fkan G\u00fcltak\u2019\u0131n talimat\u0131 \u00fczerine, k\u0131sa s\u00fcrede aileye y\u00fcr\u00fcte\u00e7 ve tekerlekli sandalye hediye etti. <\/p>\n<p>\u201cAKDEN\u0130Z BELED\u0130YES\u0130 PERSONELLER\u0130 B\u0130Z\u0130 H\u0130\u00c7 YALNIZ BIRAKMADI\u201d<br \/>\nTekerlekli sandalye hediye eden Ba\u015fkan G\u00fcltak\u2019a te\u015fekk\u00fcr eden Fatma Karabulut, 3 y\u0131ld\u0131r yata\u011fa ba\u011f\u0131ml\u0131 ya\u015fad\u0131\u011f\u0131n\u0131 kaydederek, \u201c\u00c7ok zor g\u00fcnler ge\u00e7irdim. Tek ba\u015f\u0131ma zaten hareket edemiyorum arada e\u015fim bana yard\u0131m ediyordu. Ancak o da rahats\u0131zlan\u0131nca hareket edemez oldum. Hatta birka\u00e7 g\u00fcn \u00f6nce d\u00fc\u015ft\u00fcm, daha k\u00f6t\u00fc oldum. Sa\u011f olsun, Akdeniz Belediyesi personelleri bizi hi\u00e7 yaln\u0131z b\u0131rakm\u0131yor. Evimizi temizliyorlar, kuaf\u00f6r hizmeti yap\u0131yorlar. Ba\u015fkan\u0131m\u0131zdan tekerlekli sandalye istemi\u015ftim onu da g\u00f6nderdi. Allah ondan raz\u0131 olsun. \u00c7ok te\u015fekk\u00fcr ediyorum\u201d ifadelerini kulland\u0131.<\/p>\n","protected":false},"excerpt":{"rendered":"<p>Akdeniz Belediye Ba\u015fkan\u0131 M. Mustafa G\u00fcltak, il\u00e7ede ya\u015fayan ve ihtiya\u00e7 duyulan engelli vatanda\u015flar\u0131n her zaman yanlar\u0131nda olduklar\u0131n\u0131 belirterek, \u201cKad\u0131n ve Aile Hizmetleri M\u00fcd\u00fcrl\u00fc\u011f\u00fc personellerimiz arac\u0131l\u0131\u011f\u0131yla, ihtiyac\u0131 olan vatanda\u015flar\u0131m\u0131za, evde bak\u0131m &hellip; <a href=\"https:\/\/akdenizolaygazetesi.com\/?p=26879\" class=\"more-link\">Devam\u0131n\u0131 Oku&#8230;<\/a><\/p>\n","protected":false},"author":2,"featured_media":26880,"comment_status":"open","ping_status":"open","sticky":false,"template":"","format":"standard","meta":[],"categories":[3,9],"tags":[],"_links":{"self":[{"href":"https:\/\/akdenizolaygazetesi.com\/index.php?rest_route=\/wp\/v2\/posts\/26879"}],"collection":[{"href":"https:\/\/akdenizolaygazetesi.com\/index.php?rest_route=\/wp\/v2\/posts"}],"about":[{"href":"https:\/\/akdenizolaygazetesi.com\/index.php?rest_route=\/wp\/v2\/types\/post"}],"author":[{"embeddable":true,"href":"https:\/\/akdenizolaygazetesi.com\/index.php?rest_route=\/wp\/v2\/users\/2"}],"replies":[{"embeddable":true,"href":"https:\/\/akdenizolaygazetesi.com\/index.php?rest_route=%2Fwp%2Fv2%2Fcomments&post=26879"}],"version-history":[{"count":1,"href":"https:\/\/akdenizolaygazetesi.com\/index.php?rest_route=\/wp\/v2\/posts\/26879\/revisions"}],"predecessor-version":[{"id":26881,"href":"https:\/\/akdenizolaygazetesi.com\/index.php?rest_route=\/wp\/v2\/posts\/26879\/revisions\/26881"}],"wp:featuredmedia":[{"embeddable":true,"href":"https:\/\/akdenizolaygazetesi.com\/index.php?rest_route=\/wp\/v2\/media\/26880"}],"wp:attachment":[{"href":"https:\/\/akdenizolaygazetesi.com\/index.php?rest_route=%2Fwp%2Fv2%2Fmedia&parent=26879"}],"wp:term":[{"taxonomy":"category","embeddable":true,"href":"https:\/\/akdenizolaygazetesi.com\/index.php?rest_route=%2Fwp%2Fv2%2Fcategories&post=26879"},{"taxonomy":"post_tag","embeddable":true,"href":"https:\/\/akdenizolaygazetesi.com\/index.php?rest_route=%2Fwp%2Fv2%2Ftags&post=26879"}],"curies":[{"name":"wp","href":"https:\/\/api.w.org\/{rel}","templated":true}]}}