{"id":26933,"date":"2023-07-26T12:46:40","date_gmt":"2023-07-26T09:46:40","guid":{"rendered":"http:\/\/akdenizolaygazetesi.com\/?p=26933"},"modified":"2023-07-26T12:46:40","modified_gmt":"2023-07-26T09:46:40","slug":"prof-dr-melih-boydak-tan-bolge-muduru-yalcin-a-ziyaret","status":"publish","type":"post","link":"https:\/\/akdenizolaygazetesi.com\/?p=26933","title":{"rendered":"Prof.Dr. Melih Boydak \u2018tan B\u00f6lge M\u00fcd\u00fcr\u00fc Yal\u00e7\u0131n \u2019a Ziyaret"},"content":{"rendered":"<p>\u0130stanbul \u00dcniversitesi A\u011fa\u00e7land\u0131rma Ana Bilim Dal\u0131 Emekli \u00d6\u011fretim G\u00f6revlisi Prof. Dr. Melih Boydak Mersin Orman B\u00f6lge M\u00fcd\u00fcr\u00fc Mustafa Yal\u00e7\u0131n \u2018\u0131 makam\u0131nda ziyaret etti. Ziyarete Orman Genel M\u00fcd\u00fcrl\u00fc\u011f\u00fc Sivil K\u00fclt\u00fcr Daire Ba\u015fkan Yard\u0131mc\u0131s\u0131 U\u011fur T\u00fcfek\u00e7io\u011flu \u2019da haz\u0131r bulundu.<\/p>\n<p>Emekli \u00d6\u011fretim G\u00f6revlisi Prof. Dr. Melih Boydak Karstik Alanlar\u0131n KSE (Karpelli Sedir Ekimi) y\u00f6ntemleri ile ormanla\u015ft\u0131r\u0131lma \u00e7al\u0131\u015fmalar\u0131 kapsam\u0131nda Orman B\u00f6lge M\u00fcd\u00fcr\u00fcm\u00fcz Yal\u00e7\u0131n \u2018la kar\u015f\u0131l\u0131kl\u0131 fikir al\u0131\u015fveri\u015finde bulundular.<\/p>\n<p>B\u00f6lge M\u00fcd\u00fcr\u00fc Yal\u00e7\u0131n, Emekli \u00d6\u011fretim G\u00f6revlisi Prof. Dr. Melih Boydak \u2018a duydu\u011fu memnuniyeti dile getirdi ve nazik ziyaretlerinden dolay\u0131 te\u015fekk\u00fcr ederek \u00e7al\u0131\u015fmalar\u0131nda ba\u015far\u0131lar ve sa\u011fl\u0131kl\u0131 uzun \u00f6m\u00fcrler diledi.  <\/p>\n","protected":false},"excerpt":{"rendered":"<p>\u0130stanbul \u00dcniversitesi A\u011fa\u00e7land\u0131rma Ana Bilim Dal\u0131 Emekli \u00d6\u011fretim G\u00f6revlisi Prof. Dr. Melih Boydak Mersin Orman B\u00f6lge M\u00fcd\u00fcr\u00fc Mustafa Yal\u00e7\u0131n \u2018\u0131 makam\u0131nda ziyaret etti. Ziyarete Orman Genel M\u00fcd\u00fcrl\u00fc\u011f\u00fc Sivil K\u00fclt\u00fcr Daire &hellip; <a href=\"https:\/\/akdenizolaygazetesi.com\/?p=26933\" class=\"more-link\">Devam\u0131n\u0131 Oku&#8230;<\/a><\/p>\n","protected":false},"author":2,"featured_media":26934,"comment_status":"open","ping_status":"open","sticky":false,"template":"","format":"standard","meta":[],"categories":[3],"tags":[],"_links":{"self":[{"href":"https:\/\/akdenizolaygazetesi.com\/index.php?rest_route=\/wp\/v2\/posts\/26933"}],"collection":[{"href":"https:\/\/akdenizolaygazetesi.com\/index.php?rest_route=\/wp\/v2\/posts"}],"about":[{"href":"https:\/\/akdenizolaygazetesi.com\/index.php?rest_route=\/wp\/v2\/types\/post"}],"author":[{"embeddable":true,"href":"https:\/\/akdenizolaygazetesi.com\/index.php?rest_route=\/wp\/v2\/users\/2"}],"replies":[{"embeddable":true,"href":"https:\/\/akdenizolaygazetesi.com\/index.php?rest_route=%2Fwp%2Fv2%2Fcomments&post=26933"}],"version-history":[{"count":1,"href":"https:\/\/akdenizolaygazetesi.com\/index.php?rest_route=\/wp\/v2\/posts\/26933\/revisions"}],"predecessor-version":[{"id":26935,"href":"https:\/\/akdenizolaygazetesi.com\/index.php?rest_route=\/wp\/v2\/posts\/26933\/revisions\/26935"}],"wp:featuredmedia":[{"embeddable":true,"href":"https:\/\/akdenizolaygazetesi.com\/index.php?rest_route=\/wp\/v2\/media\/26934"}],"wp:attachment":[{"href":"https:\/\/akdenizolaygazetesi.com\/index.php?rest_route=%2Fwp%2Fv2%2Fmedia&parent=26933"}],"wp:term":[{"taxonomy":"category","embeddable":true,"href":"https:\/\/akdenizolaygazetesi.com\/index.php?rest_route=%2Fwp%2Fv2%2Fcategories&post=26933"},{"taxonomy":"post_tag","embeddable":true,"href":"https:\/\/akdenizolaygazetesi.com\/index.php?rest_route=%2Fwp%2Fv2%2Ftags&post=26933"}],"curies":[{"name":"wp","href":"https:\/\/api.w.org\/{rel}","templated":true}]}}