{"id":26936,"date":"2023-07-26T12:48:08","date_gmt":"2023-07-26T09:48:08","guid":{"rendered":"http:\/\/akdenizolaygazetesi.com\/?p=26936"},"modified":"2023-07-26T12:48:08","modified_gmt":"2023-07-26T09:48:08","slug":"mahalle-mutfaklari-sofralara-can-suyu-olmaya-devam-ediyor","status":"publish","type":"post","link":"https:\/\/akdenizolaygazetesi.com\/?p=26936","title":{"rendered":"MAHALLE MUTFAKLARI SOFRALARA CAN SUYU OLMAYA DEVAM ED\u0130YOR"},"content":{"rendered":"<p>Sosyal belediyecilikte birbirinden \u00f6nemli hizmetlere imza atan Ba\u015fkan Vahap Se\u00e7er&#8217;in, 2020 y\u0131l\u0131ndan itibaren hizmete sundu\u011fu Mahalle Mutfaklar\u0131 projesi dar gelirli vatanda\u015flara \u00e7ok c\u00fczi fiyat ile kaliteli ve doyurucu yeme\u011fe ula\u015fma f\u0131rsat\u0131 sunmaya devam ediyor.<\/p>\n<p>38 noktada 3 \u00e7e\u015fit yemek 6 liraya sunuluyor<br \/>\nSosyal Hizmetler Dairesi Ba\u015fkanl\u0131\u011f\u0131 b\u00fcnyesinde 2020 y\u0131l\u0131nda ba\u015flayan ve her g\u00fcn binlerce dar gelirli vatanda\u015f\u0131n faydaland\u0131\u011f\u0131 projeden, art\u0131k orta s\u0131n\u0131f olarak adland\u0131r\u0131lan kesim de faydalan\u0131yor. Al\u0131m g\u00fcc\u00fc azalan vatanda\u015flar, b\u00fct\u00e7elerine bir nebze de olsa katk\u0131 sunmas\u0131 i\u00e7in B\u00fcy\u00fck\u015fehir Belediyesi&#8217;nin &#8216;Mahalle Mutfaklar\u0131&#8217;n\u0131 tercih ediyor. A\u015fhanede pi\u015fen ve kent genelinde 38 noktada bulunan mutfaklara ula\u015ft\u0131r\u0131lan sa\u011fl\u0131kl\u0131 ve ucuz yemekler, vatanda\u015f\u0131n imdad\u0131na yeti\u015fiyor. 6 lira gibi sembolik bir \u00fccrete 3 \u00e7e\u015fit yemek alabilme imkan\u0131 bulan vatanda\u015flar ise projeden son derece memnun.<\/p>\n<p>B\u00fcy\u00fck\u015fehir&#8217;in &#8216;Mahalle Mutfaklar\u0131&#8217;nda g\u00fcnl\u00fck sunulan paket yemek say\u0131s\u0131, yaz ve k\u0131\u015f mevsimine g\u00f6re de\u011fi\u015fiyor. K\u0131\u015f aylar\u0131nda g\u00fcnl\u00fck ortalama 5 bin paket yemek vatanda\u015flarla bulu\u015fuyor. Yaz aylar\u0131nda ise vatanda\u015flar\u0131n yaylalara ve sahil kesimine yerle\u015fmesi, \u00f6zellikle \u00fcniversite \u00f6\u011frencilerinin de tatile girmesi g\u00f6z \u00f6n\u00fcnde bulundurularak 3 bin paket yemek sunuluyor. Projenin ba\u015flad\u0131\u011f\u0131 2020 y\u0131l\u0131ndan bu yana ise toplamda 2 milyon paketten fazla yemek da\u011f\u0131t\u0131m\u0131 ger\u00e7ekle\u015ftirildi.<\/p>\n<p>Yal\u00e7\u0131n: &#8220;Bug\u00fcne kadar 2 milyon paketten fazla yemek sunduk&#8221;<br \/>\nSosyal Hizmetler Dairesi&#8217;ne ba\u011fl\u0131 A\u015fhane&#8217;de g\u00f6rev yapan Hakan Yal\u00e7\u0131n, &#8220;G\u00fcnl\u00fck yemek hizmetimiz yaz aylar\u0131nda 3 bin, k\u0131\u015f aylar\u0131nda 5 bin adet oluyor. Yaz aylar\u0131nda d\u00fc\u015f\u00fck olmas\u0131n\u0131n sebebi vatanda\u015flar\u0131m\u0131z\u0131n yazl\u0131\u011fa, k\u00f6ylere ve \u00f6zellikle \u00fcniversite \u00f6\u011frencilerinin memleketlerine gitmeleri. Bug\u00fcne kadar 38 Mahalle Mutfa\u011f\u0131 noktam\u0131zda, 2 milyon paketten fazla yemek hizmeti sunduk. Bu say\u0131 gittik\u00e7e de artarak devam edecek. Burada amac\u0131m\u0131z; insanlar\u0131m\u0131z\u0131n ekonomik s\u0131k\u0131nt\u0131 \u00e7ekti\u011fi \u015fu g\u00fcnlerde, 6 lira gibi sembolik bir \u00fccretle b\u00fct\u00e7elerine katk\u0131da bulunmakt\u0131r&#8221; dedi.<\/p>\n<p>&#8220;Bir tek B\u00fcy\u00fck\u015fehir Belediyesi&#8217;nden fayda g\u00f6r\u00fcyoruz&#8221;<br \/>\nMahalle Mutfaklar\u0131&#8217;ndan faydalanan vatanda\u015flardan Hasan Karada\u011f, her ge\u00e7en g\u00fcn al\u0131m g\u00fcc\u00fcn\u00fcn azald\u0131\u011f\u0131n\u0131 belirterek, &#8220;\u015eu anda \u00fclkenin durumu belli. Bir tek B\u00fcy\u00fck\u015fehir Belediyesi&#8217;nden fayda g\u00f6r\u00fcyoruz. \u0130htiyac\u0131 olanlara yard\u0131mc\u0131 oluyor. Zaten emekli maa\u015f\u0131 yetmiyor, ma\u011fazalara gitmiyoruz. Sanki uzayda ya\u015f\u0131yoruz gibi. Fiyatlar\u0131 g\u00f6r\u00fcyor ve geri ka\u00e7\u0131yoruz&#8221; diye konu\u015ftu.<\/p>\n<p>&#8220;Alamad\u0131\u011f\u0131m\u0131z eti buradaki yeme\u011fin i\u00e7inde bulabiliyoruz&#8221;<br \/>\nMahalle Mutfa\u011f\u0131&#8217;ndan faydalanan Mehmet G\u00fclo\u011flu, pahal\u0131l\u0131ktan alamad\u0131klar\u0131 hayvansal g\u0131day\u0131 B\u00fcy\u00fck\u015fehir Belediyesi&#8217;nin yemeklerinde bulduklar\u0131n\u0131 belirterek, &#8220;Yap\u0131lan iyiliklere, yap\u0131lan yard\u0131mlara \u00e7ok te\u015fekk\u00fcr ederim. Bu yoksulluk zaman\u0131nda b\u00fcy\u00fck bir faydas\u0131 oluyor&#8221; derken, yemekleri de lezzetli buldu\u011funu ekleyerek, &#8220;Yemekler \u00e7ok g\u00fczel. Evimizde yap\u0131lan yemeklerin hemen hemen ayn\u0131s\u0131. Bazen bulamad\u0131\u011f\u0131m\u0131z malzemeyi burada buluyoruz. Alamad\u0131\u011f\u0131m\u0131z eti buradaki yemeklerde bulabiliyoruz. Ne mutlu bize&#8221; ifadelerini kulland\u0131.<\/p>\n<p>&#8220;\u015eimdi 6 liraya ne var ki?&#8221;<br \/>\nSemra Keser de hayat pahal\u0131l\u0131\u011f\u0131 dolay\u0131s\u0131yla zor ge\u00e7indiklerini ifade ederken, B\u00fcy\u00fck\u015fehir&#8217;in &#8216;Mahalle Mutfaklar\u0131&#8217;nda verilen yemeklerin \u00fccretinin \u00e7ok makul oldu\u011funu belirtti. Keser, &#8220;\u015eimdi 6 liraya ne var ki? \u00c7ar\u015f\u0131da dola\u015f\u0131p geldim, isyan etmek istiyorum. Bizi bu hale d\u00fc\u015f\u00fcrenlere k\u0131zmak gerekiyor. Ben belediyemizden memnunum. E\u015fim emekli polis memuru, ama bir maa\u015f yetmiyor&#8221; dedi.<\/p>\n<p>&#8220;Herkes gelip alabiliyor, faydalan\u0131yor&#8221;<br \/>\nYemekleri lezzetli buldu\u011funu belirten Leyla Yorulmaz da, &#8220;\u00c7ok be\u011feniyoruz. Hem kad\u0131n\u0131 yorulmaktan kurtar\u0131yor, hem de tasarruf etmi\u015f oluyorsun. Gelip burada pi\u015fmi\u015f yemek al\u0131p g\u00f6t\u00fcr\u00fcyorsun. Herkes gelip alabiliyor, faydalan\u0131yor. Bu hizmetinden dolay\u0131 Vahap Se\u00e7er&#8217;e te\u015fekk\u00fcr ediyoruz. Mersin&#8217;de yapt\u0131\u011f\u0131 t\u00fcm hizmetlerden memnunuz&#8221; diye konu\u015ftu.<\/p>\n","protected":false},"excerpt":{"rendered":"<p>Sosyal belediyecilikte birbirinden \u00f6nemli hizmetlere imza atan Ba\u015fkan Vahap Se\u00e7er&#8217;in, 2020 y\u0131l\u0131ndan itibaren hizmete sundu\u011fu Mahalle Mutfaklar\u0131 projesi dar gelirli vatanda\u015flara \u00e7ok c\u00fczi fiyat ile kaliteli ve doyurucu yeme\u011fe ula\u015fma &hellip; <a href=\"https:\/\/akdenizolaygazetesi.com\/?p=26936\" class=\"more-link\">Devam\u0131n\u0131 Oku&#8230;<\/a><\/p>\n","protected":false},"author":2,"featured_media":26937,"comment_status":"open","ping_status":"open","sticky":false,"template":"","format":"standard","meta":[],"categories":[8,2,3],"tags":[],"_links":{"self":[{"href":"https:\/\/akdenizolaygazetesi.com\/index.php?rest_route=\/wp\/v2\/posts\/26936"}],"collection":[{"href":"https:\/\/akdenizolaygazetesi.com\/index.php?rest_route=\/wp\/v2\/posts"}],"about":[{"href":"https:\/\/akdenizolaygazetesi.com\/index.php?rest_route=\/wp\/v2\/types\/post"}],"author":[{"embeddable":true,"href":"https:\/\/akdenizolaygazetesi.com\/index.php?rest_route=\/wp\/v2\/users\/2"}],"replies":[{"embeddable":true,"href":"https:\/\/akdenizolaygazetesi.com\/index.php?rest_route=%2Fwp%2Fv2%2Fcomments&post=26936"}],"version-history":[{"count":1,"href":"https:\/\/akdenizolaygazetesi.com\/index.php?rest_route=\/wp\/v2\/posts\/26936\/revisions"}],"predecessor-version":[{"id":26938,"href":"https:\/\/akdenizolaygazetesi.com\/index.php?rest_route=\/wp\/v2\/posts\/26936\/revisions\/26938"}],"wp:featuredmedia":[{"embeddable":true,"href":"https:\/\/akdenizolaygazetesi.com\/index.php?rest_route=\/wp\/v2\/media\/26937"}],"wp:attachment":[{"href":"https:\/\/akdenizolaygazetesi.com\/index.php?rest_route=%2Fwp%2Fv2%2Fmedia&parent=26936"}],"wp:term":[{"taxonomy":"category","embeddable":true,"href":"https:\/\/akdenizolaygazetesi.com\/index.php?rest_route=%2Fwp%2Fv2%2Fcategories&post=26936"},{"taxonomy":"post_tag","embeddable":true,"href":"https:\/\/akdenizolaygazetesi.com\/index.php?rest_route=%2Fwp%2Fv2%2Ftags&post=26936"}],"curies":[{"name":"wp","href":"https:\/\/api.w.org\/{rel}","templated":true}]}}